{"id":145070,"date":"2022-02-14T17:37:07","date_gmt":"2022-02-14T16:37:07","guid":{"rendered":"https:\/\/die-webzeitung.de\/stuttgart\/?p=145070"},"modified":"2022-02-14T17:37:40","modified_gmt":"2022-02-14T16:37:40","slug":"eqs-fuer-ministerpraesident-kretschmann","status":"publish","type":"post","link":"https:\/\/die-webzeitung.de\/stuttgart\/2022\/02\/14\/eqs-fuer-ministerpraesident-kretschmann\/","title":{"rendered":"EQS f\u00fcr Ministerpr\u00e4sident Kretschmann"},"content":{"rendered":"<h5 style=\"text-align: justify;\"><strong>Landesspitze Baden-W\u00fcrttemberg setzt auf reichweitenstarke Elektromobilit\u00e4t<\/strong><\/h5>\n<p style=\"text-align: justify;\">Stuttgart.| Technologie, Design, Funktionalit\u00e4t und Konnektivit\u00e4t in einer vollelektrischen Luxuslimousine: Das zeichnet den neuen Dienstwagen von Baden-W\u00fcrttembergs Ministerpr\u00e4sident Winfried Kretschmann aus. Mercedes-Benz Vertriebsvorst\u00e4ndin Britta Seeger \u00fcbergab heute im Staatsministerium in Stuttgart einen EQS 580 4MATIC (Stromverbrauch NEFZ kombiniert: 19,6-17,6 kWh\/100 km; CO2-Emissionen: 0 g\/km) an den Regierungschef. Das Flaggschiff der Mercedes-EQ Familie verk\u00f6rpert nicht nur die strategische Transformation von Mercedes-Benz, sondern ist auch ein Symbol f\u00fcr die Wettbewerbsf\u00e4higkeit des Wirtschaftsstandorts Baden-W\u00fcrttemberg auf dem Weg in eine emissionsfreie Zukunft.<\/p>\n<p style=\"text-align: justify;\">Der EQS wird im Mercedes-Benz Werk Sindelfingen CO2-neutral f\u00fcr den Weltmarkt produziert und verf\u00fcgt \u00fcber Reichweiten von bis zu 784 Kilometern (nach WLTP) und eine Leistung von bis zu 385 kW. Angeschlossen an eine Schnellladestation mit Gleichstrom ist schon nach 15 Minuten Strom f\u00fcr bis zu weitere 300 Kilometer (WLTP) nachgeladen. Aber auch zuhause oder an \u00f6ffentlichen Ladestationen kann der EQS mit Hilfe des Onboard-Laders komfortabel mit Wechselstrom aufgeladen werden. Der EQS ist seit Sommer 2021 in Europa bestellbar.<\/p>\n<p style=\"text-align: justify;\">\u201eMein neues Dienstfahrzeug ist ein sehr gutes Beispiel f\u00fcr nachhaltige Mobilit\u00e4t, made in Baden-W\u00fcrttemberg\u2018. Als erste vollelektrische Limousine aus dem Hause Mercedes-Benz setzt es Ma\u00dfst\u00e4be bei Effizienz und Klimaschutz. Weiterhin geht auch die gesamte Landesverwaltung bei der emissionsarmen Mobilit\u00e4t voraus\u201c, so Ministerpr\u00e4sident Winfried Kretschmann. \u201eDeutschland muss vom Weltmeister im Ziele setzen zum Weltmeister im Umsetzen werden, wenn die Transformation der Automobilindustrie gelingen soll. Schlie\u00dflich h\u00e4ngen an dieser Transformation hierzulande auch hunderttausende Arbeitspl\u00e4tze. Mit unserem Strategiedialog Automobilwirtschaft BW holt meine Landesregierung deswegen Politik, Wirtschaft, Wissenschaft und Gesellschaft an einen Tisch, um diesen Wandel zu begleiten. Zur St\u00e4rkung der Elektromobilit\u00e4t haben wir schon einiges auf den Weg gebracht. So haben beispielsweise unsere Ladeinfrastruktur-Projekte SAFE BW, INPUT oder Charge@BW Fr\u00fcchte getragen: Im bundesweiten Vergleich weist Baden-W\u00fcrttemberg inzwischen eines der dichtesten Netze an Ladepunkten vor.\u201c<\/p>\n<p style=\"text-align: justify;\">Britta Seeger, Mitglied des Vorstandes der Mercedes-Benz Group AG, verantwortlich f\u00fcr Vertrieb: \u201eDie Marke Mercedes-Benz ist seit jeher eng mit Baden-W\u00fcrttemberg verbunden. F\u00fcr uns ist es eine gro\u00dfe Ehre und Freude, Ministerpr\u00e4sident Winfried Kretschmann erneut das Dienstfahrzeug zur Verf\u00fcgung zu stellen. Der EQS steht f\u00fcr unseren Anspruch auf dem Weg in eine emissionsfreie und softwaregetriebene Zukunft. Er setzt Ma\u00dfst\u00e4be bei der Reichweite und ist der Beginn einer neuen \u00c4ra \u2013 bis zum Ende des Jahrzehnts wird Mercedes-Benz bereit sein, vollelektrisch zu werden. Um dieses Ziel zu erreichen, ist ein Schulterschluss zwischen Wirtschaft und Politik entscheidend \u2013 insbesondere im Hinblick auf den schnellen Ausbau einer fl\u00e4chendeckenden Ladeinfrastruktur und die Verf\u00fcgbarkeit von gr\u00fcnem Strom.\u201c<\/p>\n<hr \/>\n<p style=\"text-align: justify;\">\n","protected":false},"excerpt":{"rendered":"<p>Landesspitze Baden-W\u00fcrttemberg setzt auf reichweitenstarke Elektromobilit\u00e4t Stuttgart.| Technologie, Design, Funktionalit\u00e4t und Konnektivit\u00e4t in einer vollelektrischen Luxuslimousine: Das zeichnet den neuen Dienstwagen von Baden-W\u00fcrttembergs Ministerpr\u00e4sident Winfried Kretschmann aus. Mercedes-Benz Vertriebsvorst\u00e4ndin Britta Seeger \u00fcbergab heute im Staatsministerium in Stuttgart einen EQS 580 4MATIC (Stromverbrauch NEFZ kombiniert: 19,6-17,6 kWh\/100 km; CO2-Emissionen: 0 g\/km) an den Regierungschef. Das Flaggschiff [&hellip;]<\/p>\n","protected":false},"author":4,"featured_media":145071,"comment_status":"closed","ping_status":"open","sticky":false,"template":"","format":"standard","meta":{"inline_featured_image":false,"_exactmetrics_skip_tracking":false,"_exactmetrics_sitenote_active":false,"_exactmetrics_sitenote_note":"","_exactmetrics_sitenote_category":0,"footnotes":""},"categories":[59,9098],"tags":[4,14857,17288,17286,5,687,142,17287,68,9,275],"class_list":{"0":"post-145070","1":"post","2":"type-post","3":"status-publish","4":"format-standard","5":"has-post-thumbnail","7":"category-aktuell","8":"category-baden-wuerttemberg","9":"tag-baden-wurttemberg","10":"tag-die-webzeitung","11":"tag-dienstwagen","12":"tag-eqs","13":"tag-internetzeitung","14":"tag-kretschmann","15":"tag-mercedes","16":"tag-ministerpraesident","17":"tag-online-zeitung","18":"tag-schaumedia","19":"tag-stuttgart"},"image_feature":"https:\/\/die-webzeitung.de\/stuttgart\/wp-content\/uploads\/sites\/4\/2022\/02\/22C0042_002.jpg","author_name":"Redaktion","pure_taxonomies":{"categories":[{"term_id":59,"name":"Aktuell","slug":"aktuell","term_group":0,"term_taxonomy_id":60,"taxonomy":"category","description":"","parent":0,"count":1018,"filter":"raw","image":""},{"term_id":9098,"name":"Baden-W\u00fcrttemberg","slug":"baden-wuerttemberg","term_group":0,"term_taxonomy_id":9124,"taxonomy":"category","description":"","parent":171,"count":238,"filter":"raw","image":""}],"tags":[{"term_id":4,"name":"Baden-W\u00fcrttemberg","slug":"baden-wurttemberg","term_group":0,"term_taxonomy_id":4,"taxonomy":"post_tag","description":"","parent":0,"count":136,"filter":"raw","image":""},{"term_id":14857,"name":"Die-Webzeitung","slug":"die-webzeitung","term_group":0,"term_taxonomy_id":14876,"taxonomy":"post_tag","description":"","parent":0,"count":3628,"filter":"raw","image":""},{"term_id":17288,"name":"Dienstwagen","slug":"dienstwagen","term_group":0,"term_taxonomy_id":17307,"taxonomy":"post_tag","description":"","parent":0,"count":1,"filter":"raw","image":""},{"term_id":17286,"name":"EQS","slug":"eqs","term_group":0,"term_taxonomy_id":17305,"taxonomy":"post_tag","description":"","parent":0,"count":1,"filter":"raw","image":""},{"term_id":5,"name":"Internetzeitung","slug":"internetzeitung","term_group":0,"term_taxonomy_id":5,"taxonomy":"post_tag","description":"","parent":0,"count":1461,"filter":"raw","image":""},{"term_id":687,"name":"Kretschmann","slug":"kretschmann","term_group":0,"term_taxonomy_id":695,"taxonomy":"post_tag","description":"","parent":0,"count":1,"filter":"raw","image":""},{"term_id":142,"name":"Mercedes","slug":"mercedes","term_group":0,"term_taxonomy_id":144,"taxonomy":"post_tag","description":"","parent":0,"count":3,"filter":"raw","image":""},{"term_id":17287,"name":"Ministerpr\u00e4sident","slug":"ministerpraesident","term_group":0,"term_taxonomy_id":17306,"taxonomy":"post_tag","description":"","parent":0,"count":1,"filter":"raw","image":""},{"term_id":68,"name":"Online-Zeitung","slug":"online-zeitung","term_group":0,"term_taxonomy_id":69,"taxonomy":"post_tag","description":"","parent":0,"count":3598,"filter":"raw","image":""},{"term_id":9,"name":"SchauMedia","slug":"schaumedia","term_group":0,"term_taxonomy_id":9,"taxonomy":"post_tag","description":"","parent":0,"count":1607,"filter":"raw","image":""},{"term_id":275,"name":"Stuttgart","slug":"stuttgart","term_group":0,"term_taxonomy_id":281,"taxonomy":"post_tag","description":"","parent":0,"count":1196,"filter":"raw","image":""}]},"_links":{"self":[{"href":"https:\/\/die-webzeitung.de\/stuttgart\/wp-json\/wp\/v2\/posts\/145070","targetHints":{"allow":["GET"]}}],"collection":[{"href":"https:\/\/die-webzeitung.de\/stuttgart\/wp-json\/wp\/v2\/posts"}],"about":[{"href":"https:\/\/die-webzeitung.de\/stuttgart\/wp-json\/wp\/v2\/types\/post"}],"author":[{"embeddable":true,"href":"https:\/\/die-webzeitung.de\/stuttgart\/wp-json\/wp\/v2\/users\/4"}],"replies":[{"embeddable":true,"href":"https:\/\/die-webzeitung.de\/stuttgart\/wp-json\/wp\/v2\/comments?post=145070"}],"version-history":[{"count":1,"href":"https:\/\/die-webzeitung.de\/stuttgart\/wp-json\/wp\/v2\/posts\/145070\/revisions"}],"predecessor-version":[{"id":145072,"href":"https:\/\/die-webzeitung.de\/stuttgart\/wp-json\/wp\/v2\/posts\/145070\/revisions\/145072"}],"wp:featuredmedia":[{"embeddable":true,"href":"https:\/\/die-webzeitung.de\/stuttgart\/wp-json\/wp\/v2\/media\/145071"}],"wp:attachment":[{"href":"https:\/\/die-webzeitung.de\/stuttgart\/wp-json\/wp\/v2\/media?parent=145070"}],"wp:term":[{"taxonomy":"category","embeddable":true,"href":"https:\/\/die-webzeitung.de\/stuttgart\/wp-json\/wp\/v2\/categories?post=145070"},{"taxonomy":"post_tag","embeddable":true,"href":"https:\/\/die-webzeitung.de\/stuttgart\/wp-json\/wp\/v2\/tags?post=145070"}],"curies":[{"name":"wp","href":"https:\/\/api.w.org\/{rel}","templated":true}]}}