{"id":145062,"date":"2022-02-14T15:21:53","date_gmt":"2022-02-14T14:21:53","guid":{"rendered":"https:\/\/die-webzeitung.de\/stuttgart\/2022\/02\/14\/whs-erzielt-verkaufsrekord-und-erweitert-portfolio\/"},"modified":"2022-02-14T15:21:53","modified_gmt":"2022-02-14T14:21:53","slug":"whs-erzielt-verkaufsrekord-und-erweitert-portfolio","status":"publish","type":"post","link":"https:\/\/die-webzeitung.de\/stuttgart\/2022\/02\/14\/whs-erzielt-verkaufsrekord-und-erweitert-portfolio\/","title":{"rendered":"WHS erzielt Verkaufsrekord und erweitert Portfolio"},"content":{"rendered":"<p style=\"text-align: justify;\">Mit dem Verkauf von Objekten und Grundst\u00fccken mit einem Gesamtwert von 305 Millionen Euro (Vorjahr: 57 Millionen Euro) hat die W\u00fcstenrot Haus- und St\u00e4dtebau GmbH (WHS) im vergangenen Jahr einen Rekord erzielt. Dar\u00fcber hinaus hat sie 2021 strategisch neue Felder erschlossen, um so das weitere Wachstum f\u00fcr die Zukunft abzusichern.<\/p>\n<p style=\"text-align: justify;\">Unter anderem in Schondorf, Dresden, Stuttgart, Bad Homburg und Berlin hat die WHS im Jahr 2021 erfolgreich Immobilien verkauft. Marc Bosch, Gesch\u00e4ftsf\u00fchrer der WHS: \u201eUnser Unternehmen haben wir 2021 noch breiter aufgestellt. Mittlerweile sind wir in nahezu jeder Region Deutschlands mit Projekten vertreten. Diesen Erfolg haben wir nicht zuletzt unseren engagierten Mitarbeiterinnen und Mitarbeitern zu verdanken.\u201c<\/p>\n<p style=\"text-align: justify;\"><strong>Weichen f\u00fcr die Zukunft gestellt<\/strong><\/p>\n<p style=\"text-align: justify;\">Zudem wurden im vergangenen Jahr Grundst\u00fccke mit einem geplanten Umsatzvolumen von rund 170 Millionen Euro und 247 Wohneinheiten f\u00fcr zuk\u00fcnftige Projekte gesichert.<\/p>\n<p style=\"text-align: justify;\">Auch der Bau des W&amp;W-Campus in Kornwestheim, f\u00fcr den die WHS die Projektsteuerung verantwortet, liegt genau im Zeit- und Budgetplan. Dort entstehen bis 2023 in insgesamt sieben B\u00fcroh\u00e4usern mit eigenen Innenh\u00f6fen moderne und effiziente Arbeitswelten f\u00fcr rund 4.000 Besch\u00e4ftigte der W&amp;W-Gruppe.<\/p>\n<p style=\"text-align: justify;\">Der Bau des neuen WHS-Verwaltungsgeb\u00e4udes in Ludwigsburg konnte ebenfalls fristgerecht starten. Mit dem Neubau werden 133 moderne Arbeitspl\u00e4tze f\u00fcr die Mitarbeiterinnen und Mitarbeiter der WHS und ihrer Tochterfirma Gesellschaft f\u00fcr Markt- und Absatzforschung (GMA) geschaffen. Das Thema Nachhaltigkeit steht im Fokus des Neubaus. Die Energiegewinnung f\u00fcr das geplante Lademanagement der E-Autos erfolgt \u00fcber eine Photovoltaikanlage auf dem Dach des B\u00fcrogeb\u00e4udes. Das Geb\u00e4ude wird im KFW55 EE-Standard realisiert und \u00fcber einen Fernw\u00e4rmeanschluss der Stadtwerke Ludwigsburg versorgt. Um auch abseits des Arbeitsgesch\u00e4fts einen Mehrwert zu bieten, ist eine Skylounge mit Dachterrasse f\u00fcr Wohlf\u00fchlpausen geplant.<\/p>\n<p style=\"text-align: justify;\"><strong>Leistungsportfolio w\u00e4chst<\/strong><\/p>\n<p style=\"text-align: justify;\">Gro\u00dfe Resonanz am Markt konnte das Projekt Kellerwirt in \u00d6sterreich erzielen. Dort wird f\u00fcr gut 50 Millionen Euro das mehr als 850 Jahre alte Gasthaus \u201eKellerwirt\u201c zum Mountain Health Resort restauriert und erweitert. Der Fokus bei diesem Projekt, das als Meilenstein f\u00fcr die Region und die Gesundheitsbranche gleicherma\u00dfen gilt, liegt auf der sanften Revitalisierung des historischen Geb\u00e4udes in enger Zusammenarbeit mit dem Denkmalschutz. Mittlerweile liegen alle n\u00f6tigen Genehmigungen vor und es wurde mit der Bestandssanierung begonnen. \u201eDie WHS entwickelt sich stetig weiter. Mit diesem einzigartigen Projekt im Gesundheitssektor ist es uns gelungen, unser Produktportfolio um den Aspekt Gesundheitsimmobilien zu erweitern\u201c, sagt Marcus Ziemer, ebenfalls WHS-Gesch\u00e4ftsf\u00fchrer.<\/p>\n<p style=\"text-align: justify;\"><strong>St\u00e4dtebau setzt erfolgreiche Arbeit fort<\/strong><\/p>\n<p style=\"text-align: justify;\">Ein seit Jahren etablierter Gesch\u00e4ftsbereich konnte 2021 seine Stellung als wichtiges Zugpferd abermals best\u00e4tigen: Im Sommer 2021 hat der Haushaltsausschuss des Deutschen Bundestages die Mittel f\u00fcr das F\u00f6rderprogramm \u201eZukunftsf\u00e4hige Innenst\u00e4dte und Zentren\u201c von 25 Millionen Euro auf 250 Millionen Euro erh\u00f6ht. Die WHS und ihr Tochterunternehmen, die GMA, haben mit insgesamt 19 St\u00e4dten und Gemeinden Antr\u00e4ge zur St\u00e4rkung der Innenst\u00e4dte ausgearbeitet. Alle 19 Kommunen, darunter auch eine innovative interkommunale Kooperation, wurden in das Programm aufgenommen und werden nun von der WHS und der GMA unterst\u00fctzt. Insgesamt haben die Projekte ein F\u00f6rdervolumen in H\u00f6he von 6,9 Millionen Euro<\/p>\n<hr \/>\n<p style=\"text-align: justify;\">\n","protected":false},"excerpt":{"rendered":"<p>Mit dem Verkauf von Objekten und Grundst\u00fccken mit einem Gesamtwert von 305 Millionen Euro (Vorjahr: 57 Millionen Euro) hat die W\u00fcstenrot Haus- und St\u00e4dtebau GmbH (WHS) im vergangenen Jahr einen Rekord erzielt. Dar\u00fcber hinaus hat sie 2021 strategisch neue Felder erschlossen, um so das weitere Wachstum f\u00fcr die Zukunft abzusichern. Unter anderem in Schondorf, Dresden, [&hellip;]<\/p>\n","protected":false},"author":4,"featured_media":0,"comment_status":"closed","ping_status":"open","sticky":false,"template":"","format":"standard","meta":{"inline_featured_image":false,"_exactmetrics_skip_tracking":false,"_exactmetrics_sitenote_active":false,"_exactmetrics_sitenote_note":"","_exactmetrics_sitenote_category":0,"footnotes":""},"categories":[479],"tags":[14857,5,68,9,1399,2018,19],"class_list":{"0":"post-145062","1":"post","2":"type-post","3":"status-publish","4":"format-standard","6":"category-wirtschaft","7":"tag-die-webzeitung","8":"tag-internetzeitung","9":"tag-online-zeitung","10":"tag-schaumedia","11":"tag-stadtebau","12":"tag-whs","13":"tag-wustenrot"},"image_feature":null,"author_name":"Redaktion","pure_taxonomies":{"categories":[{"term_id":479,"name":"Wirtschaft","slug":"wirtschaft","term_group":0,"term_taxonomy_id":1941,"taxonomy":"category","description":"","parent":0,"count":282,"filter":"raw","image":""}],"tags":[{"term_id":14857,"name":"Die-Webzeitung","slug":"die-webzeitung","term_group":0,"term_taxonomy_id":14876,"taxonomy":"post_tag","description":"","parent":0,"count":3628,"filter":"raw","image":""},{"term_id":5,"name":"Internetzeitung","slug":"internetzeitung","term_group":0,"term_taxonomy_id":5,"taxonomy":"post_tag","description":"","parent":0,"count":1461,"filter":"raw","image":""},{"term_id":68,"name":"Online-Zeitung","slug":"online-zeitung","term_group":0,"term_taxonomy_id":69,"taxonomy":"post_tag","description":"","parent":0,"count":3598,"filter":"raw","image":""},{"term_id":9,"name":"SchauMedia","slug":"schaumedia","term_group":0,"term_taxonomy_id":9,"taxonomy":"post_tag","description":"","parent":0,"count":1607,"filter":"raw","image":""},{"term_id":1399,"name":"St\u00e4dtebau","slug":"stadtebau","term_group":0,"term_taxonomy_id":1408,"taxonomy":"post_tag","description":"","parent":0,"count":6,"filter":"raw","image":""},{"term_id":2018,"name":"WHS","slug":"whs","term_group":0,"term_taxonomy_id":2030,"taxonomy":"post_tag","description":"","parent":0,"count":24,"filter":"raw","image":""},{"term_id":19,"name":"W\u00fcstenrot","slug":"wustenrot","term_group":0,"term_taxonomy_id":19,"taxonomy":"post_tag","description":"","parent":0,"count":171,"filter":"raw","image":""}]},"_links":{"self":[{"href":"https:\/\/die-webzeitung.de\/stuttgart\/wp-json\/wp\/v2\/posts\/145062","targetHints":{"allow":["GET"]}}],"collection":[{"href":"https:\/\/die-webzeitung.de\/stuttgart\/wp-json\/wp\/v2\/posts"}],"about":[{"href":"https:\/\/die-webzeitung.de\/stuttgart\/wp-json\/wp\/v2\/types\/post"}],"author":[{"embeddable":true,"href":"https:\/\/die-webzeitung.de\/stuttgart\/wp-json\/wp\/v2\/users\/4"}],"replies":[{"embeddable":true,"href":"https:\/\/die-webzeitung.de\/stuttgart\/wp-json\/wp\/v2\/comments?post=145062"}],"version-history":[{"count":0,"href":"https:\/\/die-webzeitung.de\/stuttgart\/wp-json\/wp\/v2\/posts\/145062\/revisions"}],"wp:attachment":[{"href":"https:\/\/die-webzeitung.de\/stuttgart\/wp-json\/wp\/v2\/media?parent=145062"}],"wp:term":[{"taxonomy":"category","embeddable":true,"href":"https:\/\/die-webzeitung.de\/stuttgart\/wp-json\/wp\/v2\/categories?post=145062"},{"taxonomy":"post_tag","embeddable":true,"href":"https:\/\/die-webzeitung.de\/stuttgart\/wp-json\/wp\/v2\/tags?post=145062"}],"curies":[{"name":"wp","href":"https:\/\/api.w.org\/{rel}","templated":true}]}}