{"id":145004,"date":"2022-02-09T14:46:02","date_gmt":"2022-02-09T13:46:02","guid":{"rendered":"https:\/\/die-webzeitung.de\/stuttgart\/?p=145004"},"modified":"2022-02-09T14:47:21","modified_gmt":"2022-02-09T13:47:21","slug":"stadtwerke-stuttgart-planen-schnellladepark-auf-svg-sued-areal","status":"publish","type":"post","link":"https:\/\/die-webzeitung.de\/stuttgart\/2022\/02\/09\/stadtwerke-stuttgart-planen-schnellladepark-auf-svg-sued-areal\/","title":{"rendered":"Stadtwerke Stuttgart planen Schnellladepark auf SVG S\u00fcd-Areal"},"content":{"rendered":"<ul>\n<li style=\"text-align: justify;\"><strong>Mehr und schneller elektrisch laden<\/strong><\/li>\n<li style=\"text-align: justify;\"><strong>Stadtwerke Stuttgart planen Schnellladepark in Wangen<\/strong><\/li>\n<li style=\"text-align: justify;\"><strong>neues Angebot auf dem Areal der SVG Stra\u00dfenverkehrsgenossenschaft S\u00fcd eG <\/strong><\/li>\n<\/ul>\n<p style=\"text-align: justify;\">Stuttgart.| Zus\u00e4tzliche Ladem\u00f6glichkeiten erwarten E-Mobilisten k\u00fcnftig in Stuttgart-Wangen. Die SVG Stra\u00dfenverkehrsgenossenschaft S\u00fcd eG (SVG S\u00fcd) und die Stadtwerke Stuttgart haben eine Kooperation geschlossen mit dem Ziel, auf dem SVG S\u00fcd-Areal in der Hedelfinger Stra\u00dfe einen Ladepark samt Schnellladestationen aufzubauen. \u201eDer Standort ganz nah an der B10 ist pr\u00e4destiniert f\u00fcr einen Schnellladepark. Wir sind stolz, dass die SVG S\u00fcd sich f\u00fcr uns als Partner auf ihrem Areal entschieden hat. Gemeinsam bringen wir hier das Angebot f\u00fcr klimafreundliche Mobilit\u00e4t voran\u201c, sagt Peter Drausnigg, Technischer Gesch\u00e4ftsf\u00fchrer der Stadtwerke Stuttgart. \u201eUns ist wichtig, einen lokalen Partner an der Seite zu haben, der sowohl die Seite des Versorgungsnetzes als auch den Betrieb des neuen Ladeangebotes kompetent und mit dem Blick auf weitere Entwicklungsschritte angehen kann\u201c, unterstreicht SVG S\u00fcd-Vorstand Uwe Nestel.<\/p>\n<p style=\"text-align: justify;\"><strong>Planungen laufen \u2013 Inbetriebnahme Mitte 2022<\/strong><\/p>\n<p style=\"text-align: justify;\">In der zweiten H\u00e4lfte 2022 soll auf dem Areal ein Schnellladepark entstehen, geplant sind f\u00fcnf Lades\u00e4ulen mit jeweils zwei Ladeanschl\u00fcssen im Leistungsbereich zwischen 75 und 300 Kilowatt. Damit k\u00f6nnen E-Mobilisten ihr E-Fahrzeug komfortabel und schnell f\u00fcr die Weiterfahrt aufladen. Bau und Betrieb des Schnellladehubs \u00fcbernehmen die Stadtwerke Stuttgart. Dazu geh\u00f6rt auch der Netzanschluss einschlie\u00dflich einer zus\u00e4tzlichen Trafo-Station, die auf dem Areal f\u00fcr den sicheren und leistungsf\u00e4higen Betrieb errichtet werden muss. F\u00fcr das Projekt veranschlagen die Stadtwerke Stuttgart eine Investitionssumme von rund einer halben Million Euro, die sie gemeinsam mit einem weiteren Partner stemmen. Nutzer des Schnellladeparks werden von diesem Schulterschluss profitieren. Auch die Aufenthaltsqualit\u00e4t auf dem verkehrsg\u00fcnstig gelegenen und bislang haupts\u00e4chlich dem Schwerlastverkehr vorbehaltenen Areal spricht f\u00fcr sich: Es gibt nicht nur sanit\u00e4re Einrichtungen, sondern auch ein Hotel mit Gastronomie, das bislang auf die Bed\u00fcrfnisse der Lastwagenfahrer ausgerichtet war. \u201eWir m\u00f6chten unser Angebot stetig den Anforderungen der Kunden anpassen. Auf einem Autohof geh\u00f6rt es zwingend dazu, neue Wege bei den Antriebsarten zu gehen. Mit der Ladeinfrastruktur der Stadtwerke schaffen wir einen gro\u00dfen Schritt in Punkto Ladeangebot und Aufenthaltsqualit\u00e4t\u201c, unterstreicht SVG S\u00fcd-Vorstand Michael Dietzel.<\/p>\n<p style=\"text-align: justify;\"><strong>SVG S\u00fcd und Vision Autohof<\/strong><\/p>\n<p style=\"text-align: justify;\">Die SVG S\u00fcd plant derzeit im Rahmen eines innovativen Pilotprojekts, ihren Standort in Stuttgart-Wangen neu zu entwickeln, den aktuellen Bed\u00fcrfnissen anzupassen und dabei nach M\u00f6glichkeit auch aktuelle Innovationen im Mobilit\u00e4tssektor aufzugreifen. Neben einem Hotel am Standort entsteht unter anderem ein neues Zentrum f\u00fcr das Transport- und Logistikgewerbe mit B\u00fcro- und Schulungsr\u00e4umen f\u00fcr die SVG S\u00fcd und Raum f\u00fcr Verb\u00e4nde des Transport- und Logistikgewerbes. Der angegliederte Autohof bietet neben zwei Tankstellen mit Bistro- und Getr\u00e4nkemarkt, Kurz- und Langzeitparkpl\u00e4tze f\u00fcr Pkw und Lkw, Reifen- und Autoservice sowie Waschboxen f\u00fcr individuelle Fahrzeugreinigungen. W\u00e4hrend der Autohof derzeit nur ebenerdig genutzt wird, soll perspektivisch dort eine neue Form der urbanen Fl\u00e4chenentwicklung \u201ein die H\u00f6he\u201c realisiert werden. Grundlage dieses Vorhabens bildet eine von der Stadt Stuttgart initiierte Konzeptstudie \u201eUrban Sandwich\u201c. Dabei wurde an insgesamt f\u00fcnf Standorten im Stuttgarter Stadtgebiet die Entwicklung mehrst\u00f6ckiger Gewerbebauten zur effizienteren Raumnutzung gepr\u00fcft. Einer dieser Standorte ist der Autohof der SVG S\u00fcd im Gewerbegebiet Hedelfingen\/Wangen.<\/p>\n<p style=\"text-align: justify;\">Eine Schnelllades\u00e4ule zeichnet sich durch eine besonders kurze Ladezeit aus, um ein Elektroauto vollst\u00e4ndig aufzuladen. W\u00e4hrend an einem Normalladepunkt mit Wechselstrom (AC) nur h\u00f6chstens 22 Kilowatt Ladeleistung erbracht werden, sind an einem Schnellladepunkte mit Gleichstrom (DC) Stand heute bis zu 300 Kilowatt m\u00f6glich. Genaue Ladezeiten lassen sich auch bei Schnelllades\u00e4ulen nicht exakt angeben. Diese variieren stark abh\u00e4ngig von Fahrzeugmodell, aktuellem Ladezustand, Au\u00dfen- und Batterietemperatur sowie Leistung der Lades\u00e4ule. Als grobe Faustregel gilt: Batteriekapazit\u00e4t (kWh) \/ Ladeleistung (kW) = Ladezeit. Hier ein Beispiel mit einem vergleichsweise verbreiteten Elektroauto-Modell: Um f\u00fcr eine \u00fcbliche t\u00e4gliche Wegstrecke von 40 Kilometern einen Renault ZOE nachzuladen, ist an einer Schnelllades\u00e4ule mit einer Ladezeit von rund 8 Minuten zu rechnen, an einer \u00fcblichen AC-Lades\u00e4ule mit rund 35 Minuten Ladezeit.<\/p>\n<hr \/>\n<p style=\"text-align: justify;\">\n","protected":false},"excerpt":{"rendered":"<p>Mehr und schneller elektrisch laden Stadtwerke Stuttgart planen Schnellladepark in Wangen neues Angebot auf dem Areal der SVG Stra\u00dfenverkehrsgenossenschaft S\u00fcd eG Stuttgart.| Zus\u00e4tzliche Ladem\u00f6glichkeiten erwarten E-Mobilisten k\u00fcnftig in Stuttgart-Wangen. Die SVG Stra\u00dfenverkehrsgenossenschaft S\u00fcd eG (SVG S\u00fcd) und die Stadtwerke Stuttgart haben eine Kooperation geschlossen mit dem Ziel, auf dem SVG S\u00fcd-Areal in der Hedelfinger Stra\u00dfe [&hellip;]<\/p>\n","protected":false},"author":4,"featured_media":145006,"comment_status":"closed","ping_status":"open","sticky":false,"template":"","format":"standard","meta":{"inline_featured_image":false,"_exactmetrics_skip_tracking":false,"_exactmetrics_sitenote_active":false,"_exactmetrics_sitenote_note":"","_exactmetrics_sitenote_category":0,"footnotes":""},"categories":[59,2239],"tags":[14857,17283,17282,12936,68,9,275],"class_list":{"0":"post-145004","1":"post","2":"type-post","3":"status-publish","4":"format-standard","5":"has-post-thumbnail","7":"category-aktuell","8":"category-stuttgart-lokal","9":"tag-die-webzeitung","10":"tag-e-auto","11":"tag-ladepark","12":"tag-ladesaeule","13":"tag-online-zeitung","14":"tag-schaumedia","15":"tag-stuttgart"},"image_feature":"https:\/\/die-webzeitung.de\/stuttgart\/wp-content\/uploads\/sites\/4\/2022\/02\/electric-car-g327626f46_1280.jpg","author_name":"Redaktion","pure_taxonomies":{"categories":[{"term_id":59,"name":"Aktuell","slug":"aktuell","term_group":0,"term_taxonomy_id":60,"taxonomy":"category","description":"","parent":0,"count":1018,"filter":"raw","image":""},{"term_id":2239,"name":"Stuttgart","slug":"stuttgart-lokal","term_group":0,"term_taxonomy_id":2252,"taxonomy":"category","description":"Berichte und Informationen aus Stuttgart","parent":1433,"count":943,"filter":"raw","image":""}],"tags":[{"term_id":14857,"name":"Die-Webzeitung","slug":"die-webzeitung","term_group":0,"term_taxonomy_id":14876,"taxonomy":"post_tag","description":"","parent":0,"count":3628,"filter":"raw","image":""},{"term_id":17283,"name":"E-Auto","slug":"e-auto","term_group":0,"term_taxonomy_id":17302,"taxonomy":"post_tag","description":"","parent":0,"count":3,"filter":"raw","image":""},{"term_id":17282,"name":"Ladepark","slug":"ladepark","term_group":0,"term_taxonomy_id":17301,"taxonomy":"post_tag","description":"","parent":0,"count":1,"filter":"raw","image":""},{"term_id":12936,"name":"Lades\u00e4ule","slug":"ladesaeule","term_group":0,"term_taxonomy_id":12977,"taxonomy":"post_tag","description":"","parent":0,"count":7,"filter":"raw","image":""},{"term_id":68,"name":"Online-Zeitung","slug":"online-zeitung","term_group":0,"term_taxonomy_id":69,"taxonomy":"post_tag","description":"","parent":0,"count":3598,"filter":"raw","image":""},{"term_id":9,"name":"SchauMedia","slug":"schaumedia","term_group":0,"term_taxonomy_id":9,"taxonomy":"post_tag","description":"","parent":0,"count":1607,"filter":"raw","image":""},{"term_id":275,"name":"Stuttgart","slug":"stuttgart","term_group":0,"term_taxonomy_id":281,"taxonomy":"post_tag","description":"","parent":0,"count":1196,"filter":"raw","image":""}]},"_links":{"self":[{"href":"https:\/\/die-webzeitung.de\/stuttgart\/wp-json\/wp\/v2\/posts\/145004","targetHints":{"allow":["GET"]}}],"collection":[{"href":"https:\/\/die-webzeitung.de\/stuttgart\/wp-json\/wp\/v2\/posts"}],"about":[{"href":"https:\/\/die-webzeitung.de\/stuttgart\/wp-json\/wp\/v2\/types\/post"}],"author":[{"embeddable":true,"href":"https:\/\/die-webzeitung.de\/stuttgart\/wp-json\/wp\/v2\/users\/4"}],"replies":[{"embeddable":true,"href":"https:\/\/die-webzeitung.de\/stuttgart\/wp-json\/wp\/v2\/comments?post=145004"}],"version-history":[{"count":1,"href":"https:\/\/die-webzeitung.de\/stuttgart\/wp-json\/wp\/v2\/posts\/145004\/revisions"}],"predecessor-version":[{"id":145005,"href":"https:\/\/die-webzeitung.de\/stuttgart\/wp-json\/wp\/v2\/posts\/145004\/revisions\/145005"}],"wp:featuredmedia":[{"embeddable":true,"href":"https:\/\/die-webzeitung.de\/stuttgart\/wp-json\/wp\/v2\/media\/145006"}],"wp:attachment":[{"href":"https:\/\/die-webzeitung.de\/stuttgart\/wp-json\/wp\/v2\/media?parent=145004"}],"wp:term":[{"taxonomy":"category","embeddable":true,"href":"https:\/\/die-webzeitung.de\/stuttgart\/wp-json\/wp\/v2\/categories?post=145004"},{"taxonomy":"post_tag","embeddable":true,"href":"https:\/\/die-webzeitung.de\/stuttgart\/wp-json\/wp\/v2\/tags?post=145004"}],"curies":[{"name":"wp","href":"https:\/\/api.w.org\/{rel}","templated":true}]}}