{"id":144998,"date":"2022-02-08T17:33:58","date_gmt":"2022-02-08T16:33:58","guid":{"rendered":"https:\/\/die-webzeitung.de\/stuttgart\/?p=144998"},"modified":"2022-02-08T17:35:13","modified_gmt":"2022-02-08T16:35:13","slug":"jungfernfahrt-auf-dem-erstem-fertigen-gleisabschnitt","status":"publish","type":"post","link":"https:\/\/die-webzeitung.de\/stuttgart\/2022\/02\/08\/jungfernfahrt-auf-dem-erstem-fertigen-gleisabschnitt\/","title":{"rendered":"Jungfernfahrt auf dem erstem fertigen Gleisabschnitt"},"content":{"rendered":"<ul>\n<li style=\"text-align: justify;\"><strong>Bahn schreibt Stuttgarter Eisenbahngeschichte<\/strong><\/li>\n<li style=\"text-align: justify;\"><strong>Transportzug liefert bei erster Fahrt auf neuem Gleis im Tunnel Feuerbach weitere S21-Schienen<\/strong><\/li>\n<\/ul>\n<p style=\"text-align: justify;\">Stuttgart, 8. Februar 2022.| Historischer Moment in der Eisenbahngeschichte der Landeshauptstadt Stuttgart: Zum ersten Mal ist am Dienstag ein Zug auf dem ersten fertiggestellten Gleisabschnitt von Stuttgart 21 Richtung Stadtzentrum gefahren. Mit 120 Meter langen Schienen beladene Waggons stoppten nach der Fahrt durch den Tunnel Feuerbach in den fr\u00fchen Morgenstunden des 8. Februar 2022 erst kurz vor dem Stuttgarter Hauptbahnhof. Fern- und Regionalz\u00fcge aus Richtung Mannheim erreichen auf diesem Gleis in Zukunft die Bahnsteighalle des neuen unterirdischen Durchgangsbahnhofs.<\/p>\n<p style=\"text-align: justify;\">Auf dem rund drei Kilometer langen Tunnelabschnitt schob eine Diesellok die Ladung f\u00fcr weitere 2,8 Kilometer Stuttgart-21-Gleis mit etwa Tempo 15 zur Abladestelle im sogenannten Verzweigungsbauwerk unter dem Kriegsberg. Im Verzweigungsbauwerk vereinigen sich jeweils zwei R\u00f6hren des Tunnels Feuerbach und des Tunnels Cannstatt, um wenige hundert Meter weiter in die Bahnsteighalle mit ihrem charakteristischen Betonschalendach zu m\u00fcnden. Unter anderem vom Verzweigungsbauwerk aus verlegt die Deutsche Bahn demn\u00e4chst die Gleise von und nach Bad Cannstatt.<\/p>\n<p style=\"text-align: justify;\">Mitarbeiter der in diesem Abschnitt f\u00fcr den Bau der Festen Fahrbahn verantwortlichen Auftragnehmerin der Deutschen Bahn, der Firma Eiffage, haben am Dienstag \u00fcber eine spezielle Vorrichtung zun\u00e4chst die in \u00d6sterreich hergestellten rund 300 Tonnen Schienen abgeladen. In der Nacht zum Donnerstag, 10. Februar 2022, werden dann die aus Beton vorgefertigten Schwellenelemente ebenfalls per Transportzug angeliefert. Unterdessen wird von Feuerbach aus bereits die zweite Tunnelr\u00f6hre f\u00fcr den Gleisbau vorbereitet.<\/p>\n<p style=\"text-align: justify;\">Unvermindert weiter voran schreitet der Bau der 28 Kelchst\u00fctzen, die k\u00fcnftig das Dach der neuen Bahnsteighalle tragen. Am vergangenen Samstag, 5. Februar 2022, wurde der 19. Kelch betoniert. In wenigen Wochen folgt die Betonage des sogenannten Sonderkelchs. Dieser hat als einziger der insgesamt 28 Kelche eine nach Norden hin ausgerichtete \u00d6ffnung und bildet k\u00fcnftig einen der Zug\u00e4nge zur neuen Bahnsteighalle.<\/p>\n<hr \/>\n<p style=\"text-align: justify;\">\n","protected":false},"excerpt":{"rendered":"<p>Bahn schreibt Stuttgarter Eisenbahngeschichte Transportzug liefert bei erster Fahrt auf neuem Gleis im Tunnel Feuerbach weitere S21-Schienen Stuttgart, 8. Februar 2022.| Historischer Moment in der Eisenbahngeschichte der Landeshauptstadt Stuttgart: Zum ersten Mal ist am Dienstag ein Zug auf dem ersten fertiggestellten Gleisabschnitt von Stuttgart 21 Richtung Stadtzentrum gefahren. Mit 120 Meter langen Schienen beladene Waggons [&hellip;]<\/p>\n","protected":false},"author":4,"featured_media":144999,"comment_status":"closed","ping_status":"open","sticky":false,"template":"","format":"standard","meta":{"inline_featured_image":false,"_exactmetrics_skip_tracking":false,"_exactmetrics_sitenote_active":false,"_exactmetrics_sitenote_note":"","_exactmetrics_sitenote_category":0,"footnotes":""},"categories":[59,9098],"tags":[111,11938,14857,5,14019,275],"class_list":{"0":"post-144998","1":"post","2":"type-post","3":"status-publish","4":"format-standard","5":"has-post-thumbnail","7":"category-aktuell","8":"category-baden-wuerttemberg","9":"tag-bahn","10":"tag-bahnprojekt","11":"tag-die-webzeitung","12":"tag-internetzeitung","13":"tag-s21","14":"tag-stuttgart"},"image_feature":"https:\/\/die-webzeitung.de\/stuttgart\/wp-content\/uploads\/sites\/4\/2022\/02\/s21-1.jpg","author_name":"Redaktion","pure_taxonomies":{"categories":[{"term_id":59,"name":"Aktuell","slug":"aktuell","term_group":0,"term_taxonomy_id":60,"taxonomy":"category","description":"","parent":0,"count":1018,"filter":"raw","image":""},{"term_id":9098,"name":"Baden-W\u00fcrttemberg","slug":"baden-wuerttemberg","term_group":0,"term_taxonomy_id":9124,"taxonomy":"category","description":"","parent":171,"count":238,"filter":"raw","image":""}],"tags":[{"term_id":111,"name":"Bahn","slug":"bahn","term_group":0,"term_taxonomy_id":113,"taxonomy":"post_tag","description":"","parent":0,"count":36,"filter":"raw","image":""},{"term_id":11938,"name":"Bahnprojekt","slug":"bahnprojekt","term_group":0,"term_taxonomy_id":11976,"taxonomy":"post_tag","description":"","parent":0,"count":6,"filter":"raw","image":""},{"term_id":14857,"name":"Die-Webzeitung","slug":"die-webzeitung","term_group":0,"term_taxonomy_id":14876,"taxonomy":"post_tag","description":"","parent":0,"count":3628,"filter":"raw","image":""},{"term_id":5,"name":"Internetzeitung","slug":"internetzeitung","term_group":0,"term_taxonomy_id":5,"taxonomy":"post_tag","description":"","parent":0,"count":1461,"filter":"raw","image":""},{"term_id":14019,"name":"S21","slug":"s21","term_group":0,"term_taxonomy_id":14061,"taxonomy":"post_tag","description":"","parent":0,"count":7,"filter":"raw","image":""},{"term_id":275,"name":"Stuttgart","slug":"stuttgart","term_group":0,"term_taxonomy_id":281,"taxonomy":"post_tag","description":"","parent":0,"count":1196,"filter":"raw","image":""}]},"_links":{"self":[{"href":"https:\/\/die-webzeitung.de\/stuttgart\/wp-json\/wp\/v2\/posts\/144998","targetHints":{"allow":["GET"]}}],"collection":[{"href":"https:\/\/die-webzeitung.de\/stuttgart\/wp-json\/wp\/v2\/posts"}],"about":[{"href":"https:\/\/die-webzeitung.de\/stuttgart\/wp-json\/wp\/v2\/types\/post"}],"author":[{"embeddable":true,"href":"https:\/\/die-webzeitung.de\/stuttgart\/wp-json\/wp\/v2\/users\/4"}],"replies":[{"embeddable":true,"href":"https:\/\/die-webzeitung.de\/stuttgart\/wp-json\/wp\/v2\/comments?post=144998"}],"version-history":[{"count":1,"href":"https:\/\/die-webzeitung.de\/stuttgart\/wp-json\/wp\/v2\/posts\/144998\/revisions"}],"predecessor-version":[{"id":145000,"href":"https:\/\/die-webzeitung.de\/stuttgart\/wp-json\/wp\/v2\/posts\/144998\/revisions\/145000"}],"wp:featuredmedia":[{"embeddable":true,"href":"https:\/\/die-webzeitung.de\/stuttgart\/wp-json\/wp\/v2\/media\/144999"}],"wp:attachment":[{"href":"https:\/\/die-webzeitung.de\/stuttgart\/wp-json\/wp\/v2\/media?parent=144998"}],"wp:term":[{"taxonomy":"category","embeddable":true,"href":"https:\/\/die-webzeitung.de\/stuttgart\/wp-json\/wp\/v2\/categories?post=144998"},{"taxonomy":"post_tag","embeddable":true,"href":"https:\/\/die-webzeitung.de\/stuttgart\/wp-json\/wp\/v2\/tags?post=144998"}],"curies":[{"name":"wp","href":"https:\/\/api.w.org\/{rel}","templated":true}]}}