{"id":144934,"date":"2022-02-02T17:57:31","date_gmt":"2022-02-02T16:57:31","guid":{"rendered":"https:\/\/die-webzeitung.de\/stuttgart\/?p=144934"},"modified":"2022-02-02T17:57:31","modified_gmt":"2022-02-02T16:57:31","slug":"neue-richtlinien-rund-um-quarantaene-in-kitas-und-schulen","status":"publish","type":"post","link":"https:\/\/die-webzeitung.de\/stuttgart\/2022\/02\/02\/neue-richtlinien-rund-um-quarantaene-in-kitas-und-schulen\/","title":{"rendered":"Neue Richtlinien rund um Quarant\u00e4ne in Kitas und Schulen"},"content":{"rendered":"<ul>\n<li style=\"text-align: justify;\"><strong>Nur noch positiv getestete Kinder und Jugendliche m\u00fcssen zuhause bleiben<\/strong><\/li>\n<li style=\"text-align: justify;\"><strong>Quarant\u00e4neregelung in Einrichtungen der Kindertagespflege<\/strong><\/li>\n<\/ul>\n<p style=\"text-align: justify;\">Kreis B\u00f6blinen.| Wenn in einer Kita oder Schulklasse zu viele Corona-Infektionen festgestellt wurden (bisher mehr als 5 F\u00e4lle), hatte das Gesundheitsamt des Landkreises B\u00f6blingen alle Kinder der betroffenen Gruppe oder Klasse in Quarant\u00e4ne geschickt. Wenn eine Kita mit einem offenen Konzept arbeitete, war es teils unvermeidbar, dass es alle Kinder der Kita getroffen hat. Nun gibt es neue Handlungsrichtlinien dazu, die ab sofort gelten.<\/p>\n<p style=\"text-align: justify;\">Die Absonderung der gesamten Klasse oder Gruppe bei Vorliegen eines relevanten Ausbruchsgeschehens findet nicht mehr statt. Ausschlie\u00dflich positiv getestete Kinder m\u00fcssen sich in h\u00e4usliche Absonderung begeben. Eine Absonderung ganzer Gruppen in den Einrichtungen sowie die zugeh\u00f6rigen Ermittlungen der Gesundheits\u00e4mter entfallen. Weiterhin gilt die 5-t\u00e4gige Testpflicht. (Die Richtlinien finden sich auch auf der Homepage des Landkreises B\u00f6blingen, <a href=\"http:\/\/www.lrabb.de\" target=\"_blank\" rel=\"noopener\">www.lrabb.de<\/a>, Stichwort Infos zum Corona-Virus \/ Button zu Schulen und Kitas).<\/p>\n<p style=\"text-align: justify;\">\u201eDas Gesundheitsamt ordnet nur in Ausnahmef\u00e4llen die Schlie\u00dfung einer Einrichtung an; wir ordnen lediglich die h\u00e4usliche Quarant\u00e4ne f\u00fcr einzelne Personen an\u201c, betont Gesundheitsamtsleiterin Dr. Anna Leher. \u201eTeils hat dies zur Folge, dass die ganze Einrichtung seitens des Tr\u00e4gers geschlossen werden musste.\u201c Mit den neuen Richtlinien sollte sich das jetzt nur noch selten ergeben. Nur noch positiv getestete Kinder m\u00fcssen in Quarant\u00e4ne.<\/p>\n<p style=\"text-align: justify;\">Derzeit dreht es sich bei vielen Fragen an der Hotline des Gesundheitsamts um Quarant\u00e4neregeln und die Testungen. Deshalb hier einige der am h\u00e4ufigsten gestellten bzw. die Infos dazu:<\/p>\n<ul style=\"text-align: justify;\">\n<li>Ein Selbsttest ist als offizieller Nachweis f\u00fcr eine Quarant\u00e4nebescheinigung nicht ausreichend, er muss durch einen zertifizierten Schnelltest einer Teststelle oder einen PCR-Test best\u00e4tigt werden.<\/li>\n<li>F\u00fcr die Genesenenbescheinigung, die die Apotheken ausstellen k\u00f6nnen, wird der Nachweis durch einen PCR-Test ben\u00f6tigt.<\/li>\n<\/ul>\n<p style=\"text-align: justify;\">Eine Absonderungsbescheinigung, die man bspw. f\u00fcr den Arbeitgeber ben\u00f6tigt, erhalten die engen Kontaktpersonen und Haushaltsangeh\u00f6rigen bei der zust\u00e4ndigen Gemeinde. Aufgrund der hohen Fallzahlen, kann die \u00dcbermittlung des positiven Testergebnisses vom Labor \u00fcber das Gesundheitsamt an die Gemeinden auch ein bis zwei Tage dauern.<\/p>\n<hr \/>\n<p style=\"text-align: justify;\">\n","protected":false},"excerpt":{"rendered":"<p>Nur noch positiv getestete Kinder und Jugendliche m\u00fcssen zuhause bleiben Quarant\u00e4neregelung in Einrichtungen der Kindertagespflege Kreis B\u00f6blinen.| Wenn in einer Kita oder Schulklasse zu viele Corona-Infektionen festgestellt wurden (bisher mehr als 5 F\u00e4lle), hatte das Gesundheitsamt des Landkreises B\u00f6blingen alle Kinder der betroffenen Gruppe oder Klasse in Quarant\u00e4ne geschickt. Wenn eine Kita mit einem offenen [&hellip;]<\/p>\n","protected":false},"author":4,"featured_media":0,"comment_status":"closed","ping_status":"open","sticky":false,"template":"","format":"standard","meta":{"inline_featured_image":false,"_exactmetrics_skip_tracking":false,"_exactmetrics_sitenote_active":false,"_exactmetrics_sitenote_note":"","_exactmetrics_sitenote_category":0,"footnotes":""},"categories":[59,2246],"tags":[3061,14857,895,68,16593,17276,485],"class_list":{"0":"post-144934","1":"post","2":"type-post","3":"status-publish","4":"format-standard","6":"category-aktuell","7":"category-kreis-boeblingen","8":"tag-boblingen","9":"tag-die-webzeitung","10":"tag-kita","11":"tag-online-zeitung","12":"tag-quarantaene","13":"tag-richtlinie","14":"tag-schule"},"image_feature":null,"author_name":"Redaktion","pure_taxonomies":{"categories":[{"term_id":59,"name":"Aktuell","slug":"aktuell","term_group":0,"term_taxonomy_id":60,"taxonomy":"category","description":"","parent":0,"count":1018,"filter":"raw","image":""},{"term_id":2246,"name":"Kreis B\u00f6blingen","slug":"kreis-boeblingen","term_group":0,"term_taxonomy_id":2259,"taxonomy":"category","description":"","parent":171,"count":197,"filter":"raw","image":""}],"tags":[{"term_id":3061,"name":"B\u00f6blingen","slug":"boblingen","term_group":0,"term_taxonomy_id":3075,"taxonomy":"post_tag","description":"","parent":0,"count":260,"filter":"raw","image":""},{"term_id":14857,"name":"Die-Webzeitung","slug":"die-webzeitung","term_group":0,"term_taxonomy_id":14876,"taxonomy":"post_tag","description":"","parent":0,"count":3628,"filter":"raw","image":""},{"term_id":895,"name":"Kita","slug":"kita","term_group":0,"term_taxonomy_id":904,"taxonomy":"post_tag","description":"","parent":0,"count":14,"filter":"raw","image":""},{"term_id":68,"name":"Online-Zeitung","slug":"online-zeitung","term_group":0,"term_taxonomy_id":69,"taxonomy":"post_tag","description":"","parent":0,"count":3598,"filter":"raw","image":""},{"term_id":16593,"name":"Quarant\u00e4ne","slug":"quarantaene","term_group":0,"term_taxonomy_id":16612,"taxonomy":"post_tag","description":"","parent":0,"count":3,"filter":"raw","image":""},{"term_id":17276,"name":"Richtlinie","slug":"richtlinie","term_group":0,"term_taxonomy_id":17295,"taxonomy":"post_tag","description":"","parent":0,"count":1,"filter":"raw","image":""},{"term_id":485,"name":"Schule","slug":"schule","term_group":0,"term_taxonomy_id":492,"taxonomy":"post_tag","description":"","parent":0,"count":11,"filter":"raw","image":""}]},"_links":{"self":[{"href":"https:\/\/die-webzeitung.de\/stuttgart\/wp-json\/wp\/v2\/posts\/144934","targetHints":{"allow":["GET"]}}],"collection":[{"href":"https:\/\/die-webzeitung.de\/stuttgart\/wp-json\/wp\/v2\/posts"}],"about":[{"href":"https:\/\/die-webzeitung.de\/stuttgart\/wp-json\/wp\/v2\/types\/post"}],"author":[{"embeddable":true,"href":"https:\/\/die-webzeitung.de\/stuttgart\/wp-json\/wp\/v2\/users\/4"}],"replies":[{"embeddable":true,"href":"https:\/\/die-webzeitung.de\/stuttgart\/wp-json\/wp\/v2\/comments?post=144934"}],"version-history":[{"count":1,"href":"https:\/\/die-webzeitung.de\/stuttgart\/wp-json\/wp\/v2\/posts\/144934\/revisions"}],"predecessor-version":[{"id":144935,"href":"https:\/\/die-webzeitung.de\/stuttgart\/wp-json\/wp\/v2\/posts\/144934\/revisions\/144935"}],"wp:attachment":[{"href":"https:\/\/die-webzeitung.de\/stuttgart\/wp-json\/wp\/v2\/media?parent=144934"}],"wp:term":[{"taxonomy":"category","embeddable":true,"href":"https:\/\/die-webzeitung.de\/stuttgart\/wp-json\/wp\/v2\/categories?post=144934"},{"taxonomy":"post_tag","embeddable":true,"href":"https:\/\/die-webzeitung.de\/stuttgart\/wp-json\/wp\/v2\/tags?post=144934"}],"curies":[{"name":"wp","href":"https:\/\/api.w.org\/{rel}","templated":true}]}}