{"id":144923,"date":"2022-02-01T11:56:45","date_gmt":"2022-02-01T10:56:45","guid":{"rendered":"https:\/\/die-webzeitung.de\/stuttgart\/2022\/02\/01\/versammlungen-in-den-kreisen-boeblingen-und-ludwigsburg\/"},"modified":"2022-02-01T11:56:45","modified_gmt":"2022-02-01T10:56:45","slug":"versammlungen-in-den-kreisen-boeblingen-und-ludwigsburg","status":"publish","type":"post","link":"https:\/\/die-webzeitung.de\/stuttgart\/2022\/02\/01\/versammlungen-in-den-kreisen-boeblingen-und-ludwigsburg\/","title":{"rendered":"Versammlungen in den Kreisen B\u00f6blingen und Ludwigsburg"},"content":{"rendered":"<ul>\n<li style=\"text-align: justify;\"><strong>43 Versammlungen im Zusammenhang mit Corona-Ma\u00dfnahmen<\/strong><\/li>\n<li style=\"text-align: justify;\"><strong>Versammlung in Vaihingen\/Enz durch die Polizei aufgel\u00f6st<\/strong><\/li>\n<\/ul>\n<p class=\"story-sharing\" style=\"text-align: justify;\">\n<p style=\"text-align: justify;\">B\u00f6blingen\/Ludwigsburg.| Das Polizeipr\u00e4sidium Ludwigsburg z\u00e4hlte am Montagabend in den Landkreisen B\u00f6blingen und Ludwigsburg insgesamt 43 Versammlungen im Zusammenhang mit den Corona-Ma\u00dfnahmen, an denen rund 5.300 Personen teilnahmen. Sechs dieser Versammlungen waren von Bef\u00fcrwortern der Ma\u00dfnahmen zuvor auch angemeldet worden. F\u00fcr verkehrs- und ordnungspolizeiliche Ma\u00dfnahmen waren 200 Polizeibeamtinnen und Polizeibeamte eingesetzt.<\/p>\n<p style=\"text-align: justify;\">Mit einer Ausnahme verliefen alle Versammlungen friedlich und ohne nennenswerte St\u00f6rungen. In Vaihingen an der Enz musste der Montagsspaziergang zum Ende hin von der Polizei aufgel\u00f6st werden. Zun\u00e4chst etwa 200 Teilnehmende hatten sich dort ab 18:00 Uhr zu einem Aufzug eingefunden. Die von Polizei und Versammlungsbeh\u00f6rde \u00fcber Lautsprecher kommunizierte Feststellung einer Versammlung wurde mit lauten Unmutsbezeugungen, Trillerpfeifen und Kuhglocken quittiert, bevor sich der Aufzug in Bewegung setzte und auf rund 500 Teilnehmende anschwoll. Auf zwei unterschiedlichen Strecken mussten die Einsatzkr\u00e4fte die Teilnehmenden permanent zur Einhaltung von Mindestabst\u00e4nden, der Maskentragepflicht und zum verkehrsgerechten Verhalten auffordern.<\/p>\n<p style=\"text-align: justify;\">Nach Ende des Aufzugs hielten sich gegen 20:00 Uhr etwa 130 Personen wieder auf dem Marktplatz auf und verstie\u00dfen dort fortgesetzt gegen die Ma\u00dfnahmen zum Infektionsschutz. Weitere Lautsprecherdurchsagen der Polizei fanden keine Beachtung und f\u00fchrten letztlich in Abstimmung mit der Versammlungsbeh\u00f6rde zur Aufl\u00f6sung der Versammlung, die von der Polizei mit zahlreichen Einsatzkr\u00e4ften auch durchgesetzt wurde. In diesem Zusammenhang wurden 17 Platzverweise erteilt. In sieben F\u00e4llen leitete die Polizei strafrechtliche Ermittlungen wegen Verdachts des Versto\u00dfes gegen das Versammlungsgesetz ein. Ein weiterer Versammlungsteilnehmer muss sich wegen Beleidigung von Polizeibeamten verantworten.<\/p>\n<p style=\"text-align: justify;\">&#8220;Wir haben wiederholt darauf hingewiesen, dass die Polizei in Abw\u00e4gung des Verh\u00e4ltnism\u00e4\u00dfigkeitsgrundsatzes auch den Teilnehmenden einer nicht angemeldeten Versammlung die Aus\u00fcbung ihres grundrechtlich verbrieften Versammlungsrechts erm\u00f6glichen wird,&#8221; so Erster Polizeihauptkommissar Hans Hecker, der Leiter des Polizeireviers Vaihingen an der Enz. &#8220;Es ist jedoch nicht hinnehmbar, dass offensichtlich unbelehrbare Teilnehmende im Anschluss an den Aufzug gegen jedweden Infektionsschutz versto\u00dfen und mehrfache polizeiliche Aufforderungen nicht beachten.&#8221;<\/p>\n<hr \/>\n<p style=\"text-align: justify;\">\n","protected":false},"excerpt":{"rendered":"<p>43 Versammlungen im Zusammenhang mit Corona-Ma\u00dfnahmen Versammlung in Vaihingen\/Enz durch die Polizei aufgel\u00f6st B\u00f6blingen\/Ludwigsburg.| Das Polizeipr\u00e4sidium Ludwigsburg z\u00e4hlte am Montagabend in den Landkreisen B\u00f6blingen und Ludwigsburg insgesamt 43 Versammlungen im Zusammenhang mit den Corona-Ma\u00dfnahmen, an denen rund 5.300 Personen teilnahmen. Sechs dieser Versammlungen waren von Bef\u00fcrwortern der Ma\u00dfnahmen zuvor auch angemeldet worden. F\u00fcr verkehrs- und [&hellip;]<\/p>\n","protected":false},"author":4,"featured_media":144524,"comment_status":"closed","ping_status":"open","sticky":false,"template":"","format":"standard","meta":{"inline_featured_image":false,"_exactmetrics_skip_tracking":false,"_exactmetrics_sitenote_active":false,"_exactmetrics_sitenote_note":"","_exactmetrics_sitenote_category":0,"footnotes":""},"categories":[59,2246],"tags":[12534,14857,5,68,17275,16965],"class_list":{"0":"post-144923","1":"post","2":"type-post","3":"status-publish","4":"format-standard","5":"has-post-thumbnail","7":"category-aktuell","8":"category-kreis-boeblingen","9":"tag-demonstration","10":"tag-die-webzeitung","11":"tag-internetzeitung","12":"tag-online-zeitung","13":"tag-versammlungen","14":"tag-verstoesse"},"image_feature":"https:\/\/die-webzeitung.de\/stuttgart\/wp-content\/uploads\/sites\/4\/2021\/12\/Polizei.jpg","author_name":"Redaktion","pure_taxonomies":{"categories":[{"term_id":59,"name":"Aktuell","slug":"aktuell","term_group":0,"term_taxonomy_id":60,"taxonomy":"category","description":"","parent":0,"count":1018,"filter":"raw","image":""},{"term_id":2246,"name":"Kreis B\u00f6blingen","slug":"kreis-boeblingen","term_group":0,"term_taxonomy_id":2259,"taxonomy":"category","description":"","parent":171,"count":197,"filter":"raw","image":""}],"tags":[{"term_id":12534,"name":"Demonstration","slug":"demonstration","term_group":0,"term_taxonomy_id":12574,"taxonomy":"post_tag","description":"","parent":0,"count":16,"filter":"raw","image":""},{"term_id":14857,"name":"Die-Webzeitung","slug":"die-webzeitung","term_group":0,"term_taxonomy_id":14876,"taxonomy":"post_tag","description":"","parent":0,"count":3628,"filter":"raw","image":""},{"term_id":5,"name":"Internetzeitung","slug":"internetzeitung","term_group":0,"term_taxonomy_id":5,"taxonomy":"post_tag","description":"","parent":0,"count":1461,"filter":"raw","image":""},{"term_id":68,"name":"Online-Zeitung","slug":"online-zeitung","term_group":0,"term_taxonomy_id":69,"taxonomy":"post_tag","description":"","parent":0,"count":3598,"filter":"raw","image":""},{"term_id":17275,"name":"Versammlungen","slug":"versammlungen","term_group":0,"term_taxonomy_id":17294,"taxonomy":"post_tag","description":"","parent":0,"count":1,"filter":"raw","image":""},{"term_id":16965,"name":"Verst\u00f6sse","slug":"verstoesse","term_group":0,"term_taxonomy_id":16984,"taxonomy":"post_tag","description":"","parent":0,"count":2,"filter":"raw","image":""}]},"_links":{"self":[{"href":"https:\/\/die-webzeitung.de\/stuttgart\/wp-json\/wp\/v2\/posts\/144923","targetHints":{"allow":["GET"]}}],"collection":[{"href":"https:\/\/die-webzeitung.de\/stuttgart\/wp-json\/wp\/v2\/posts"}],"about":[{"href":"https:\/\/die-webzeitung.de\/stuttgart\/wp-json\/wp\/v2\/types\/post"}],"author":[{"embeddable":true,"href":"https:\/\/die-webzeitung.de\/stuttgart\/wp-json\/wp\/v2\/users\/4"}],"replies":[{"embeddable":true,"href":"https:\/\/die-webzeitung.de\/stuttgart\/wp-json\/wp\/v2\/comments?post=144923"}],"version-history":[{"count":0,"href":"https:\/\/die-webzeitung.de\/stuttgart\/wp-json\/wp\/v2\/posts\/144923\/revisions"}],"wp:featuredmedia":[{"embeddable":true,"href":"https:\/\/die-webzeitung.de\/stuttgart\/wp-json\/wp\/v2\/media\/144524"}],"wp:attachment":[{"href":"https:\/\/die-webzeitung.de\/stuttgart\/wp-json\/wp\/v2\/media?parent=144923"}],"wp:term":[{"taxonomy":"category","embeddable":true,"href":"https:\/\/die-webzeitung.de\/stuttgart\/wp-json\/wp\/v2\/categories?post=144923"},{"taxonomy":"post_tag","embeddable":true,"href":"https:\/\/die-webzeitung.de\/stuttgart\/wp-json\/wp\/v2\/tags?post=144923"}],"curies":[{"name":"wp","href":"https:\/\/api.w.org\/{rel}","templated":true}]}}