{"id":144907,"date":"2022-01-31T16:42:05","date_gmt":"2022-01-31T15:42:05","guid":{"rendered":"https:\/\/die-webzeitung.de\/stuttgart\/?p=144907"},"modified":"2022-01-31T16:42:26","modified_gmt":"2022-01-31T15:42:26","slug":"probleme-mit-bio-und-restmuellabholung-im-kfreis-esslingen","status":"publish","type":"post","link":"https:\/\/die-webzeitung.de\/stuttgart\/2022\/01\/31\/probleme-mit-bio-und-restmuellabholung-im-kfreis-esslingen\/","title":{"rendered":"Probleme mit Bio- und Restm\u00fcllabholung im Kreis Esslingen"},"content":{"rendered":"<h5 style=\"text-align: justify;\"><strong>Abfallwirtschaftsbetrieb fordert von Abfuhrunternehmen verl\u00e4sslichen Plan zur Abholung von Bio- und Restm\u00fcll sowie Papier<\/strong><\/h5>\n<p style=\"text-align: justify;\">Kreis Esslingen.| Seit Jahresbeginn bleiben volle Bio-, Restm\u00fcll und Papiertonnen im Landkreis Esslingen h\u00e4ufig stehen. Das beauftragte Unternehmen Alba leert die Tonnen nicht wie vertraglich vereinbart. Landrat Heinz Eininger steht mit der Konzernspitze in Kontakt: \u201eWir fordern von dem Unternehmen mit Nachdruck ein verl\u00e4ssliches Konzept zur Abarbeitung der R\u00fcckst\u00e4nde sowie die Einhaltung der Regelentsorgung\u201c, sagt der Landrat.<\/p>\n<p style=\"text-align: justify;\">Seit der Neuvergabe bei der Abfuhr von Bio- und Restm\u00fcll im Landkreis Esslingen l\u00e4uft es nicht mehr rund. W\u00e4hrend die Bio- und Restm\u00fcllabfuhr im \u00f6stlichen Abfuhrgebiet durch das Unternehmen Prezero im Wesentlichen ohne Komplikationen verl\u00e4uft, bestehen im westlichen Abfuhrgebiet beim Vertragspartner Alba erhebliche Schwierigkeiten. Seit Jahresbeginn bleiben vermehrt volle Bio- und Restm\u00fclltonnen stehen. Papiertonnen wurden zum Teil seit Wochen nicht geleert. Die Probleme bei der Papierabfuhr h\u00e4ufen sich nun auch im \u00f6stlichen Abfuhrgebiet \u2013 Alba ist im gesamten Landkreis f\u00fcr die Abfuhr des Papierm\u00fclls zust\u00e4ndig.<\/p>\n<p style=\"text-align: justify;\">Das Unternehmen hat beim Abfallwirtschaftsbetrieb ein Personalausfall in Folge von Erkrankung, die Eingew\u00f6hnung des neuen Personals in die Touren sowie bei der Papierentsorgung gro\u00dfe Mengen nach den Feiertagen angegeben. \u201eWir verhandeln seit Wochen mit dem Unternehmen um die geregelte Abfuhr sowie die Aufarbeitung der R\u00fcckst\u00e4nde\u201c, berichtet Manfred Kopp, der Gesch\u00e4ftsf\u00fchrer des Abfallwirtschaftsbetriebs im Landkreis Esslingen. Das Unternehmen habe zwar zus\u00e4tzliche Fahrer bereitgestellt, diese reichten aber inzwischen nicht mehr aus, die R\u00fcckst\u00e4nde abzuarbeiten. Selbst die vom Unternehmen t\u00e4glich kommunizierten \u201eKomplikationslisten\u201c, in denen Probleme festgehalten und Pl\u00e4ne zur Abfuhr dokumentiert werden, w\u00fcrden nicht eingehalten. Geplant war, dass zun\u00e4chst die R\u00fcckst\u00e4nde des \u201estinkenden M\u00fclls\u201c wie Bio- und Restm\u00fcll abgefahren werden sollten und dann die Papiertonnen.<\/p>\n<p style=\"text-align: justify;\">Infolgedessen gehen beim AWB seit Jahresbeginn rund 1.000 Reklamationen pro Woche ein \u2013 bisher erreichten den Eigenbetrieb des Landkreises bis zu 100 Reklamationen w\u00f6chentlich. Landrat Heinz Eininger forderte in dieser Woche bei einem Gespr\u00e4ch mit der Konzernspitze nachdr\u00fccklich, die Missst\u00e4nde nun endlich zu beseitigen und verl\u00e4ssliche Pl\u00e4ne daf\u00fcr vorzulegen.<\/p>\n<p style=\"text-align: justify;\">Beim AWB wird unterdessen eine sogenannte Ersatzvornahme vorbereitet. Dabei wird ein Drittanbieter mit der Abfuhr beauftragt und die Kosten daf\u00fcr werden dem s\u00e4umigen Vertragspartner in Rechnung gestellt. \u201eLeider l\u00e4sst sich die Abfuhr damit auch nicht von heute auf morgen bewerkstelligen\u201c, sagt Kopp. Ihm bleibt derzeit nur, mit dem Unternehmen weiter zu verhandeln und die Einwohnerschaft um Verst\u00e4ndnis zu bitten. \u201eSo eine Situation habe ich in meinen 30 Jahren beim AWB noch nicht erlebt.\u201c<\/p>\n<p style=\"text-align: justify;\">Im Landkreis Esslingen werden insgesamt etwa 340.500 Tonnen und Container geleert, davon entfallen rund 145.500 Beh\u00e4lter auf Restm\u00fcll, 95.000 auf Biom\u00fcll und 100.000 auf Papier. Unter Ber\u00fccksichtigung der Entleerungsintervalle werden w\u00f6chentlich im Durchschnitt 130.000 Beh\u00e4lter abgefahren, in den Sommermonaten mit dem k\u00fcrzeren Leerungsintervall der Biom\u00fclltonnen w\u00f6chentlich etwa 147.000 Beh\u00e4lter.<\/p>\n<p style=\"text-align: justify;\">Info: Der AWB bittet darum, nicht geleerte Beh\u00e4lter an der Stra\u00dfe stehen zu lassen. Nur dann k\u00f6nnen die Tonnen bei einer Nachleerung ber\u00fccksichtigt werden.<\/p>\n<hr \/>\n<p style=\"text-align: justify;\">\n","protected":false},"excerpt":{"rendered":"<p>Abfallwirtschaftsbetrieb fordert von Abfuhrunternehmen verl\u00e4sslichen Plan zur Abholung von Bio- und Restm\u00fcll sowie Papier Kreis Esslingen.| Seit Jahresbeginn bleiben volle Bio-, Restm\u00fcll und Papiertonnen im Landkreis Esslingen h\u00e4ufig stehen. Das beauftragte Unternehmen Alba leert die Tonnen nicht wie vertraglich vereinbart. Landrat Heinz Eininger steht mit der Konzernspitze in Kontakt: \u201eWir fordern von dem Unternehmen mit [&hellip;]<\/p>\n","protected":false},"author":4,"featured_media":144908,"comment_status":"closed","ping_status":"open","sticky":false,"template":"","format":"standard","meta":{"inline_featured_image":false,"_exactmetrics_skip_tracking":false,"_exactmetrics_sitenote_active":false,"_exactmetrics_sitenote_note":"","_exactmetrics_sitenote_category":0,"footnotes":""},"categories":[59,2247],"tags":[11250,2323,14857,5,68,9],"class_list":{"0":"post-144907","1":"post","2":"type-post","3":"status-publish","4":"format-standard","5":"has-post-thumbnail","7":"category-aktuell","8":"category-kreis-esslingen","9":"tag-abfall","10":"tag-abfuhr","11":"tag-die-webzeitung","12":"tag-internetzeitung","13":"tag-online-zeitung","14":"tag-schaumedia"},"image_feature":"https:\/\/die-webzeitung.de\/stuttgart\/wp-content\/uploads\/sites\/4\/2022\/01\/Mu\u0308lltonne.jpg","author_name":"Redaktion","pure_taxonomies":{"categories":[{"term_id":59,"name":"Aktuell","slug":"aktuell","term_group":0,"term_taxonomy_id":60,"taxonomy":"category","description":"","parent":0,"count":1018,"filter":"raw","image":""},{"term_id":2247,"name":"Kreis Esslingen","slug":"kreis-esslingen","term_group":0,"term_taxonomy_id":2260,"taxonomy":"category","description":"Informationen aus dem Landkreis Esslingen","parent":171,"count":214,"filter":"raw","image":""}],"tags":[{"term_id":11250,"name":"Abfall","slug":"abfall","term_group":0,"term_taxonomy_id":11288,"taxonomy":"post_tag","description":"","parent":0,"count":4,"filter":"raw","image":""},{"term_id":2323,"name":"Abfuhr","slug":"abfuhr","term_group":0,"term_taxonomy_id":2336,"taxonomy":"post_tag","description":"","parent":0,"count":2,"filter":"raw","image":""},{"term_id":14857,"name":"Die-Webzeitung","slug":"die-webzeitung","term_group":0,"term_taxonomy_id":14876,"taxonomy":"post_tag","description":"","parent":0,"count":3628,"filter":"raw","image":""},{"term_id":5,"name":"Internetzeitung","slug":"internetzeitung","term_group":0,"term_taxonomy_id":5,"taxonomy":"post_tag","description":"","parent":0,"count":1461,"filter":"raw","image":""},{"term_id":68,"name":"Online-Zeitung","slug":"online-zeitung","term_group":0,"term_taxonomy_id":69,"taxonomy":"post_tag","description":"","parent":0,"count":3598,"filter":"raw","image":""},{"term_id":9,"name":"SchauMedia","slug":"schaumedia","term_group":0,"term_taxonomy_id":9,"taxonomy":"post_tag","description":"","parent":0,"count":1607,"filter":"raw","image":""}]},"_links":{"self":[{"href":"https:\/\/die-webzeitung.de\/stuttgart\/wp-json\/wp\/v2\/posts\/144907","targetHints":{"allow":["GET"]}}],"collection":[{"href":"https:\/\/die-webzeitung.de\/stuttgart\/wp-json\/wp\/v2\/posts"}],"about":[{"href":"https:\/\/die-webzeitung.de\/stuttgart\/wp-json\/wp\/v2\/types\/post"}],"author":[{"embeddable":true,"href":"https:\/\/die-webzeitung.de\/stuttgart\/wp-json\/wp\/v2\/users\/4"}],"replies":[{"embeddable":true,"href":"https:\/\/die-webzeitung.de\/stuttgart\/wp-json\/wp\/v2\/comments?post=144907"}],"version-history":[{"count":2,"href":"https:\/\/die-webzeitung.de\/stuttgart\/wp-json\/wp\/v2\/posts\/144907\/revisions"}],"predecessor-version":[{"id":144910,"href":"https:\/\/die-webzeitung.de\/stuttgart\/wp-json\/wp\/v2\/posts\/144907\/revisions\/144910"}],"wp:featuredmedia":[{"embeddable":true,"href":"https:\/\/die-webzeitung.de\/stuttgart\/wp-json\/wp\/v2\/media\/144908"}],"wp:attachment":[{"href":"https:\/\/die-webzeitung.de\/stuttgart\/wp-json\/wp\/v2\/media?parent=144907"}],"wp:term":[{"taxonomy":"category","embeddable":true,"href":"https:\/\/die-webzeitung.de\/stuttgart\/wp-json\/wp\/v2\/categories?post=144907"},{"taxonomy":"post_tag","embeddable":true,"href":"https:\/\/die-webzeitung.de\/stuttgart\/wp-json\/wp\/v2\/tags?post=144907"}],"curies":[{"name":"wp","href":"https:\/\/api.w.org\/{rel}","templated":true}]}}