{"id":144848,"date":"2022-01-25T17:06:28","date_gmt":"2022-01-25T16:06:28","guid":{"rendered":"https:\/\/die-webzeitung.de\/stuttgart\/?p=144848"},"modified":"2022-01-25T17:06:28","modified_gmt":"2022-01-25T16:06:28","slug":"volksbank-stuttgart-spendet-265-000-euro","status":"publish","type":"post","link":"https:\/\/die-webzeitung.de\/stuttgart\/2022\/01\/25\/volksbank-stuttgart-spendet-265-000-euro\/","title":{"rendered":"Volksbank Stuttgart spendet 265.000 Euro"},"content":{"rendered":"<h5 style=\"text-align: justify;\"><strong>B\u00fcrgerstiftungen in Stuttgart und Rems-Murr-Kreis die Nutznie\u00dfer<\/strong><\/h5>\n<p style=\"text-align: justify;\">Stuttgart.| Stiftungen leisten gerade in schwierigen Zeiten gesellschaftlich wertvolle Arbeit. Um dieses Engagement zu st\u00e4rken, hat die Volksbank Stuttgart das Kapital von elf B\u00fcrgerstiftungen in Stuttgart und dem Rems-Murr-Kreis mit insgesamt 265.000 Euro aufgestockt. Damit soll eine noch gr\u00f6\u00dfere, nachhaltige Wirksamkeit der B\u00fcrgerstiftungen auf lokaler Ebene erm\u00f6glicht werden.<\/p>\n<p style=\"text-align: justify;\">Die B\u00fcrgerstiftungen in Stuttgart, Kernen im Remstal, Korb, Leutenbach, Pl\u00fcderhausen, Schorndorf, Schwaikheim, Waiblingen, Weinstadt und Winnenden sowie die \u201eKind und Jugend\u201c B\u00fcrgerstiftung Urbach k\u00f6nnen sich \u00fcber eine kr\u00e4ftige Aufstockung ihres Stiftungskapitals freuen. Die Volksbank Stuttgart hat mit jeweils deutlich f\u00fcnfstelligen Euro-Betr\u00e4gen die Kapitalausstattung die B\u00fcrgerstiftungen aufgestockt.<\/p>\n<p style=\"text-align: justify;\">\u201eDamit wollen wir unsere Anerkennung f\u00fcr die hervorragende Arbeit der Stiftungen gerade w\u00e4hrend der Corona-Pandemie zum Ausdruck bringen\u201c, sagt Stefan Zeidler, Vorstandsvorsitzender der Volksbank Stuttgart. Mit der tiefen Verwurzelung in ihren Heimatorten seien die B\u00fcrgerstiftungen nah am Alltag der Einwohner und k\u00f6nnen schnell helfen, wenn es Unterst\u00fctzungsbedarf gebe. \u201eAuch die Volksbank Stuttgart ist eng mit der Region verbunden und m\u00f6chte gerade in diesen au\u00dfergew\u00f6hnlichen Zeiten ein Zeichen f\u00fcr b\u00fcrgerliches Engagement setzen\u201c, so Stefan Zeidler.<\/p>\n<p style=\"text-align: justify;\"><strong>Mehr als halbe Million Euro f\u00fcr soziale Projekte<\/strong><\/p>\n<p style=\"text-align: justify;\">Im zur\u00fcckliegenden Jahr hat die Volksbank Stuttgart weitere Stiftungen mit rund 50.000 Euro gef\u00f6rdert. Zudem wurden viele Projekte mit Gewinnsparmitteln unterst\u00fctzt, so dass insgesamt weit mehr als eine halbe Million Euro in soziale und gesellschaftliche Projekte geflossen sind. \u201eDie Volksbank Stuttgart ist mehr als nur eine Bank, sie ist eine Gemeinschaft. Uns geht es nicht um Gewinnmaximierung, sondern um die F\u00f6rderung unserer Mitglieder und das Wohlergehen der ganzen Region\u201c, betont Stefan Zeidler. \u201eDaher ist das gesellschaftliche Engagement ein wichtiger Bestandteil unseres Selbstverst\u00e4ndnisses und eine gro\u00dfe Motivation f\u00fcr unsere Kundinnen und Kunden sowie Mitarbeiterinnen und Mitarbeiter.\u201c<\/p>\n<p style=\"text-align: justify;\"><strong>Meine Heimat. Meine Bank. Kurzportrait der Volksbank Stuttgart eG<\/strong><\/p>\n<p style=\"text-align: justify;\">Mit einer Bilanzsumme von rund 8,2 Milliarden Euro und etwa 280.000 Privat- und Firmenkunden ist die Volksbank Stuttgart eG eine der gr\u00f6\u00dften Volksbanken Baden-W\u00fcrttembergs. Pers\u00f6nlich, lokal und digital betreut die Volksbank Stuttgart ihre Kunden an rund 100 Standorten sowie \u00fcber Online-Services und das hauseigene KundenDialogCenter. Gemessen an der Mitgliederzahl ist die Volksbank Stuttgart mit rund 177.000 Teilhabern die Nummer Eins unter den Volks- und Raiffeisenbanken im S\u00fcdwesten. Der Region seit 1865 eng verbunden, ist die Volksbank Stuttgart eG Gr\u00fcndungsmitglied von neun B\u00fcrgerstiftungen und f\u00f6rdert j\u00e4hrlich \u00fcber 1.100 gemeinn\u00fctzige Vereine und Institutionen.<\/p>\n<hr \/>\n<p style=\"text-align: justify;\">\n","protected":false},"excerpt":{"rendered":"<p>B\u00fcrgerstiftungen in Stuttgart und Rems-Murr-Kreis die Nutznie\u00dfer Stuttgart.| Stiftungen leisten gerade in schwierigen Zeiten gesellschaftlich wertvolle Arbeit. Um dieses Engagement zu st\u00e4rken, hat die Volksbank Stuttgart das Kapital von elf B\u00fcrgerstiftungen in Stuttgart und dem Rems-Murr-Kreis mit insgesamt 265.000 Euro aufgestockt. Damit soll eine noch gr\u00f6\u00dfere, nachhaltige Wirksamkeit der B\u00fcrgerstiftungen auf lokaler Ebene erm\u00f6glicht werden. [&hellip;]<\/p>\n","protected":false},"author":4,"featured_media":0,"comment_status":"closed","ping_status":"open","sticky":false,"template":"","format":"standard","meta":{"inline_featured_image":false,"_exactmetrics_skip_tracking":false,"_exactmetrics_sitenote_active":false,"_exactmetrics_sitenote_note":"","_exactmetrics_sitenote_category":0,"footnotes":""},"categories":[59,2239],"tags":[123,14857,5,68,9,275,276],"class_list":{"0":"post-144848","1":"post","2":"type-post","3":"status-publish","4":"format-standard","6":"category-aktuell","7":"category-stuttgart-lokal","8":"tag-burgerstiftung","9":"tag-die-webzeitung","10":"tag-internetzeitung","11":"tag-online-zeitung","12":"tag-schaumedia","13":"tag-stuttgart","14":"tag-volksbank"},"image_feature":null,"author_name":"Redaktion","pure_taxonomies":{"categories":[{"term_id":59,"name":"Aktuell","slug":"aktuell","term_group":0,"term_taxonomy_id":60,"taxonomy":"category","description":"","parent":0,"count":1018,"filter":"raw","image":""},{"term_id":2239,"name":"Stuttgart","slug":"stuttgart-lokal","term_group":0,"term_taxonomy_id":2252,"taxonomy":"category","description":"Berichte und Informationen aus Stuttgart","parent":1433,"count":943,"filter":"raw","image":""}],"tags":[{"term_id":123,"name":"B\u00fcrgerstiftung","slug":"burgerstiftung","term_group":0,"term_taxonomy_id":125,"taxonomy":"post_tag","description":"","parent":0,"count":1,"filter":"raw","image":""},{"term_id":14857,"name":"Die-Webzeitung","slug":"die-webzeitung","term_group":0,"term_taxonomy_id":14876,"taxonomy":"post_tag","description":"","parent":0,"count":3628,"filter":"raw","image":""},{"term_id":5,"name":"Internetzeitung","slug":"internetzeitung","term_group":0,"term_taxonomy_id":5,"taxonomy":"post_tag","description":"","parent":0,"count":1461,"filter":"raw","image":""},{"term_id":68,"name":"Online-Zeitung","slug":"online-zeitung","term_group":0,"term_taxonomy_id":69,"taxonomy":"post_tag","description":"","parent":0,"count":3598,"filter":"raw","image":""},{"term_id":9,"name":"SchauMedia","slug":"schaumedia","term_group":0,"term_taxonomy_id":9,"taxonomy":"post_tag","description":"","parent":0,"count":1607,"filter":"raw","image":""},{"term_id":275,"name":"Stuttgart","slug":"stuttgart","term_group":0,"term_taxonomy_id":281,"taxonomy":"post_tag","description":"","parent":0,"count":1196,"filter":"raw","image":""},{"term_id":276,"name":"Volksbank","slug":"volksbank","term_group":0,"term_taxonomy_id":282,"taxonomy":"post_tag","description":"","parent":0,"count":6,"filter":"raw","image":""}]},"_links":{"self":[{"href":"https:\/\/die-webzeitung.de\/stuttgart\/wp-json\/wp\/v2\/posts\/144848","targetHints":{"allow":["GET"]}}],"collection":[{"href":"https:\/\/die-webzeitung.de\/stuttgart\/wp-json\/wp\/v2\/posts"}],"about":[{"href":"https:\/\/die-webzeitung.de\/stuttgart\/wp-json\/wp\/v2\/types\/post"}],"author":[{"embeddable":true,"href":"https:\/\/die-webzeitung.de\/stuttgart\/wp-json\/wp\/v2\/users\/4"}],"replies":[{"embeddable":true,"href":"https:\/\/die-webzeitung.de\/stuttgart\/wp-json\/wp\/v2\/comments?post=144848"}],"version-history":[{"count":1,"href":"https:\/\/die-webzeitung.de\/stuttgart\/wp-json\/wp\/v2\/posts\/144848\/revisions"}],"predecessor-version":[{"id":144849,"href":"https:\/\/die-webzeitung.de\/stuttgart\/wp-json\/wp\/v2\/posts\/144848\/revisions\/144849"}],"wp:attachment":[{"href":"https:\/\/die-webzeitung.de\/stuttgart\/wp-json\/wp\/v2\/media?parent=144848"}],"wp:term":[{"taxonomy":"category","embeddable":true,"href":"https:\/\/die-webzeitung.de\/stuttgart\/wp-json\/wp\/v2\/categories?post=144848"},{"taxonomy":"post_tag","embeddable":true,"href":"https:\/\/die-webzeitung.de\/stuttgart\/wp-json\/wp\/v2\/tags?post=144848"}],"curies":[{"name":"wp","href":"https:\/\/api.w.org\/{rel}","templated":true}]}}