{"id":144837,"date":"2022-01-24T17:28:12","date_gmt":"2022-01-24T16:28:12","guid":{"rendered":"https:\/\/die-webzeitung.de\/stuttgart\/?p=144837"},"modified":"2022-01-24T17:28:12","modified_gmt":"2022-01-24T16:28:12","slug":"einfaedeln-in-einen-stau-erfordert-sorgfalt","status":"publish","type":"post","link":"https:\/\/die-webzeitung.de\/stuttgart\/2022\/01\/24\/einfaedeln-in-einen-stau-erfordert-sorgfalt\/","title":{"rendered":"Einf\u00e4deln in einen Stau erfordert Sorgfalt"},"content":{"rendered":"<p style=\"text-align: justify;\"><strong>Bei der Auffahrt auf eine Autobahn muss man dem durchflie\u00dfenden Verkehr Vorfahrt gew\u00e4hren. Dies gilt auch, wenn auf der Autobahn ein Stau besteht. In einem solchen Fall sollte man sich vergewissern, dass man von den Verkehrsteilnehmerinnen und -teilnehmern gesehen wird, vor die man sich einf\u00e4deln m\u00f6chte. Die W\u00fcrttembergische Versicherung AG weist auf ein Urteil des Oberlandesgerichts Celle (14 U 186\/20) hin.<\/strong><\/p>\n<p style=\"text-align: justify;\">Der Lenker eines Ferrari wollte m\u00f6glichst rasch auf eine Autobahn gelangen, auf der die Fahrzeuge in einem Stau standen. Bereits am Anfang der Einf\u00e4delspur fuhr er \u00fcber die durchgezogene Linie und stellte sich quer vor einen LKW. Dessen Fahrer sah jedoch das eingescherte Auto nicht und kollidierte beim Starten mit diesem. Der Halter des Ferrari machte einen Schaden von rund 40.000 Euro geltend, bekam jedoch vom Gericht nur ein Viertel davon zugesprochen.<\/p>\n<p style=\"text-align: justify;\">Laut dem Urteil h\u00e4tte der einf\u00e4delnde Ferrari-Lenker trotz des Staus die Vorfahrt der bereits auf der Autobahn befindlichen Fahrzeuge beachten m\u00fcssen. Er durfte daher am Ende der durchgezogenen Linie erst dann auf eine Fahrspur wechseln, wenn er sicher war, dass der LKW-Lenker ihn sah. Dieser konnte sich demgegen\u00fcber darauf berufen, dass er den Ferrari nicht sah, da er in einem nicht einsehbaren toten Winkel stand. Au\u00dferdem musste er nicht damit rechnen, dass andere Verkehrsteilnehmerinnen und -teilnehmer verbotswidrig eine durchgezogene Linie \u00fcberfahren. Gleichwohl hafte der LKW-Fahrer f\u00fcr 25 Prozent des Schadens, so das Gericht, da der LKW aufgrund seiner Gr\u00f6\u00dfe und der daraus resultierenden Sichtbeschr\u00e4nkung eine erh\u00f6hte \u201eBetriebsgefahr\u201c darstellte.<\/p>\n<hr \/>\n<p style=\"text-align: justify;\">\n","protected":false},"excerpt":{"rendered":"<p>Bei der Auffahrt auf eine Autobahn muss man dem durchflie\u00dfenden Verkehr Vorfahrt gew\u00e4hren. Dies gilt auch, wenn auf der Autobahn ein Stau besteht. In einem solchen Fall sollte man sich vergewissern, dass man von den Verkehrsteilnehmerinnen und -teilnehmern gesehen wird, vor die man sich einf\u00e4deln m\u00f6chte. Die W\u00fcrttembergische Versicherung AG weist auf ein Urteil des [&hellip;]<\/p>\n","protected":false},"author":4,"featured_media":144838,"comment_status":"closed","ping_status":"open","sticky":false,"template":"","format":"standard","meta":{"inline_featured_image":false,"_exactmetrics_skip_tracking":false,"_exactmetrics_sitenote_active":false,"_exactmetrics_sitenote_note":"","_exactmetrics_sitenote_category":0,"footnotes":""},"categories":[2237],"tags":[14857,17269,5,68,9111],"class_list":{"0":"post-144837","1":"post","2":"type-post","3":"status-publish","4":"format-standard","5":"has-post-thumbnail","7":"category-ratgeber-leben","8":"tag-die-webzeitung","9":"tag-einfaedeln","10":"tag-internetzeitung","11":"tag-online-zeitung","12":"tag-stau"},"image_feature":"https:\/\/die-webzeitung.de\/stuttgart\/wp-content\/uploads\/sites\/4\/2022\/01\/ferrari-gd26b8b8af_1280.jpg","author_name":"Redaktion","pure_taxonomies":{"categories":[{"term_id":2237,"name":"Ratgeber","slug":"ratgeber-leben","term_group":0,"term_taxonomy_id":2250,"taxonomy":"category","description":"","parent":482,"count":380,"filter":"raw","image":""}],"tags":[{"term_id":14857,"name":"Die-Webzeitung","slug":"die-webzeitung","term_group":0,"term_taxonomy_id":14876,"taxonomy":"post_tag","description":"","parent":0,"count":3628,"filter":"raw","image":""},{"term_id":17269,"name":"einf\u00e4deln","slug":"einfaedeln","term_group":0,"term_taxonomy_id":17288,"taxonomy":"post_tag","description":"","parent":0,"count":1,"filter":"raw","image":""},{"term_id":5,"name":"Internetzeitung","slug":"internetzeitung","term_group":0,"term_taxonomy_id":5,"taxonomy":"post_tag","description":"","parent":0,"count":1461,"filter":"raw","image":""},{"term_id":68,"name":"Online-Zeitung","slug":"online-zeitung","term_group":0,"term_taxonomy_id":69,"taxonomy":"post_tag","description":"","parent":0,"count":3598,"filter":"raw","image":""},{"term_id":9111,"name":"Stau","slug":"stau","term_group":0,"term_taxonomy_id":9137,"taxonomy":"post_tag","description":"","parent":0,"count":1,"filter":"raw","image":""}]},"_links":{"self":[{"href":"https:\/\/die-webzeitung.de\/stuttgart\/wp-json\/wp\/v2\/posts\/144837","targetHints":{"allow":["GET"]}}],"collection":[{"href":"https:\/\/die-webzeitung.de\/stuttgart\/wp-json\/wp\/v2\/posts"}],"about":[{"href":"https:\/\/die-webzeitung.de\/stuttgart\/wp-json\/wp\/v2\/types\/post"}],"author":[{"embeddable":true,"href":"https:\/\/die-webzeitung.de\/stuttgart\/wp-json\/wp\/v2\/users\/4"}],"replies":[{"embeddable":true,"href":"https:\/\/die-webzeitung.de\/stuttgart\/wp-json\/wp\/v2\/comments?post=144837"}],"version-history":[{"count":1,"href":"https:\/\/die-webzeitung.de\/stuttgart\/wp-json\/wp\/v2\/posts\/144837\/revisions"}],"predecessor-version":[{"id":144839,"href":"https:\/\/die-webzeitung.de\/stuttgart\/wp-json\/wp\/v2\/posts\/144837\/revisions\/144839"}],"wp:featuredmedia":[{"embeddable":true,"href":"https:\/\/die-webzeitung.de\/stuttgart\/wp-json\/wp\/v2\/media\/144838"}],"wp:attachment":[{"href":"https:\/\/die-webzeitung.de\/stuttgart\/wp-json\/wp\/v2\/media?parent=144837"}],"wp:term":[{"taxonomy":"category","embeddable":true,"href":"https:\/\/die-webzeitung.de\/stuttgart\/wp-json\/wp\/v2\/categories?post=144837"},{"taxonomy":"post_tag","embeddable":true,"href":"https:\/\/die-webzeitung.de\/stuttgart\/wp-json\/wp\/v2\/tags?post=144837"}],"curies":[{"name":"wp","href":"https:\/\/api.w.org\/{rel}","templated":true}]}}