{"id":144820,"date":"2022-01-22T19:43:17","date_gmt":"2022-01-22T18:43:17","guid":{"rendered":"https:\/\/die-webzeitung.de\/stuttgart\/?p=144820"},"modified":"2022-01-22T19:43:17","modified_gmt":"2022-01-22T18:43:17","slug":"demonstrationsgeschehen-am-22-01-2022-in-stuttgart","status":"publish","type":"post","link":"https:\/\/die-webzeitung.de\/stuttgart\/2022\/01\/22\/demonstrationsgeschehen-am-22-01-2022-in-stuttgart\/","title":{"rendered":"Demonstrationsgeschehen am 22.01.2022 in Stuttgart"},"content":{"rendered":"<p style=\"text-align: justify;\">Stuttgart-Mitte\/-Bad Cannstatt\/-Ost.| Mehrere Hundert Polizeibeamte waren am Samstag (22.01.2022) wegen drei angemeldeter Demonstrationen in Stuttgart im Einsatz. Im Bereich des Cannstatter Wasens startete ab 13.30 Uhr eine Versammlung unter dem Thema &#8220;Gegen die Hetze der Medien und gegen die Spaltung der B\u00fcrger und gegen die Impflicht&#8221;. Unter den Versammlungsteilnehmern waren etliche Personen, die der Querdenker-Bewegung zugerechnet werden k\u00f6nnen. Vereinzelt mussten die Menschen, die keine Mund-Nasen-Bedeckung trugen erst von den polizeilichen Kommunikationsteams und mittels Lautsprecherwagen auf die Einhaltung der Corona-Regeln und auf die Einhaltung der von der Versammlungsbeh\u00f6rde erlassenen Auflagen mehrfach hingewiesen werden, bevor sie diese umsetzten. Der Gro\u00dfteil kam dieser Aufforderung nur z\u00f6gerlich nach. Dennoch stellten die Einsatzkr\u00e4fte hier bereits 21 Verst\u00f6\u00dfe gegen die Pflicht zum Tragen der Mund-Nasen-Bedeckung fest. Zudem verweigerten drei Personen die Angabe ihrer Personalien. Im Rahmen der Anzeigenaufnahme wehrte sich ein als Ordner eingeteilter Mann, der ebenfalls keine Maske trug, gegen die polizeilichen Ma\u00dfnahmen und musste schlie\u00dflich festgenommen werden. Er musste wegen seines renitenten Verhaltens zu Boden gebracht werden und wird wegen Widerstands gegen Polizeibeamte angezeigt.<\/p>\n<p style=\"text-align: justify;\">Im Anschluss an eine kurze Auftaktkundgebung auf dem P9 zog der angemeldete Aufzug, dem sich insgesamt deutlich mehr Personen als angemeldet angeschlossen hatten, in Richtung Stuttgart-Ost \u00fcber die Talstra\u00dfe, die Hackstra\u00dfe, die Teckstra\u00dfe zur Werderstra\u00dfe. Ab 14.30 Uhr fand im Bereich der Wilhelm-Camerer-Stra\u00dfe vor dem Funkhaus des SWR die angemeldete Zwischenkundgebung statt. In der Folge bewegte sich der Aufzug gegen 15.00 Uhr wieder zur\u00fcck zum Ausgangspunkt auf den P9, wo die Abschlusskundgebung erfolgte. Auch hier musste erneut mehrfach auf die Maskentragepflicht hingewiesen werden. Ein Versammlungsteilnehmer war mit diesen polizeilichen Ma\u00dfnahmen nicht einverstanden und leistete daraufhin Widerstand. Ein weiterer Mann zeigte den Hitlergru\u00df und wird wegen Volksverhetzung angezeigt. Insgesamt war die Versammlung bis auf teils verbal angeheizte Stimmungsphasen friedlich.<\/p>\n<p style=\"text-align: justify;\">Parallel hierzu fanden im Bereich der Innenstadt am Stauffenbergplatz und am Schillerplatz zwei weitere Kundgebungen statt. Ab 14.00 Uhr versammelten sich Teilnehmende einer Kundgebung zum Thema &#8220;Impflicht&#8221;. Zum Schutz dieser Demonstration zeigte die Polizei mit Polizeikr\u00e4ften inklusive Reitern und Wasserwerfern starke Pr\u00e4senz. Gegen die Kundgebung protestierten Personen eines B\u00fcndnisses auf dem Stauffenbergplatz unter dem Motto &#8220;Kein Platz f\u00fcr Rassismus in Stuttgart &#8211; f\u00fcr Solidarit\u00e4t und Respekt&#8221;. Nach dem dortigen Kundgebungsende gegen 14.45 Uhr formierte sich ein Spontanaufzug mit mehreren Hundert Demonstrationsteilnehmenden, die dem linken Spektrum zuzuordnen sind, und begaben sich \u00fcber die Planie zum Schillerplatz, um dort lautstark gegen die Veranstaltung der AfD zu protestieren.<\/p>\n<p style=\"text-align: justify;\">Vereinzelt kam es zu Provokationen zwischen Teilnehmern der einzelnen Lager. Einem Teilnehmer der Versammlung am Schillerplatz wurde der Zugang verwehrt, indem er von mehreren Personen umringt worden war. Einsatzkr\u00e4fte der Polizei mussten die Demonstranten des linken Spektrums zur\u00fcckdr\u00e4ngen und befreiten den Mann. Sie nahmen einen Tatverd\u00e4chtigen fest, der dabei Widerstand leistete. Die Polizei ermittelt unter anderem wegen einer Sachbesch\u00e4digung an einer Fahne eines Demonstrationsteilnehmers. Der mutma\u00dfliche T\u00e4ter d\u00fcrfte dem rechten Lager zuzurechnen sein. Abseits der genannten Versammlungen, jedoch mutma\u00dflich im Zusammenhang kam es im Bereich Stuttgart Ost zum gewaltt\u00e4tigen Aufeinandertreffen zwischen ehemaligen Teilnehmern aus der Versammlung vor dem Medienhaus im Bereich der Werderstra\u00dfe und Teilnehmern einer Versammlung in der Innenstadt. Mindestens ein mutma\u00dflicher Beteiligter ist inzwischen festgenommen worden. Die Ermittlungen nach weiteren Beteiligten dauern an.<\/p>\n<hr \/>\n<p style=\"text-align: justify;\">\n","protected":false},"excerpt":{"rendered":"<p>Stuttgart-Mitte\/-Bad Cannstatt\/-Ost.| Mehrere Hundert Polizeibeamte waren am Samstag (22.01.2022) wegen drei angemeldeter Demonstrationen in Stuttgart im Einsatz. Im Bereich des Cannstatter Wasens startete ab 13.30 Uhr eine Versammlung unter dem Thema &#8220;Gegen die Hetze der Medien und gegen die Spaltung der B\u00fcrger und gegen die Impflicht&#8221;. Unter den Versammlungsteilnehmern waren etliche Personen, die der Querdenker-Bewegung [&hellip;]<\/p>\n","protected":false},"author":4,"featured_media":144524,"comment_status":"closed","ping_status":"open","sticky":false,"template":"","format":"standard","meta":{"inline_featured_image":false,"_exactmetrics_skip_tracking":false,"_exactmetrics_sitenote_active":false,"_exactmetrics_sitenote_note":"","_exactmetrics_sitenote_category":0,"footnotes":""},"categories":[59,2239],"tags":[12534,14857,5,68,16964,9,275],"class_list":{"0":"post-144820","1":"post","2":"type-post","3":"status-publish","4":"format-standard","5":"has-post-thumbnail","7":"category-aktuell","8":"category-stuttgart-lokal","9":"tag-demonstration","10":"tag-die-webzeitung","11":"tag-internetzeitung","12":"tag-online-zeitung","13":"tag-querdenker","14":"tag-schaumedia","15":"tag-stuttgart"},"image_feature":"https:\/\/die-webzeitung.de\/stuttgart\/wp-content\/uploads\/sites\/4\/2021\/12\/Polizei.jpg","author_name":"Redaktion","pure_taxonomies":{"categories":[{"term_id":59,"name":"Aktuell","slug":"aktuell","term_group":0,"term_taxonomy_id":60,"taxonomy":"category","description":"","parent":0,"count":1018,"filter":"raw","image":""},{"term_id":2239,"name":"Stuttgart","slug":"stuttgart-lokal","term_group":0,"term_taxonomy_id":2252,"taxonomy":"category","description":"Berichte und Informationen aus Stuttgart","parent":1433,"count":943,"filter":"raw","image":""}],"tags":[{"term_id":12534,"name":"Demonstration","slug":"demonstration","term_group":0,"term_taxonomy_id":12574,"taxonomy":"post_tag","description":"","parent":0,"count":16,"filter":"raw","image":""},{"term_id":14857,"name":"Die-Webzeitung","slug":"die-webzeitung","term_group":0,"term_taxonomy_id":14876,"taxonomy":"post_tag","description":"","parent":0,"count":3628,"filter":"raw","image":""},{"term_id":5,"name":"Internetzeitung","slug":"internetzeitung","term_group":0,"term_taxonomy_id":5,"taxonomy":"post_tag","description":"","parent":0,"count":1461,"filter":"raw","image":""},{"term_id":68,"name":"Online-Zeitung","slug":"online-zeitung","term_group":0,"term_taxonomy_id":69,"taxonomy":"post_tag","description":"","parent":0,"count":3598,"filter":"raw","image":""},{"term_id":16964,"name":"Querdenker","slug":"querdenker","term_group":0,"term_taxonomy_id":16983,"taxonomy":"post_tag","description":"","parent":0,"count":5,"filter":"raw","image":""},{"term_id":9,"name":"SchauMedia","slug":"schaumedia","term_group":0,"term_taxonomy_id":9,"taxonomy":"post_tag","description":"","parent":0,"count":1607,"filter":"raw","image":""},{"term_id":275,"name":"Stuttgart","slug":"stuttgart","term_group":0,"term_taxonomy_id":281,"taxonomy":"post_tag","description":"","parent":0,"count":1196,"filter":"raw","image":""}]},"_links":{"self":[{"href":"https:\/\/die-webzeitung.de\/stuttgart\/wp-json\/wp\/v2\/posts\/144820","targetHints":{"allow":["GET"]}}],"collection":[{"href":"https:\/\/die-webzeitung.de\/stuttgart\/wp-json\/wp\/v2\/posts"}],"about":[{"href":"https:\/\/die-webzeitung.de\/stuttgart\/wp-json\/wp\/v2\/types\/post"}],"author":[{"embeddable":true,"href":"https:\/\/die-webzeitung.de\/stuttgart\/wp-json\/wp\/v2\/users\/4"}],"replies":[{"embeddable":true,"href":"https:\/\/die-webzeitung.de\/stuttgart\/wp-json\/wp\/v2\/comments?post=144820"}],"version-history":[{"count":1,"href":"https:\/\/die-webzeitung.de\/stuttgart\/wp-json\/wp\/v2\/posts\/144820\/revisions"}],"predecessor-version":[{"id":144821,"href":"https:\/\/die-webzeitung.de\/stuttgart\/wp-json\/wp\/v2\/posts\/144820\/revisions\/144821"}],"wp:featuredmedia":[{"embeddable":true,"href":"https:\/\/die-webzeitung.de\/stuttgart\/wp-json\/wp\/v2\/media\/144524"}],"wp:attachment":[{"href":"https:\/\/die-webzeitung.de\/stuttgart\/wp-json\/wp\/v2\/media?parent=144820"}],"wp:term":[{"taxonomy":"category","embeddable":true,"href":"https:\/\/die-webzeitung.de\/stuttgart\/wp-json\/wp\/v2\/categories?post=144820"},{"taxonomy":"post_tag","embeddable":true,"href":"https:\/\/die-webzeitung.de\/stuttgart\/wp-json\/wp\/v2\/tags?post=144820"}],"curies":[{"name":"wp","href":"https:\/\/api.w.org\/{rel}","templated":true}]}}