{"id":144799,"date":"2022-01-21T15:23:39","date_gmt":"2022-01-21T14:23:39","guid":{"rendered":"https:\/\/die-webzeitung.de\/stuttgart\/?p=144799"},"modified":"2022-01-21T15:23:39","modified_gmt":"2022-01-21T14:23:39","slug":"polizeieinsatz-wegen-versammlungen-am-samstag","status":"publish","type":"post","link":"https:\/\/die-webzeitung.de\/stuttgart\/2022\/01\/21\/polizeieinsatz-wegen-versammlungen-am-samstag\/","title":{"rendered":"Polizeieinsatz wegen Versammlungen am Samstag"},"content":{"rendered":"<p style=\"text-align: justify;\">Stuttgart.| Die Stuttgarter Polizei bereitet sich intensiv auf das Demonstrationsgeschehen am Samstag (22.01.2022) vor und wird mit einer erh\u00f6hten Pr\u00e4senz unterwegs sein. Anlass sind angemeldete Versammlungen, die in der Stuttgarter Innenstadt und am Cannstatter Wasen stattfinden sollen. Dabei stehen insbesondere das Geschehen rund um einen angemeldeten Aufzug von Kritikern der Pandemiema\u00dfnahmen im Stuttgarter Osten sowie eine Versammlungslage am Schillerplatz im Fokus.<\/p>\n<p style=\"text-align: justify;\">Das Polizeipr\u00e4sidium Einsatz unterst\u00fctzt die Stuttgarter Polizei unter anderem mit Polizeireitern und weiteren Spezialisten. Im Bedarfsfall werden auch Polizeihubschrauber und Drohnen zur Aufkl\u00e4rung und Videobeobachtung eingesetzt.<\/p>\n<p style=\"text-align: justify;\">Durch die Versammlungen und den begleitenden Polizeieinsatz muss mit Verkehrsbehinderungen sowie zeitweise gesperrten Stra\u00dfen in der Innenstadt, Bad Cannstatt und Stuttgart-Ost gerechnet werden.<\/p>\n<p style=\"text-align: justify;\">Im Bereich des City-Rings sind wie bislang schon alle nicht angemeldeten und nicht beh\u00f6rdlich best\u00e4tigten Versammlungen und Ersatzversammlungen mit generellen Aufrufen zu sogenannten &#8220;Spazierg\u00e4ngen&#8221; oder \u00e4hnlichen Veranstaltungen, die sich gegen die Regelungen der Corona-Verordnung richten, untersagt.<\/p>\n<hr \/>\n<p style=\"text-align: justify;\">\n","protected":false},"excerpt":{"rendered":"<p>Stuttgart.| Die Stuttgarter Polizei bereitet sich intensiv auf das Demonstrationsgeschehen am Samstag (22.01.2022) vor und wird mit einer erh\u00f6hten Pr\u00e4senz unterwegs sein. Anlass sind angemeldete Versammlungen, die in der Stuttgarter Innenstadt und am Cannstatter Wasen stattfinden sollen. Dabei stehen insbesondere das Geschehen rund um einen angemeldeten Aufzug von Kritikern der Pandemiema\u00dfnahmen im Stuttgarter Osten sowie [&hellip;]<\/p>\n","protected":false},"author":4,"featured_media":144524,"comment_status":"closed","ping_status":"open","sticky":false,"template":"","format":"standard","meta":{"inline_featured_image":false,"_exactmetrics_skip_tracking":false,"_exactmetrics_sitenote_active":false,"_exactmetrics_sitenote_note":"","_exactmetrics_sitenote_category":0,"footnotes":""},"categories":[59,2239],"tags":[9171,12534,14857,5,68,205,13624,275,1808],"class_list":{"0":"post-144799","1":"post","2":"type-post","3":"status-publish","4":"format-standard","5":"has-post-thumbnail","7":"category-aktuell","8":"category-stuttgart-lokal","9":"tag-aufzug","10":"tag-demonstration","11":"tag-die-webzeitung","12":"tag-internetzeitung","13":"tag-online-zeitung","14":"tag-polizei","15":"tag-protest","16":"tag-stuttgart","17":"tag-versammlung"},"image_feature":"https:\/\/die-webzeitung.de\/stuttgart\/wp-content\/uploads\/sites\/4\/2021\/12\/Polizei.jpg","author_name":"Redaktion","pure_taxonomies":{"categories":[{"term_id":59,"name":"Aktuell","slug":"aktuell","term_group":0,"term_taxonomy_id":60,"taxonomy":"category","description":"","parent":0,"count":1018,"filter":"raw","image":""},{"term_id":2239,"name":"Stuttgart","slug":"stuttgart-lokal","term_group":0,"term_taxonomy_id":2252,"taxonomy":"category","description":"Berichte und Informationen aus Stuttgart","parent":1433,"count":943,"filter":"raw","image":""}],"tags":[{"term_id":9171,"name":"Aufzug","slug":"aufzug","term_group":0,"term_taxonomy_id":9198,"taxonomy":"post_tag","description":"","parent":0,"count":3,"filter":"raw","image":""},{"term_id":12534,"name":"Demonstration","slug":"demonstration","term_group":0,"term_taxonomy_id":12574,"taxonomy":"post_tag","description":"","parent":0,"count":16,"filter":"raw","image":""},{"term_id":14857,"name":"Die-Webzeitung","slug":"die-webzeitung","term_group":0,"term_taxonomy_id":14876,"taxonomy":"post_tag","description":"","parent":0,"count":3628,"filter":"raw","image":""},{"term_id":5,"name":"Internetzeitung","slug":"internetzeitung","term_group":0,"term_taxonomy_id":5,"taxonomy":"post_tag","description":"","parent":0,"count":1461,"filter":"raw","image":""},{"term_id":68,"name":"Online-Zeitung","slug":"online-zeitung","term_group":0,"term_taxonomy_id":69,"taxonomy":"post_tag","description":"","parent":0,"count":3598,"filter":"raw","image":""},{"term_id":205,"name":"Polizei","slug":"polizei","term_group":0,"term_taxonomy_id":208,"taxonomy":"post_tag","description":"","parent":0,"count":277,"filter":"raw","image":""},{"term_id":13624,"name":"Protest","slug":"protest","term_group":0,"term_taxonomy_id":13666,"taxonomy":"post_tag","description":"","parent":0,"count":4,"filter":"raw","image":""},{"term_id":275,"name":"Stuttgart","slug":"stuttgart","term_group":0,"term_taxonomy_id":281,"taxonomy":"post_tag","description":"","parent":0,"count":1196,"filter":"raw","image":""},{"term_id":1808,"name":"Versammlung","slug":"versammlung","term_group":0,"term_taxonomy_id":12573,"taxonomy":"post_tag","description":"","parent":0,"count":7,"filter":"raw","image":""}]},"_links":{"self":[{"href":"https:\/\/die-webzeitung.de\/stuttgart\/wp-json\/wp\/v2\/posts\/144799","targetHints":{"allow":["GET"]}}],"collection":[{"href":"https:\/\/die-webzeitung.de\/stuttgart\/wp-json\/wp\/v2\/posts"}],"about":[{"href":"https:\/\/die-webzeitung.de\/stuttgart\/wp-json\/wp\/v2\/types\/post"}],"author":[{"embeddable":true,"href":"https:\/\/die-webzeitung.de\/stuttgart\/wp-json\/wp\/v2\/users\/4"}],"replies":[{"embeddable":true,"href":"https:\/\/die-webzeitung.de\/stuttgart\/wp-json\/wp\/v2\/comments?post=144799"}],"version-history":[{"count":2,"href":"https:\/\/die-webzeitung.de\/stuttgart\/wp-json\/wp\/v2\/posts\/144799\/revisions"}],"predecessor-version":[{"id":144801,"href":"https:\/\/die-webzeitung.de\/stuttgart\/wp-json\/wp\/v2\/posts\/144799\/revisions\/144801"}],"wp:featuredmedia":[{"embeddable":true,"href":"https:\/\/die-webzeitung.de\/stuttgart\/wp-json\/wp\/v2\/media\/144524"}],"wp:attachment":[{"href":"https:\/\/die-webzeitung.de\/stuttgart\/wp-json\/wp\/v2\/media?parent=144799"}],"wp:term":[{"taxonomy":"category","embeddable":true,"href":"https:\/\/die-webzeitung.de\/stuttgart\/wp-json\/wp\/v2\/categories?post=144799"},{"taxonomy":"post_tag","embeddable":true,"href":"https:\/\/die-webzeitung.de\/stuttgart\/wp-json\/wp\/v2\/tags?post=144799"}],"curies":[{"name":"wp","href":"https:\/\/api.w.org\/{rel}","templated":true}]}}