{"id":144759,"date":"2022-01-17T14:44:21","date_gmt":"2022-01-17T13:44:21","guid":{"rendered":"https:\/\/die-webzeitung.de\/stuttgart\/?p=144759"},"modified":"2022-01-17T14:44:21","modified_gmt":"2022-01-17T13:44:21","slug":"inzidenzwert-hat-die-marke-500-ueberschritten","status":"publish","type":"post","link":"https:\/\/die-webzeitung.de\/stuttgart\/2022\/01\/17\/inzidenzwert-hat-die-marke-500-ueberschritten\/","title":{"rendered":"Inzidenzwert hat die Marke 500 \u00fcberschritten"},"content":{"rendered":"<h5 style=\"text-align: justify;\"><strong>Ausgangsbeschr\u00e4nkungen auch im Landkreis B\u00f6blingen <\/strong><\/h5>\n<p style=\"text-align: justify;\"><strong>\u00a0<\/strong>Die 7-Tage-Inzidenz im Landkreis B\u00f6blingen hatte am Freitag, 14. Januar 2022, erstmals den Wert 500 \u00fcberschritten. Die Landkreisbeh\u00f6rde muss gem. den Vorgaben der Corona-Verordnung (\u00a717a) diese \u00dcberschreitung in Form einer \u00f6ffentlichen Bekanntmachung feststellen. Die Allgemeinverf\u00fcgung findet sich auf der Homepage des Landkreises B\u00f6blingen, <a href=\"http:\/\/www.lrabb.de\" target=\"_blank\" rel=\"noopener\">www.lrabb.de<\/a>. Die Rechtsfolgen treten ab dem Tag nach der Bekanntmachung, also ab Dienstag, 18. Januar, in Kraft.<\/p>\n<p style=\"text-align: justify;\">Damit tritt auch eine Ausgangsbeschr\u00e4nkung in Kraft. Nicht genesene und nicht geimpfte Personen d\u00fcrfen zwischen 21 und 5 Uhr ihre Wohnung nur verlassen, wenn sie einen der Ausnahmetatbest\u00e4nde erf\u00fcllen. Ausnahmen sind beispielsweise der Besuch bestimmter Veranstaltungen wie Gremiensitzungen, berufliche Gr\u00fcnde oder der Besuch des Partners. \u00a0Liegt die Inzidenz an f\u00fcnf aufeinanderfolgenden Tagen wieder unter 500, werden die lokalen Ausgangsbeschr\u00e4nkungen wieder aufgehoben.<\/p>\n<hr \/>\n<p style=\"text-align: justify;\">\n","protected":false},"excerpt":{"rendered":"<p>Ausgangsbeschr\u00e4nkungen auch im Landkreis B\u00f6blingen \u00a0Die 7-Tage-Inzidenz im Landkreis B\u00f6blingen hatte am Freitag, 14. Januar 2022, erstmals den Wert 500 \u00fcberschritten. Die Landkreisbeh\u00f6rde muss gem. den Vorgaben der Corona-Verordnung (\u00a717a) diese \u00dcberschreitung in Form einer \u00f6ffentlichen Bekanntmachung feststellen. Die Allgemeinverf\u00fcgung findet sich auf der Homepage des Landkreises B\u00f6blingen, www.lrabb.de. Die Rechtsfolgen treten ab dem Tag [&hellip;]<\/p>\n","protected":false},"author":4,"featured_media":140972,"comment_status":"closed","ping_status":"open","sticky":false,"template":"","format":"standard","meta":{"inline_featured_image":false,"_exactmetrics_skip_tracking":false,"_exactmetrics_sitenote_active":false,"_exactmetrics_sitenote_note":"","_exactmetrics_sitenote_category":0,"footnotes":""},"categories":[59,2246],"tags":[3061,14857,5,16838,15010,68,9],"class_list":{"0":"post-144759","1":"post","2":"type-post","3":"status-publish","4":"format-standard","5":"has-post-thumbnail","7":"category-aktuell","8":"category-kreis-boeblingen","9":"tag-boblingen","10":"tag-die-webzeitung","11":"tag-internetzeitung","12":"tag-inzidenz","13":"tag-kreis","14":"tag-online-zeitung","15":"tag-schaumedia"},"image_feature":"https:\/\/die-webzeitung.de\/stuttgart\/wp-content\/uploads\/sites\/4\/2021\/01\/corona-5174671_1920.jpg","author_name":"Redaktion","pure_taxonomies":{"categories":[{"term_id":59,"name":"Aktuell","slug":"aktuell","term_group":0,"term_taxonomy_id":60,"taxonomy":"category","description":"","parent":0,"count":1018,"filter":"raw","image":""},{"term_id":2246,"name":"Kreis B\u00f6blingen","slug":"kreis-boeblingen","term_group":0,"term_taxonomy_id":2259,"taxonomy":"category","description":"","parent":171,"count":197,"filter":"raw","image":""}],"tags":[{"term_id":3061,"name":"B\u00f6blingen","slug":"boblingen","term_group":0,"term_taxonomy_id":3075,"taxonomy":"post_tag","description":"","parent":0,"count":260,"filter":"raw","image":""},{"term_id":14857,"name":"Die-Webzeitung","slug":"die-webzeitung","term_group":0,"term_taxonomy_id":14876,"taxonomy":"post_tag","description":"","parent":0,"count":3628,"filter":"raw","image":""},{"term_id":5,"name":"Internetzeitung","slug":"internetzeitung","term_group":0,"term_taxonomy_id":5,"taxonomy":"post_tag","description":"","parent":0,"count":1461,"filter":"raw","image":""},{"term_id":16838,"name":"Inzidenz","slug":"inzidenz","term_group":0,"term_taxonomy_id":16857,"taxonomy":"post_tag","description":"","parent":0,"count":19,"filter":"raw","image":""},{"term_id":15010,"name":"Kreis","slug":"kreis","term_group":0,"term_taxonomy_id":15029,"taxonomy":"post_tag","description":"","parent":0,"count":6,"filter":"raw","image":""},{"term_id":68,"name":"Online-Zeitung","slug":"online-zeitung","term_group":0,"term_taxonomy_id":69,"taxonomy":"post_tag","description":"","parent":0,"count":3598,"filter":"raw","image":""},{"term_id":9,"name":"SchauMedia","slug":"schaumedia","term_group":0,"term_taxonomy_id":9,"taxonomy":"post_tag","description":"","parent":0,"count":1607,"filter":"raw","image":""}]},"_links":{"self":[{"href":"https:\/\/die-webzeitung.de\/stuttgart\/wp-json\/wp\/v2\/posts\/144759","targetHints":{"allow":["GET"]}}],"collection":[{"href":"https:\/\/die-webzeitung.de\/stuttgart\/wp-json\/wp\/v2\/posts"}],"about":[{"href":"https:\/\/die-webzeitung.de\/stuttgart\/wp-json\/wp\/v2\/types\/post"}],"author":[{"embeddable":true,"href":"https:\/\/die-webzeitung.de\/stuttgart\/wp-json\/wp\/v2\/users\/4"}],"replies":[{"embeddable":true,"href":"https:\/\/die-webzeitung.de\/stuttgart\/wp-json\/wp\/v2\/comments?post=144759"}],"version-history":[{"count":2,"href":"https:\/\/die-webzeitung.de\/stuttgart\/wp-json\/wp\/v2\/posts\/144759\/revisions"}],"predecessor-version":[{"id":144761,"href":"https:\/\/die-webzeitung.de\/stuttgart\/wp-json\/wp\/v2\/posts\/144759\/revisions\/144761"}],"wp:featuredmedia":[{"embeddable":true,"href":"https:\/\/die-webzeitung.de\/stuttgart\/wp-json\/wp\/v2\/media\/140972"}],"wp:attachment":[{"href":"https:\/\/die-webzeitung.de\/stuttgart\/wp-json\/wp\/v2\/media?parent=144759"}],"wp:term":[{"taxonomy":"category","embeddable":true,"href":"https:\/\/die-webzeitung.de\/stuttgart\/wp-json\/wp\/v2\/categories?post=144759"},{"taxonomy":"post_tag","embeddable":true,"href":"https:\/\/die-webzeitung.de\/stuttgart\/wp-json\/wp\/v2\/tags?post=144759"}],"curies":[{"name":"wp","href":"https:\/\/api.w.org\/{rel}","templated":true}]}}