{"id":144686,"date":"2022-01-10T14:51:37","date_gmt":"2022-01-10T13:51:37","guid":{"rendered":"https:\/\/die-webzeitung.de\/stuttgart\/2022\/01\/10\/wuestenrot-studie-wohneigentum-durch-corona-noch-erstrebenswerter\/"},"modified":"2022-01-10T14:51:37","modified_gmt":"2022-01-10T13:51:37","slug":"wuestenrot-studie-wohneigentum-durch-corona-noch-erstrebenswerter","status":"publish","type":"post","link":"https:\/\/die-webzeitung.de\/stuttgart\/2022\/01\/10\/wuestenrot-studie-wohneigentum-durch-corona-noch-erstrebenswerter\/","title":{"rendered":"W\u00fcstenrot-Studie: Wohneigentum durch Corona noch erstrebenswerter"},"content":{"rendered":"<p style=\"text-align: justify;\"><strong>Die Coronavirus-Pandemie bringt ein steigendes Interesse an Wohneigentum mit sich. Nach einer aktuellen Untersuchung von W\u00fcstenrot unter den Eindr\u00fccken der Corona-Pandemie tr\u00e4gt sich derzeit eine gro\u00dfe Mehrheit von 80 Prozent der Mieter unter 45 Jahren mit dem Gedanken Wohneigentum zu erwerben.\u00a0 <\/strong><\/p>\n<p style=\"text-align: justify;\">Aus dieser Mietergruppe planen rund 13 Prozent den Immobilienerwerb bereits im Jahr 2022, weitere knapp 25 Prozent in den n\u00e4chsten 2-3 Jahren. Am h\u00e4ufigsten streben die j\u00fcngeren Mieter Wohneigentum innerhalb der n\u00e4chsten 4 bis 10 Jahre an, diesen Zeitraum nannte knapp jeder Dritte. Dieser zeitliche Horizont entspricht im \u00dcbrigen den klassischen Vorsparzeitr\u00e4umen f\u00fcr Bausparen.<\/p>\n<p style=\"text-align: justify;\"><strong>L\u00e4ndliche Standorte und Kleinst\u00e4dte bevorzugt<\/strong><\/p>\n<p style=\"text-align: justify;\">Eine deutliche Mehrheit von zwei Dritteln der Befragten, die Wohneigentum erwerben m\u00f6chten, strebt einen Standort in einer Landgemeinde bis 5.000 Einwohner oder in einer kleineren Stadt bis 50.000 Einwohnern an. In eine Gro\u00dfstadt mit \u00fcber 100.000 Einwohnern zieht es nur knapp jeden f\u00fcnften. In einer Vorg\u00e4ngeruntersuchung im Sommer 2020 ergab sich bereits ein sehr \u00e4hnliches Bild.<\/p>\n<p style=\"text-align: justify;\">In einem beschaulicheren Umfeld zu wohnen steht in der Bev\u00f6lkerung also hoch im Kurs, woran die Erfahrungen aus der Corona-Krise ihren deutlichen Anteil haben. Begr\u00fcndet wurden diese Standortpr\u00e4ferenzen insbesondere mit dem Wunsch nach Ruhe und Abstand zu den n\u00e4chsten Nachbarn, was f\u00fcr 30 Prozent der Referenzgruppe der wesentliche Aspekt ist, gefolgt von den Motiven viel Gr\u00fcn \/ Natur \/ wenig Verkehr und geringe Schadstoffbelastung mit 18 Prozent.<\/p>\n<p style=\"text-align: justify;\">Den Befragten, die Wohneigentum anstreben, sind bei Standort- und Objektauswahl und der M\u00f6glichkeit der Mehrfachnennung eine Reihe von Aspekten besonders wichtig. Mehr als jeder zweite von ihnen gab an \u201eich brauche Platz um mich herum\u201c. Konkret: Es sollte sich mindestens um eine Doppelhaush\u00e4lfte oder ein Reihenendhaus handeln. Hohe Pr\u00e4ferenz genie\u00dfen auch Garten oder Terrasse beziehungsweise ein\u00a0 gro\u00dfer Balkon, was f\u00fcr 44 Prozent der Befragten besonders wichtig ist. F\u00fcr immerhin jeden sechsten ist ein gesonderter Raum f\u00fcr Home-Office sehr\u00a0 erstrebenswert.<\/p>\n<p style=\"text-align: justify;\"><strong>Hauseigent\u00fcmer wissen um die Vorz\u00fcge<\/strong><\/p>\n<p style=\"text-align: justify;\">Im Rahmen der Studie wurden zugleich auch Hauseigent\u00fcmerinnen und Hauseigent\u00fcmer bez\u00fcglich der pers\u00f6nlichen Bedeutung der Immobilie befragt. Eine \u00fcberw\u00e4ltigende Mehrheit von \u00fcber 90 Prozent sch\u00e4tzt es seit Aufkommen der Coronavirus-Pandemie ganz besonders, ein eigenes Haus zu haben. 3 von 4 Befragten stimmen dieser Aussage sogar \u201evoll und ganz\u201c zu. Eine ebenso deutliche Mehrheit w\u00fcrde sich heute, wenn sie die Wahl h\u00e4tten, wieder f\u00fcr Wohneigentum entscheiden. Damit wurden die hohen Zustimmungswerte zu diesen Fragen aus einer Vorg\u00e4ngerbefragung im ersten Corona-Jahr 2020 insgesamt klar best\u00e4tigt.<\/p>\n<p style=\"text-align: justify;\">Bernd Hertweck, Vorstandsvorsitzender der W\u00fcstenrot Bausparkasse AG: \u201eDie repr\u00e4sentativen Ergebnisse unserer Studie untermauern auch f\u00fcr das Wohnen, dass die Corona-Pandemie weit und nachhaltig in das Leben der Menschen hineinwirkt. Mehr Platz f\u00fcr Wohnen, Arbeit, Freizeit und Familie und ein Umfeld jenseits urbaner Enge werden zunehmend wichtig und erstrebenswert. Am konsequentesten kann sich diese W\u00fcnsche erf\u00fcllen, wer sich seine eigenen vier W\u00e4nde baut oder kauft.\u201c<\/p>\n<hr \/>\n<p style=\"text-align: justify;\">\n","protected":false},"excerpt":{"rendered":"<p>Die Coronavirus-Pandemie bringt ein steigendes Interesse an Wohneigentum mit sich. Nach einer aktuellen Untersuchung von W\u00fcstenrot unter den Eindr\u00fccken der Corona-Pandemie tr\u00e4gt sich derzeit eine gro\u00dfe Mehrheit von 80 Prozent der Mieter unter 45 Jahren mit dem Gedanken Wohneigentum zu erwerben.\u00a0 Aus dieser Mietergruppe planen rund 13 Prozent den Immobilienerwerb bereits im Jahr 2022, weitere [&hellip;]<\/p>\n","protected":false},"author":4,"featured_media":134594,"comment_status":"closed","ping_status":"open","sticky":false,"template":"","format":"standard","meta":{"inline_featured_image":false,"_exactmetrics_skip_tracking":false,"_exactmetrics_sitenote_active":false,"_exactmetrics_sitenote_note":"","_exactmetrics_sitenote_category":0,"footnotes":""},"categories":[2237],"tags":[14857,25,5,68,9,910,19],"class_list":{"0":"post-144686","1":"post","2":"type-post","3":"status-publish","4":"format-standard","5":"has-post-thumbnail","7":"category-ratgeber-leben","8":"tag-die-webzeitung","9":"tag-eigentum","10":"tag-internetzeitung","11":"tag-online-zeitung","12":"tag-schaumedia","13":"tag-wohnung","14":"tag-wustenrot"},"image_feature":"https:\/\/die-webzeitung.de\/stuttgart\/wp-content\/uploads\/sites\/4\/2019\/05\/wohnung.jpg","author_name":"Redaktion","pure_taxonomies":{"categories":[{"term_id":2237,"name":"Ratgeber","slug":"ratgeber-leben","term_group":0,"term_taxonomy_id":2250,"taxonomy":"category","description":"","parent":482,"count":380,"filter":"raw","image":""}],"tags":[{"term_id":14857,"name":"Die-Webzeitung","slug":"die-webzeitung","term_group":0,"term_taxonomy_id":14876,"taxonomy":"post_tag","description":"","parent":0,"count":3628,"filter":"raw","image":""},{"term_id":25,"name":"Eigentum","slug":"eigentum","term_group":0,"term_taxonomy_id":25,"taxonomy":"post_tag","description":"","parent":0,"count":2,"filter":"raw","image":""},{"term_id":5,"name":"Internetzeitung","slug":"internetzeitung","term_group":0,"term_taxonomy_id":5,"taxonomy":"post_tag","description":"","parent":0,"count":1461,"filter":"raw","image":""},{"term_id":68,"name":"Online-Zeitung","slug":"online-zeitung","term_group":0,"term_taxonomy_id":69,"taxonomy":"post_tag","description":"","parent":0,"count":3598,"filter":"raw","image":""},{"term_id":9,"name":"SchauMedia","slug":"schaumedia","term_group":0,"term_taxonomy_id":9,"taxonomy":"post_tag","description":"","parent":0,"count":1607,"filter":"raw","image":""},{"term_id":910,"name":"Wohnung","slug":"wohnung","term_group":0,"term_taxonomy_id":919,"taxonomy":"post_tag","description":"","parent":0,"count":7,"filter":"raw","image":""},{"term_id":19,"name":"W\u00fcstenrot","slug":"wustenrot","term_group":0,"term_taxonomy_id":19,"taxonomy":"post_tag","description":"","parent":0,"count":171,"filter":"raw","image":""}]},"_links":{"self":[{"href":"https:\/\/die-webzeitung.de\/stuttgart\/wp-json\/wp\/v2\/posts\/144686","targetHints":{"allow":["GET"]}}],"collection":[{"href":"https:\/\/die-webzeitung.de\/stuttgart\/wp-json\/wp\/v2\/posts"}],"about":[{"href":"https:\/\/die-webzeitung.de\/stuttgart\/wp-json\/wp\/v2\/types\/post"}],"author":[{"embeddable":true,"href":"https:\/\/die-webzeitung.de\/stuttgart\/wp-json\/wp\/v2\/users\/4"}],"replies":[{"embeddable":true,"href":"https:\/\/die-webzeitung.de\/stuttgart\/wp-json\/wp\/v2\/comments?post=144686"}],"version-history":[{"count":0,"href":"https:\/\/die-webzeitung.de\/stuttgart\/wp-json\/wp\/v2\/posts\/144686\/revisions"}],"wp:featuredmedia":[{"embeddable":true,"href":"https:\/\/die-webzeitung.de\/stuttgart\/wp-json\/wp\/v2\/media\/134594"}],"wp:attachment":[{"href":"https:\/\/die-webzeitung.de\/stuttgart\/wp-json\/wp\/v2\/media?parent=144686"}],"wp:term":[{"taxonomy":"category","embeddable":true,"href":"https:\/\/die-webzeitung.de\/stuttgart\/wp-json\/wp\/v2\/categories?post=144686"},{"taxonomy":"post_tag","embeddable":true,"href":"https:\/\/die-webzeitung.de\/stuttgart\/wp-json\/wp\/v2\/tags?post=144686"}],"curies":[{"name":"wp","href":"https:\/\/api.w.org\/{rel}","templated":true}]}}