{"id":144645,"date":"2022-01-05T14:34:20","date_gmt":"2022-01-05T13:34:20","guid":{"rendered":"https:\/\/die-webzeitung.de\/stuttgart\/?p=144645"},"modified":"2022-01-05T14:34:20","modified_gmt":"2022-01-05T13:34:20","slug":"schnittgut-aus-obstwiesen-liefert-energie","status":"publish","type":"post","link":"https:\/\/die-webzeitung.de\/stuttgart\/2022\/01\/05\/schnittgut-aus-obstwiesen-liefert-energie\/","title":{"rendered":"Schnittgut aus Obstwiesen liefert Energie"},"content":{"rendered":"<h5 style=\"text-align: justify;\"><strong>21 Gemeinden im Landkreis richten extra Sammelpl\u00e4tze ein<\/strong><\/h5>\n<p style=\"text-align: justify;\">Kreis Esslingen.| \u00dcber 9.500 Hektar Streuobstwiesen im Landkreis Esslingen wollen gepflegt werden. Diese Arbeit vieler engagierter Privatpersonen und Vereine unterst\u00fctzen der Landkreis, der Abfallwirtschaftsbetrieb, St\u00e4dte und Kommunen wieder gemeinsam im Rahmen des Projekts &#8220;Energetische Nutzung von Obstbaumschnittholz&#8221;. Zugleich gelingt es mit dem Projekt eine wichtige Energieressource nutzbar zu machen. Im Rahmen des Projektes werden zur Obstbaum-Schnittsaison zus\u00e4tzliche Sammelpl\u00e4tze f\u00fcr das Schnittgut eingerichtet, welches dann vor Ort geh\u00e4ckselt und anschlie\u00dfend in einem Holzheizkraftwerk energetisch verwertet wird. In diesem Jahr beteiligen sich 21 St\u00e4dte und Gemeinden und weisen in Kooperation mit dem Landkreis insgesamt 30 extra Saison-Sammelpl\u00e4tze f\u00fcr das Schnittgut aus.<\/p>\n<p style=\"text-align: justify;\">Bereits in den letzten Jahren ist das Projekt ein voller Erfolg gewesen. 2021 konnten auf den seiner Zeit extra eingerichteten 28 Sammelpl\u00e4tzen von Mitte Februar bis Anfang April 8.200 Kubikmeter Holzhackschnitzel erzeugt werden. Durch die energetische Verwertung im Holzheizkraftwerk Scharnh\u00e4user Park konnten damit mehr als eine dreiviertel Million Liter Heiz\u00f6l eingespart werden. Au\u00dferdem hat die Einrichtung der vorr\u00fcbergehenden Sammelpl\u00e4tze viele Streuobstwiesenbesitzer ermutigt, ihre B\u00e4ume wieder bzw. weiter zu schneiden und so einen wichtigen Beitrag zum Erhalt der Kulturlandschaft zu leisten.<\/p>\n<p style=\"text-align: justify;\">An den Saison-Sammelpl\u00e4tzen k\u00f6nnen die Wiesenbewirtschafter ihr geschnittenes Obstbaumholz in einem Zeitraum von drei bis vier Wochen abliefern. Das spart die oft l\u00e4ngeren Wege zur Gr\u00fcnschnittsammelstelle oder Kompostierungsanlage mit ihren festen \u00d6ffnungszeiten.<\/p>\n<p style=\"text-align: justify;\">Schnittgut von immergr\u00fcnen Str\u00e4uchern, Gartengr\u00fcnschnitt sowie nicht verholztes Material geh\u00f6rt nicht auf die Saison-Sammelpl\u00e4tze f\u00fcr den Obstbaumschnitt. Es ist nicht f\u00fcr die energetische Verwertung geeignet und ist weiterhin bei den Gr\u00fcnschnittsammelpl\u00e4tzen des Abfallwirtschaftsbetriebs abzugeben. Nur so kann gew\u00e4hrleistet werden, dass das Projekt auch in den kommenden Jahren durchgef\u00fchrt werden kann.<\/p>\n<p style=\"text-align: justify;\">N\u00e4here Informationen zu den \u00f6rtlichen Sammelstellen f\u00fcr Obstbaumschnitt und den jeweiligen Sammelzeitr\u00e4umen gibt es auf der interaktiven Kreiskarte auf <a href=\"http:\/\/www.landkreis-esslingen.de\" target=\"_blank\" rel=\"noopener\">www.landkreis-esslingen.de<\/a> unter B\u00fcrgerservice, Kreiskarten von A &#8211; Z.<\/p>\n<hr \/>\n<p style=\"text-align: justify;\">\n","protected":false},"excerpt":{"rendered":"<p>21 Gemeinden im Landkreis richten extra Sammelpl\u00e4tze ein Kreis Esslingen.| \u00dcber 9.500 Hektar Streuobstwiesen im Landkreis Esslingen wollen gepflegt werden. Diese Arbeit vieler engagierter Privatpersonen und Vereine unterst\u00fctzen der Landkreis, der Abfallwirtschaftsbetrieb, St\u00e4dte und Kommunen wieder gemeinsam im Rahmen des Projekts &#8220;Energetische Nutzung von Obstbaumschnittholz&#8221;. Zugleich gelingt es mit dem Projekt eine wichtige Energieressource nutzbar [&hellip;]<\/p>\n","protected":false},"author":4,"featured_media":0,"comment_status":"closed","ping_status":"open","sticky":false,"template":"","format":"standard","meta":{"inline_featured_image":false,"_exactmetrics_skip_tracking":false,"_exactmetrics_sitenote_active":false,"_exactmetrics_sitenote_note":"","_exactmetrics_sitenote_category":0,"footnotes":""},"categories":[2247],"tags":[14857,14440,17254,5,17253,68,17252],"class_list":{"0":"post-144645","1":"post","2":"type-post","3":"status-publish","4":"format-standard","6":"category-kreis-esslingen","7":"tag-die-webzeitung","8":"tag-esslingen","9":"tag-holzschnitzel","10":"tag-internetzeitung","11":"tag-obstwiesen","12":"tag-online-zeitung","13":"tag-schnittgut"},"image_feature":null,"author_name":"Redaktion","pure_taxonomies":{"categories":[{"term_id":2247,"name":"Kreis Esslingen","slug":"kreis-esslingen","term_group":0,"term_taxonomy_id":2260,"taxonomy":"category","description":"Informationen aus dem Landkreis Esslingen","parent":171,"count":214,"filter":"raw","image":""}],"tags":[{"term_id":14857,"name":"Die-Webzeitung","slug":"die-webzeitung","term_group":0,"term_taxonomy_id":14876,"taxonomy":"post_tag","description":"","parent":0,"count":3628,"filter":"raw","image":""},{"term_id":14440,"name":"Esslingen","slug":"esslingen","term_group":0,"term_taxonomy_id":3885,"taxonomy":"post_tag","description":"","parent":0,"count":202,"filter":"raw","image":""},{"term_id":17254,"name":"Holzschnitzel","slug":"holzschnitzel","term_group":0,"term_taxonomy_id":17273,"taxonomy":"post_tag","description":"","parent":0,"count":1,"filter":"raw","image":""},{"term_id":5,"name":"Internetzeitung","slug":"internetzeitung","term_group":0,"term_taxonomy_id":5,"taxonomy":"post_tag","description":"","parent":0,"count":1461,"filter":"raw","image":""},{"term_id":17253,"name":"Obstwiesen","slug":"obstwiesen","term_group":0,"term_taxonomy_id":17272,"taxonomy":"post_tag","description":"","parent":0,"count":1,"filter":"raw","image":""},{"term_id":68,"name":"Online-Zeitung","slug":"online-zeitung","term_group":0,"term_taxonomy_id":69,"taxonomy":"post_tag","description":"","parent":0,"count":3598,"filter":"raw","image":""},{"term_id":17252,"name":"Schnittgut","slug":"schnittgut","term_group":0,"term_taxonomy_id":17271,"taxonomy":"post_tag","description":"","parent":0,"count":1,"filter":"raw","image":""}]},"_links":{"self":[{"href":"https:\/\/die-webzeitung.de\/stuttgart\/wp-json\/wp\/v2\/posts\/144645","targetHints":{"allow":["GET"]}}],"collection":[{"href":"https:\/\/die-webzeitung.de\/stuttgart\/wp-json\/wp\/v2\/posts"}],"about":[{"href":"https:\/\/die-webzeitung.de\/stuttgart\/wp-json\/wp\/v2\/types\/post"}],"author":[{"embeddable":true,"href":"https:\/\/die-webzeitung.de\/stuttgart\/wp-json\/wp\/v2\/users\/4"}],"replies":[{"embeddable":true,"href":"https:\/\/die-webzeitung.de\/stuttgart\/wp-json\/wp\/v2\/comments?post=144645"}],"version-history":[{"count":2,"href":"https:\/\/die-webzeitung.de\/stuttgart\/wp-json\/wp\/v2\/posts\/144645\/revisions"}],"predecessor-version":[{"id":144647,"href":"https:\/\/die-webzeitung.de\/stuttgart\/wp-json\/wp\/v2\/posts\/144645\/revisions\/144647"}],"wp:attachment":[{"href":"https:\/\/die-webzeitung.de\/stuttgart\/wp-json\/wp\/v2\/media?parent=144645"}],"wp:term":[{"taxonomy":"category","embeddable":true,"href":"https:\/\/die-webzeitung.de\/stuttgart\/wp-json\/wp\/v2\/categories?post=144645"},{"taxonomy":"post_tag","embeddable":true,"href":"https:\/\/die-webzeitung.de\/stuttgart\/wp-json\/wp\/v2\/tags?post=144645"}],"curies":[{"name":"wp","href":"https:\/\/api.w.org\/{rel}","templated":true}]}}