{"id":144597,"date":"2021-12-31T12:39:27","date_gmt":"2021-12-31T11:39:27","guid":{"rendered":"https:\/\/die-webzeitung.de\/stuttgart\/?p=144597"},"modified":"2021-12-31T12:39:27","modified_gmt":"2021-12-31T11:39:27","slug":"auf-diese-weise-trinken-sie-nie-wieder-zu-wenig","status":"publish","type":"post","link":"https:\/\/die-webzeitung.de\/stuttgart\/2021\/12\/31\/auf-diese-weise-trinken-sie-nie-wieder-zu-wenig\/","title":{"rendered":"Auf diese Weise trinken Sie nie wieder zu wenig"},"content":{"rendered":"<p style=\"text-align: right;\"><em>Gesch\u00e4ftliche Information<\/em><\/p>\n<p style=\"text-align: justify;\">Es ist \u00fcberaus wichtig, dass wir genug trinken. In der Regel sagt man, dass man als Erwachsene zwei bis zweieinhalb Liter Wasser trinken sollte. Verst\u00e4ndlicherweise ist es aber f\u00fcr manche von uns schwieriger um zu setzten, wie es auf den ersten Blick scheint. Etwa, weil man viel Unterwegs ist und nicht immer die M\u00f6glichkeit hat etwas zu trinken. Aber auch Menschen, die w\u00e4hrend der Arbeit kaum Zeit finden etwas zu trinken, laufen die Gefahr zu dehydrieren.<\/p>\n<p style=\"text-align: justify;\"><strong>Gesundheitliche Symptome<br \/>\n<\/strong>Anzeichen daf\u00fcr, dass zu wenig Fl\u00fcssigkeit getrunken wurde, sind unter anderem: ein trockener Mund, Kopfschmerzen, M\u00fcdigkeit, Konzentrationsschw\u00e4che, Schwindel, trockene und juckende Haut sowie spr\u00f6de Lippen. Um zu vermeiden, dass diese schlimmen Folgen auftreten, gibt es einige Tricks, die wir Ihnen gerne verraten. Selbstverst\u00e4ndlich liegt uns Ihre Gesundheit am Herzen.<\/p>\n<p style=\"text-align: justify;\"><strong>Wasserhaushalt in Schuss kriegen<br \/>\n<\/strong>Geh\u00f6ren Sie zu den Personen, die das Getr\u00e4nk zwar in Reichweite haben, aber so tief in Ihrer Arbeit versunken sind, dass Sie es schlichtweg vergessen. Was das angeht, k\u00f6nnen wir schnell Abhilfe verschaffen. Denn es gibt etliche Apps, die Sie auf dem Smartphone installieren k\u00f6nnen, um Sie daran zu erinnern etwas zu trinken. Auch \u00fcber die Apple Watch l\u00e4sst sich die Erinnerung simpel einrichten. Im Prinzip kriegen Sie von da an jedes Mal eine Benachrichtigung, wenn es wieder Zeit ist zu trinken. Fordern Sie Ihre Kollegen auf mitzumachen und es wird schon bald zur t\u00e4glichen Routine geh\u00f6ren.<\/p>\n<p style=\"text-align: justify;\"><strong>Wasserflaschen to go<br \/>\n<\/strong>Wir verstehen aber, dass ein langweiliges und schlichtes Trinkglas ziemlich \u00f6de sein kann, um raus zutrinken. Vor allem kleine Kinder m\u00f6chten am liebsten einen sch\u00f6nen Becher oder eine bunte Flasche haben, am besten sogar eine, die mit dem eigenen Namen bedruckt werden kann. Zum Gl\u00fcck gibt es die <a href=\"https:\/\/www.mymepal.com\/de\/wasserflasche\" target=\"_blank\" rel=\"noopener\">Wasserflaschen<\/a> von MyMepal, die nicht nur eine nachhaltige L\u00f6sung bieten, sondern zudem auch noch Klasse aussehen.<\/p>\n<p style=\"text-align: justify;\"><strong>Eine Freude f\u00fcr die ganze Familie<br \/>\n<\/strong>Dadurch, dass die Wasserflaschen sich mehrmals verwenden lassen und leicht zu reinigen sind, sind die Flaschen optimal f\u00fcr Kinder geeignet. Aber auch Sie selbst k\u00f6nnen eine richtige Freude an die Produkte von MyMepal haben. Es lassen sich n\u00e4mlich unterschiedliche Getr\u00e4nke wie Saft, Tee, Kaffee oder Kakao leicht mitnehmen. Somit brauchen Sie nicht auf Ihrer t\u00e4gliche Dosis Koffein zu verzichten.<\/p>\n<p style=\"text-align: justify;\"><strong>Trinkflaschen kaufen<br \/>\n<\/strong>M\u00f6chten Sie gerne eine personalisierte Trinkflasche von MyMepal bestellen? Dann werfen Sie doch einen Blick auf das breite Angebot aus dem Webshop. Ob f\u00fcr Sie selbst oder die ganze Familie, es ist wirklich f\u00fcr jeden etwas dabei.<\/p>\n<hr \/>\n<p style=\"text-align: justify;\">\n","protected":false},"excerpt":{"rendered":"<p>Gesch\u00e4ftliche Information Es ist \u00fcberaus wichtig, dass wir genug trinken. In der Regel sagt man, dass man als Erwachsene zwei bis zweieinhalb Liter Wasser trinken sollte. Verst\u00e4ndlicherweise ist es aber f\u00fcr manche von uns schwieriger um zu setzten, wie es auf den ersten Blick scheint. Etwa, weil man viel Unterwegs ist und nicht immer die [&hellip;]<\/p>\n","protected":false},"author":4,"featured_media":144598,"comment_status":"closed","ping_status":"open","sticky":false,"template":"","format":"standard","meta":{"inline_featured_image":false,"_exactmetrics_skip_tracking":false,"_exactmetrics_sitenote_active":false,"_exactmetrics_sitenote_note":"","_exactmetrics_sitenote_category":0,"footnotes":""},"categories":[2237],"tags":[17249,11553,68,161],"class_list":{"0":"post-144597","1":"post","2":"type-post","3":"status-publish","4":"format-standard","5":"has-post-thumbnail","7":"category-ratgeber-leben","8":"tag-flasche","9":"tag-nevdel","10":"tag-online-zeitung","11":"tag-wasser"},"image_feature":"https:\/\/die-webzeitung.de\/stuttgart\/wp-content\/uploads\/sites\/4\/2021\/12\/water-g21bbf0c95_1280.jpg","author_name":"Redaktion","pure_taxonomies":{"categories":[{"term_id":2237,"name":"Ratgeber","slug":"ratgeber-leben","term_group":0,"term_taxonomy_id":2250,"taxonomy":"category","description":"","parent":482,"count":380,"filter":"raw","image":""}],"tags":[{"term_id":17249,"name":"Flasche","slug":"flasche","term_group":0,"term_taxonomy_id":17268,"taxonomy":"post_tag","description":"","parent":0,"count":1,"filter":"raw","image":""},{"term_id":11553,"name":"NEVDEL","slug":"nevdel","term_group":0,"term_taxonomy_id":11591,"taxonomy":"post_tag","description":"","parent":0,"count":89,"filter":"raw","image":""},{"term_id":68,"name":"Online-Zeitung","slug":"online-zeitung","term_group":0,"term_taxonomy_id":69,"taxonomy":"post_tag","description":"","parent":0,"count":3598,"filter":"raw","image":""},{"term_id":161,"name":"Wasser","slug":"wasser","term_group":0,"term_taxonomy_id":163,"taxonomy":"post_tag","description":"","parent":0,"count":1,"filter":"raw","image":""}]},"_links":{"self":[{"href":"https:\/\/die-webzeitung.de\/stuttgart\/wp-json\/wp\/v2\/posts\/144597","targetHints":{"allow":["GET"]}}],"collection":[{"href":"https:\/\/die-webzeitung.de\/stuttgart\/wp-json\/wp\/v2\/posts"}],"about":[{"href":"https:\/\/die-webzeitung.de\/stuttgart\/wp-json\/wp\/v2\/types\/post"}],"author":[{"embeddable":true,"href":"https:\/\/die-webzeitung.de\/stuttgart\/wp-json\/wp\/v2\/users\/4"}],"replies":[{"embeddable":true,"href":"https:\/\/die-webzeitung.de\/stuttgart\/wp-json\/wp\/v2\/comments?post=144597"}],"version-history":[{"count":1,"href":"https:\/\/die-webzeitung.de\/stuttgart\/wp-json\/wp\/v2\/posts\/144597\/revisions"}],"predecessor-version":[{"id":144599,"href":"https:\/\/die-webzeitung.de\/stuttgart\/wp-json\/wp\/v2\/posts\/144597\/revisions\/144599"}],"wp:featuredmedia":[{"embeddable":true,"href":"https:\/\/die-webzeitung.de\/stuttgart\/wp-json\/wp\/v2\/media\/144598"}],"wp:attachment":[{"href":"https:\/\/die-webzeitung.de\/stuttgart\/wp-json\/wp\/v2\/media?parent=144597"}],"wp:term":[{"taxonomy":"category","embeddable":true,"href":"https:\/\/die-webzeitung.de\/stuttgart\/wp-json\/wp\/v2\/categories?post=144597"},{"taxonomy":"post_tag","embeddable":true,"href":"https:\/\/die-webzeitung.de\/stuttgart\/wp-json\/wp\/v2\/tags?post=144597"}],"curies":[{"name":"wp","href":"https:\/\/api.w.org\/{rel}","templated":true}]}}