{"id":144589,"date":"2021-12-30T17:37:17","date_gmt":"2021-12-30T16:37:17","guid":{"rendered":"https:\/\/die-webzeitung.de\/stuttgart\/?p=144589"},"modified":"2021-12-30T17:37:17","modified_gmt":"2021-12-30T16:37:17","slug":"impfaktion-auf-der-landesmesse","status":"publish","type":"post","link":"https:\/\/die-webzeitung.de\/stuttgart\/2021\/12\/30\/impfaktion-auf-der-landesmesse\/","title":{"rendered":"Impfaktion auf der Landesmesse"},"content":{"rendered":"<h5 style=\"text-align: justify;\"><strong>Kinder-Impfungen und Booster-Impfungen m\u00f6glich<\/strong><\/h5>\n<p style=\"text-align: justify;\">Kreis Esslingen.| In Zusammenarbeit mit dem Malteser Hilfsdienst und weiteren Rettungs- und Hilfsorganisationen findet von Montag, 03. bis einschlie\u00dflich Donnerstag, 06. Januar 2022 auf der Messe Stuttgart eine Impfaktion im Drive-in-Verfahren statt. Mit und ohne Termin k\u00f6nnen sich Interessierte jeweils von 7 bis 23 Uhr in der Messehalle 9 impfen lassen &#8211; am Montag, 03. Januar, startet der Impfbetrieb um 13 Uhr.<\/p>\n<p style=\"text-align: justify;\">Nachdem inzwischen auch Impfstoff f\u00fcr Kinder zur Verf\u00fcgung steht, wird eine separate \u201eKinderimpfstra\u00dfe\u201c eingerichtet. Hier werden Kinder-Impfungen ab 5 Jahren und Booster-Impfungen ab 12 Jahren durchgef\u00fchrt.<\/p>\n<p style=\"text-align: justify;\">Angesichts der sich rasch ausbreitenden Omikron-Variante sind sich alle Akteure einig, das Impfangebot auch auf diesen Personenkreis auszudehnen. Derzeit ist noch ausreichend Impfstoff vorhanden.<\/p>\n<p style=\"text-align: justify;\">Die Zufahrt zur Messe erfolgt \u00fcber das Verkehrsleitsystem. Es stehen noch viele Termine zur Verf\u00fcgung. Die Impfungen sind aber auch ohne Termin m\u00f6glich. Wer einen Termin vereinbaren m\u00f6chte, kann\u00a0 dies unter <a href=\"http:\/\/www.landkreis-esslingen.de\" target=\"_blank\" rel=\"noopener\">www.landkreis-esslingen.de<\/a> und <a href=\"http:\/\/www.malteser-neckar-alb.de\/impfmarathon\" target=\"_blank\" rel=\"noopener\">www.malteser-neckar-alb.de\/impfmarathon<\/a> tun.<\/p>\n<hr \/>\n<p style=\"text-align: justify;\">\n","protected":false},"excerpt":{"rendered":"<p>Kinder-Impfungen und Booster-Impfungen m\u00f6glich Kreis Esslingen.| In Zusammenarbeit mit dem Malteser Hilfsdienst und weiteren Rettungs- und Hilfsorganisationen findet von Montag, 03. bis einschlie\u00dflich Donnerstag, 06. Januar 2022 auf der Messe Stuttgart eine Impfaktion im Drive-in-Verfahren statt. Mit und ohne Termin k\u00f6nnen sich Interessierte jeweils von 7 bis 23 Uhr in der Messehalle 9 impfen lassen [&hellip;]<\/p>\n","protected":false},"author":4,"featured_media":144590,"comment_status":"closed","ping_status":"open","sticky":false,"template":"","format":"standard","meta":{"inline_featured_image":false,"_exactmetrics_skip_tracking":false,"_exactmetrics_sitenote_active":false,"_exactmetrics_sitenote_note":"","_exactmetrics_sitenote_category":0,"footnotes":""},"categories":[59,2247],"tags":[17246,14857,14440,17081,9326,5,17245,68,9],"class_list":{"0":"post-144589","1":"post","2":"type-post","3":"status-publish","4":"format-standard","5":"has-post-thumbnail","7":"category-aktuell","8":"category-kreis-esslingen","9":"tag-booster","10":"tag-die-webzeitung","11":"tag-esslingen","12":"tag-impfaktion","13":"tag-impfen","14":"tag-internetzeitung","15":"tag-lnadesmesse","16":"tag-online-zeitung","17":"tag-schaumedia"},"image_feature":"https:\/\/die-webzeitung.de\/stuttgart\/wp-content\/uploads\/sites\/4\/2021\/12\/injection-gce0fff2c7_1280.jpg","author_name":"Redaktion","pure_taxonomies":{"categories":[{"term_id":59,"name":"Aktuell","slug":"aktuell","term_group":0,"term_taxonomy_id":60,"taxonomy":"category","description":"","parent":0,"count":1018,"filter":"raw","image":""},{"term_id":2247,"name":"Kreis Esslingen","slug":"kreis-esslingen","term_group":0,"term_taxonomy_id":2260,"taxonomy":"category","description":"Informationen aus dem Landkreis Esslingen","parent":171,"count":214,"filter":"raw","image":""}],"tags":[{"term_id":17246,"name":"Booster","slug":"booster","term_group":0,"term_taxonomy_id":17265,"taxonomy":"post_tag","description":"","parent":0,"count":1,"filter":"raw","image":""},{"term_id":14857,"name":"Die-Webzeitung","slug":"die-webzeitung","term_group":0,"term_taxonomy_id":14876,"taxonomy":"post_tag","description":"","parent":0,"count":3628,"filter":"raw","image":""},{"term_id":14440,"name":"Esslingen","slug":"esslingen","term_group":0,"term_taxonomy_id":3885,"taxonomy":"post_tag","description":"","parent":0,"count":202,"filter":"raw","image":""},{"term_id":17081,"name":"Impfaktion","slug":"impfaktion","term_group":0,"term_taxonomy_id":17100,"taxonomy":"post_tag","description":"","parent":0,"count":4,"filter":"raw","image":""},{"term_id":9326,"name":"Impfen","slug":"impfen","term_group":0,"term_taxonomy_id":9354,"taxonomy":"post_tag","description":"","parent":0,"count":9,"filter":"raw","image":""},{"term_id":5,"name":"Internetzeitung","slug":"internetzeitung","term_group":0,"term_taxonomy_id":5,"taxonomy":"post_tag","description":"","parent":0,"count":1461,"filter":"raw","image":""},{"term_id":17245,"name":"Lnadesmesse","slug":"lnadesmesse","term_group":0,"term_taxonomy_id":17264,"taxonomy":"post_tag","description":"","parent":0,"count":1,"filter":"raw","image":""},{"term_id":68,"name":"Online-Zeitung","slug":"online-zeitung","term_group":0,"term_taxonomy_id":69,"taxonomy":"post_tag","description":"","parent":0,"count":3598,"filter":"raw","image":""},{"term_id":9,"name":"SchauMedia","slug":"schaumedia","term_group":0,"term_taxonomy_id":9,"taxonomy":"post_tag","description":"","parent":0,"count":1607,"filter":"raw","image":""}]},"_links":{"self":[{"href":"https:\/\/die-webzeitung.de\/stuttgart\/wp-json\/wp\/v2\/posts\/144589","targetHints":{"allow":["GET"]}}],"collection":[{"href":"https:\/\/die-webzeitung.de\/stuttgart\/wp-json\/wp\/v2\/posts"}],"about":[{"href":"https:\/\/die-webzeitung.de\/stuttgart\/wp-json\/wp\/v2\/types\/post"}],"author":[{"embeddable":true,"href":"https:\/\/die-webzeitung.de\/stuttgart\/wp-json\/wp\/v2\/users\/4"}],"replies":[{"embeddable":true,"href":"https:\/\/die-webzeitung.de\/stuttgart\/wp-json\/wp\/v2\/comments?post=144589"}],"version-history":[{"count":1,"href":"https:\/\/die-webzeitung.de\/stuttgart\/wp-json\/wp\/v2\/posts\/144589\/revisions"}],"predecessor-version":[{"id":144591,"href":"https:\/\/die-webzeitung.de\/stuttgart\/wp-json\/wp\/v2\/posts\/144589\/revisions\/144591"}],"wp:featuredmedia":[{"embeddable":true,"href":"https:\/\/die-webzeitung.de\/stuttgart\/wp-json\/wp\/v2\/media\/144590"}],"wp:attachment":[{"href":"https:\/\/die-webzeitung.de\/stuttgart\/wp-json\/wp\/v2\/media?parent=144589"}],"wp:term":[{"taxonomy":"category","embeddable":true,"href":"https:\/\/die-webzeitung.de\/stuttgart\/wp-json\/wp\/v2\/categories?post=144589"},{"taxonomy":"post_tag","embeddable":true,"href":"https:\/\/die-webzeitung.de\/stuttgart\/wp-json\/wp\/v2\/tags?post=144589"}],"curies":[{"name":"wp","href":"https:\/\/api.w.org\/{rel}","templated":true}]}}