{"id":144584,"date":"2021-12-30T17:19:49","date_gmt":"2021-12-30T16:19:49","guid":{"rendered":"https:\/\/die-webzeitung.de\/stuttgart\/?p=144584"},"modified":"2021-12-30T17:19:49","modified_gmt":"2021-12-30T16:19:49","slug":"bilanz-zum-jahresende-im-kis-rund-33-000-impfungen","status":"publish","type":"post","link":"https:\/\/die-webzeitung.de\/stuttgart\/2021\/12\/30\/bilanz-zum-jahresende-im-kis-rund-33-000-impfungen\/","title":{"rendered":"Bilanz zum Jahresende im KIS: rund 33.000 Impfungen"},"content":{"rendered":"<h5 style=\"text-align: justify;\"><strong>Landrat Roland Bernhard: \u201eAls Landkreis haben wir mit dem KIS genau das Richtige getan und k\u00f6nnen mit der bisherigen Bilanz zufrieden sein!\u201c<\/strong><\/h5>\n<p style=\"text-align: justify;\">Kreis B\u00f6blingen.| Am 1. Dezember war der Kreisimpfst\u00fctzpunkt (KIS) in der Messe Sindelfingen gestartet \u2013 nachdem innerhalb weniger Tage die Impf-Infrastruktur wieder aufgebaut worden war. (Wir erinnern uns: Die Messe Sindelfingen hatte auch bereits das vom Land Baden-W\u00fcrttemberg beauftragten und zum 30. September geschlossenen Kreisimpfzentrum beherbergt). \u201eAls Landkreis haben wir mutig und schnell auf die Aufforderung des Landes reagiert, in der Impfoffensive aktiv zu werden. Wir haben in k\u00fcrzester Zeit die Voraussetzungen daf\u00fcr geschaffen, an einem zentralen Ort im Landkreis die Kr\u00e4fte zu b\u00fcndeln, und so mit kurzen Abl\u00e4ufen und vielf\u00e4ltigen Synergien viele Menschen impfen zu k\u00f6nnen.\u201c Die Schlie\u00dfung der Impfzentren durch das Land zum 30. September 2021 hatte Landrat Bernhard immer kritisiert. Das sei ein gro\u00dfer Fehler gewesen \u2013 eine bis dahin bestehende und gut funktionierende Infrastruktur sei ohne Not wieder aufgel\u00f6st worden. F\u00fcr den Landkreis B\u00f6blingen war es ein Gl\u00fccksfall, dass man in der Messe Sindelfingen in wenigen Tagen alles wieder aufbauen konnte.<\/p>\n<p style=\"text-align: justify;\">Mit am Ende rd. 33.000 Impfungen im KIS nach nur einem Monat stehe man gut da, so der Landrat, jedoch gelte wie \u00fcberall: \u201eDie Zahl der Erstimpfungen k\u00f6nnte h\u00f6her sein.\u201c Ca. 28.000 sind Booster-, ca. 2.700 Erstimpfungen, ca. 1.200 Zweitimpfungen und es gibt auch bereits rd. 1.100 Kinderimpfungen (5 bis 11 Jahre).<\/p>\n<p style=\"text-align: justify;\">Der KIS wird in Federf\u00fchrung des Landkreises betrieben. Genutzt wird er bisher von dem Netzwerk aus \u00c4rzte- und Apothekerschaft rund um Dr. Martina Burchert-Graeve und Dr. Bj\u00f6rn Schittenhelm. Es k\u00f6nnen ihn grunds\u00e4tzlich aber alle niedergelassenen \u00c4rztinnen und \u00c4rzte nutzen sowie Betriebs\u00e4rztinnen und -\u00e4rzte. Die Terminvergabe funktioniert \u00fcber ein eigenes System, das \u00fcber Apotheker Dr. Bj\u00f6rn Schittenhelm entwickelt wurde und von ihm auch betreut wird.<\/p>\n<p style=\"text-align: justify;\">\u201eEs ist nachvollziehbar, dass viele Menschen in Sachen Erstimpfung auf ihre Haus\u00e4rztin oder ihren Hausarzt vertrauen. Insofern eignen sich die schnellen und unkomplizierten Abl\u00e4ufe im KIS insbesondere f\u00fcr den Booster, also die Auffrischung, wo es nicht mehr im gleichen Ma\u00df die \u00e4rztliche Aufkl\u00e4rung braucht\u201c, erkl\u00e4rt Dr. Martina Burchert-Graeve, Labor\u00e4rztin in Sindelfingen. Sie hatte im fr\u00fcheren Kreisimpfzentrum die medizinische Leitung \u00fcbernommen und steht auch im KIS mit Rat und Tat zur Seite. Am 29.12.2021 verabreichte sie selbst die 30.000 Impfung.<\/p>\n<p style=\"text-align: justify;\">Landrat Roland Bernhard zeigt sich stolz auf das Engagement und dankt allen Akteuren, die sich im gemeinsamen Schulterschluss in seinem Landkreis gegen die Pandemie engagieren. Man sei bisher verh\u00e4ltnism\u00e4\u00dfig gut durchgekommen. \u201eNat\u00fcrlich blicken auch wir besorgt auf unsere Kliniken und lehnen uns keinesfalls zur\u00fcck; wir sind noch lange nicht durch\u201c, so Landrat Bernhard. Insgesamt sei das Angebot aber verh\u00e4ltnism\u00e4\u00dfig sehr gut. Und so h\u00e4lt Landrat Bernhard an seinem Appell fest, sich impfen zu lassen. Viele niedergelassene \u00c4rztinnen und \u00c4rzte impfen, es gibt nach wie vor dezentrale Angebote (z.B. auch das Pop-up Impfen in Herrenberg und Leonberg), und zu guter Letzt gibt es den Kreisimpfst\u00fctzpunkt (KIS), wo ein breites Angebot zentralisiert ist und viele Termine zur Verf\u00fcgung stehen oder man in bestimmten Zeitfenstern ohne Termin kommen kann.<\/p>\n<p style=\"text-align: justify;\">Der KIS hat auch an Silvester ge\u00f6ffnet, von 9 bis 13 Uhr. An Neujahr ist geschlossen, dann geht es wie gewohnt weiter. Termine gibt es online \u00fcber die Homepage des Landkreises, <a href=\"http:\/\/www.lrabb.de\" target=\"_blank\" rel=\"noopener\">www.lrabb.de<\/a>, Stichwort: Informationen zur Corona-Impfung. Bei der Registrierung \u00fcber den \u201eImpfomizer\u201c erh\u00e4lt man einen QR-Code und eine Mail, mit der man den richtigen Adressat best\u00e4tigen muss. Der Code muss dann vor Ort vorgezeigt werden. An Werktagen ist von 11 bis 13 Uhr und von 14 bis 16 Uhr freies Impfen, also ohne vorherige Terminvereinbarung.<\/p>\n<p style=\"text-align: justify;\">Zum Impfen m\u00fcssen ein Ausweispapier sowie der Impfpass (wenn vorhanden) mitgebracht werden. Den Code zum Einlesen der Impfung in die Handy-App gibt es wenige Tage nach der Impfung per Mail; ein Ausdruck direkt vor Ort ist nicht m\u00f6glich. <strong>Adresse des KIS<\/strong>: Messehalle Sindelfingen, Mahdentalstr. 116, 71065 Sindelfingen (f\u00fcr die Navigation: Schwertstra\u00dfe 58). Mehrere Buslinien fahren die Messe an, es sind ausreichend Parkpl\u00e4tze vorhanden.<\/p>\n<hr \/>\n<p style=\"text-align: justify;\">\n","protected":false},"excerpt":{"rendered":"<p>Landrat Roland Bernhard: \u201eAls Landkreis haben wir mit dem KIS genau das Richtige getan und k\u00f6nnen mit der bisherigen Bilanz zufrieden sein!\u201c Kreis B\u00f6blingen.| Am 1. Dezember war der Kreisimpfst\u00fctzpunkt (KIS) in der Messe Sindelfingen gestartet \u2013 nachdem innerhalb weniger Tage die Impf-Infrastruktur wieder aufgebaut worden war. (Wir erinnern uns: Die Messe Sindelfingen hatte auch [&hellip;]<\/p>\n","protected":false},"author":4,"featured_media":0,"comment_status":"closed","ping_status":"open","sticky":false,"template":"","format":"standard","meta":{"inline_featured_image":false,"_exactmetrics_skip_tracking":false,"_exactmetrics_sitenote_active":false,"_exactmetrics_sitenote_note":"","_exactmetrics_sitenote_category":0,"footnotes":""},"categories":[2246],"tags":[3061,14857,5,17220,16863,68],"class_list":{"0":"post-144584","1":"post","2":"type-post","3":"status-publish","4":"format-standard","6":"category-kreis-boeblingen","7":"tag-boblingen","8":"tag-die-webzeitung","9":"tag-internetzeitung","10":"tag-kis","11":"tag-kreisimpfzentrum","12":"tag-online-zeitung"},"image_feature":null,"author_name":"Redaktion","pure_taxonomies":{"categories":[{"term_id":2246,"name":"Kreis B\u00f6blingen","slug":"kreis-boeblingen","term_group":0,"term_taxonomy_id":2259,"taxonomy":"category","description":"","parent":171,"count":197,"filter":"raw","image":""}],"tags":[{"term_id":3061,"name":"B\u00f6blingen","slug":"boblingen","term_group":0,"term_taxonomy_id":3075,"taxonomy":"post_tag","description":"","parent":0,"count":260,"filter":"raw","image":""},{"term_id":14857,"name":"Die-Webzeitung","slug":"die-webzeitung","term_group":0,"term_taxonomy_id":14876,"taxonomy":"post_tag","description":"","parent":0,"count":3628,"filter":"raw","image":""},{"term_id":5,"name":"Internetzeitung","slug":"internetzeitung","term_group":0,"term_taxonomy_id":5,"taxonomy":"post_tag","description":"","parent":0,"count":1461,"filter":"raw","image":""},{"term_id":17220,"name":"KIS","slug":"kis","term_group":0,"term_taxonomy_id":17239,"taxonomy":"post_tag","description":"","parent":0,"count":4,"filter":"raw","image":""},{"term_id":16863,"name":"Kreisimpfzentrum","slug":"kreisimpfzentrum","term_group":0,"term_taxonomy_id":16882,"taxonomy":"post_tag","description":"","parent":0,"count":4,"filter":"raw","image":""},{"term_id":68,"name":"Online-Zeitung","slug":"online-zeitung","term_group":0,"term_taxonomy_id":69,"taxonomy":"post_tag","description":"","parent":0,"count":3598,"filter":"raw","image":""}]},"_links":{"self":[{"href":"https:\/\/die-webzeitung.de\/stuttgart\/wp-json\/wp\/v2\/posts\/144584","targetHints":{"allow":["GET"]}}],"collection":[{"href":"https:\/\/die-webzeitung.de\/stuttgart\/wp-json\/wp\/v2\/posts"}],"about":[{"href":"https:\/\/die-webzeitung.de\/stuttgart\/wp-json\/wp\/v2\/types\/post"}],"author":[{"embeddable":true,"href":"https:\/\/die-webzeitung.de\/stuttgart\/wp-json\/wp\/v2\/users\/4"}],"replies":[{"embeddable":true,"href":"https:\/\/die-webzeitung.de\/stuttgart\/wp-json\/wp\/v2\/comments?post=144584"}],"version-history":[{"count":1,"href":"https:\/\/die-webzeitung.de\/stuttgart\/wp-json\/wp\/v2\/posts\/144584\/revisions"}],"predecessor-version":[{"id":144585,"href":"https:\/\/die-webzeitung.de\/stuttgart\/wp-json\/wp\/v2\/posts\/144584\/revisions\/144585"}],"wp:attachment":[{"href":"https:\/\/die-webzeitung.de\/stuttgart\/wp-json\/wp\/v2\/media?parent=144584"}],"wp:term":[{"taxonomy":"category","embeddable":true,"href":"https:\/\/die-webzeitung.de\/stuttgart\/wp-json\/wp\/v2\/categories?post=144584"},{"taxonomy":"post_tag","embeddable":true,"href":"https:\/\/die-webzeitung.de\/stuttgart\/wp-json\/wp\/v2\/tags?post=144584"}],"curies":[{"name":"wp","href":"https:\/\/api.w.org\/{rel}","templated":true}]}}