{"id":144570,"date":"2021-12-28T14:35:34","date_gmt":"2021-12-28T13:35:34","guid":{"rendered":"https:\/\/die-webzeitung.de\/stuttgart\/?p=144570"},"modified":"2021-12-28T14:35:34","modified_gmt":"2021-12-28T13:35:34","slug":"erfolgreiche-glanzlichter-stuttgart","status":"publish","type":"post","link":"https:\/\/die-webzeitung.de\/stuttgart\/2021\/12\/28\/erfolgreiche-glanzlichter-stuttgart\/","title":{"rendered":"Erfolgreiche \u201eGlanzlichter Stuttgart\u201c"},"content":{"rendered":"<h5 style=\"text-align: justify;\"><strong>Die Lichtskulpturen am Schlossplatz werden abgebaut<\/strong><\/h5>\n<p style=\"text-align: justify;\">Stuttgart.| 35 Tage leuchteten die \u201eGlanzlichter Stuttgart\u201c am Schlossplatz und haben die Innenstadt erhellt. Nach der letzten Licht- und Soundshow um 21 Uhr am heutigen 28. Dezember werden die Lichtinstallationen abgebaut.<\/p>\n<p style=\"text-align: justify;\">Bereits zum vierten Mal in Folge fanden die \u201eGlanzlichter Stuttgart\u201c in diesem Jahr statt. Die acht Lichtskulpturen sorgten f\u00fcr eine zauberhafte Stimmung auf dem Schlossplatz und leisteten w\u00e4hrend ihres knapp f\u00fcnfw\u00f6chigen Gastspiels einen wichtigen Beitrag f\u00fcr eine festliche Atmosph\u00e4re in der Stuttgarter Innenstadt. \u201eNach der Absage des Weihnachtsmarkts sind die \u201aGlanzlichter\u2018 noch st\u00e4rker in den Fokus der \u00f6ffentlichen Wahrnehmung ger\u00fcckt\u201c, sagt Armin Dellnitz, Gesch\u00e4ftsf\u00fchrer der Stuttgart-Marketing GmbH. \u201eBesonders freut mich, dass der gro\u00dfe Zuspruch der Besucher:innen auch w\u00e4hrend der Weihnachtsfeiertage ungebrochen war.\u201c<\/p>\n<p style=\"text-align: justify;\">Auch das Zusammenspiel mit dem Riesenrad hat sich als eine gl\u00fcckliche F\u00fcgung f\u00fcr alle Beteiligten herausgestellt. \u201eDen beleuchteten Schlossplatz von oben zu sehen, ist ein unvergessliches Erlebnis\u201c, so Armin Dellnitz.<\/p>\n<p style=\"text-align: justify;\">Die Illumination der 1,2 Kilometer langen K\u00f6nigstra\u00dfe sowie der Schulstra\u00dfe bleibt noch bis 6. Januar 2022 bestehen.<\/p>\n<p style=\"text-align: justify;\">Im kommenden Jahr finden die \u201eGlanzlichter Stuttgart\u201c vom 23. November bis 28. Dezember 2022 statt.<\/p>\n<hr \/>\n<p style=\"text-align: justify;\">\n","protected":false},"excerpt":{"rendered":"<p>Die Lichtskulpturen am Schlossplatz werden abgebaut Stuttgart.| 35 Tage leuchteten die \u201eGlanzlichter Stuttgart\u201c am Schlossplatz und haben die Innenstadt erhellt. Nach der letzten Licht- und Soundshow um 21 Uhr am heutigen 28. Dezember werden die Lichtinstallationen abgebaut. Bereits zum vierten Mal in Folge fanden die \u201eGlanzlichter Stuttgart\u201c in diesem Jahr statt. Die acht Lichtskulpturen sorgten [&hellip;]<\/p>\n","protected":false},"author":4,"featured_media":144572,"comment_status":"closed","ping_status":"open","sticky":false,"template":"","format":"standard","meta":{"inline_featured_image":false,"_exactmetrics_skip_tracking":false,"_exactmetrics_sitenote_active":false,"_exactmetrics_sitenote_note":"","_exactmetrics_sitenote_category":0,"footnotes":""},"categories":[59,2239],"tags":[14857,17244,5,68,275],"class_list":{"0":"post-144570","1":"post","2":"type-post","3":"status-publish","4":"format-standard","5":"has-post-thumbnail","7":"category-aktuell","8":"category-stuttgart-lokal","9":"tag-die-webzeitung","10":"tag-glanzlichter","11":"tag-internetzeitung","12":"tag-online-zeitung","13":"tag-stuttgart"},"image_feature":"https:\/\/die-webzeitung.de\/stuttgart\/wp-content\/uploads\/sites\/4\/2021\/12\/glanz1.jpg","author_name":"Redaktion","pure_taxonomies":{"categories":[{"term_id":59,"name":"Aktuell","slug":"aktuell","term_group":0,"term_taxonomy_id":60,"taxonomy":"category","description":"","parent":0,"count":1018,"filter":"raw","image":""},{"term_id":2239,"name":"Stuttgart","slug":"stuttgart-lokal","term_group":0,"term_taxonomy_id":2252,"taxonomy":"category","description":"Berichte und Informationen aus Stuttgart","parent":1433,"count":943,"filter":"raw","image":""}],"tags":[{"term_id":14857,"name":"Die-Webzeitung","slug":"die-webzeitung","term_group":0,"term_taxonomy_id":14876,"taxonomy":"post_tag","description":"","parent":0,"count":3628,"filter":"raw","image":""},{"term_id":17244,"name":"Glanzlichter","slug":"glanzlichter","term_group":0,"term_taxonomy_id":17263,"taxonomy":"post_tag","description":"","parent":0,"count":2,"filter":"raw","image":""},{"term_id":5,"name":"Internetzeitung","slug":"internetzeitung","term_group":0,"term_taxonomy_id":5,"taxonomy":"post_tag","description":"","parent":0,"count":1461,"filter":"raw","image":""},{"term_id":68,"name":"Online-Zeitung","slug":"online-zeitung","term_group":0,"term_taxonomy_id":69,"taxonomy":"post_tag","description":"","parent":0,"count":3598,"filter":"raw","image":""},{"term_id":275,"name":"Stuttgart","slug":"stuttgart","term_group":0,"term_taxonomy_id":281,"taxonomy":"post_tag","description":"","parent":0,"count":1196,"filter":"raw","image":""}]},"_links":{"self":[{"href":"https:\/\/die-webzeitung.de\/stuttgart\/wp-json\/wp\/v2\/posts\/144570","targetHints":{"allow":["GET"]}}],"collection":[{"href":"https:\/\/die-webzeitung.de\/stuttgart\/wp-json\/wp\/v2\/posts"}],"about":[{"href":"https:\/\/die-webzeitung.de\/stuttgart\/wp-json\/wp\/v2\/types\/post"}],"author":[{"embeddable":true,"href":"https:\/\/die-webzeitung.de\/stuttgart\/wp-json\/wp\/v2\/users\/4"}],"replies":[{"embeddable":true,"href":"https:\/\/die-webzeitung.de\/stuttgart\/wp-json\/wp\/v2\/comments?post=144570"}],"version-history":[{"count":1,"href":"https:\/\/die-webzeitung.de\/stuttgart\/wp-json\/wp\/v2\/posts\/144570\/revisions"}],"predecessor-version":[{"id":144573,"href":"https:\/\/die-webzeitung.de\/stuttgart\/wp-json\/wp\/v2\/posts\/144570\/revisions\/144573"}],"wp:featuredmedia":[{"embeddable":true,"href":"https:\/\/die-webzeitung.de\/stuttgart\/wp-json\/wp\/v2\/media\/144572"}],"wp:attachment":[{"href":"https:\/\/die-webzeitung.de\/stuttgart\/wp-json\/wp\/v2\/media?parent=144570"}],"wp:term":[{"taxonomy":"category","embeddable":true,"href":"https:\/\/die-webzeitung.de\/stuttgart\/wp-json\/wp\/v2\/categories?post=144570"},{"taxonomy":"post_tag","embeddable":true,"href":"https:\/\/die-webzeitung.de\/stuttgart\/wp-json\/wp\/v2\/tags?post=144570"}],"curies":[{"name":"wp","href":"https:\/\/api.w.org\/{rel}","templated":true}]}}