{"id":144543,"date":"2021-12-26T11:31:47","date_gmt":"2021-12-26T10:31:47","guid":{"rendered":"https:\/\/die-webzeitung.de\/stuttgart\/?p=144543"},"modified":"2021-12-26T11:31:47","modified_gmt":"2021-12-26T10:31:47","slug":"sonnenstrahlen-fuer-den-klimaschutz","status":"publish","type":"post","link":"https:\/\/die-webzeitung.de\/stuttgart\/2021\/12\/26\/sonnenstrahlen-fuer-den-klimaschutz\/","title":{"rendered":"Sonnenstrahlen f\u00fcr den Klimaschutz"},"content":{"rendered":"<ul>\n<li style=\"text-align: justify;\"><strong>Stadtwerke Stuttgart haben 2021 \u00fcber 100 Fotovoltaikanlagen realisiert<\/strong><\/li>\n<li style=\"text-align: justify;\"><strong>Zubau spart j\u00e4hrlich 735 Tonnen CO<sub>2<\/sub><\/strong><\/li>\n<li style=\"text-align: justify;\"><strong>Tendenz zum Speicher<\/strong><\/li>\n<\/ul>\n<p style=\"text-align: justify;\">Stuttgart.| Zum Ende des Jahres ziehen die Stadtwerke Stuttgart eine stattliche Bilanz: \u00dcber 100 Fotovoltaikanlagen hat das kommunale Unternehmen im laufenden Jahr installiert, weitere 60 sind derzeit noch in der Abwicklung. In der Summe ersparen diese der Umwelt \u00fcber 400 Tonnen Kohlendioxid \u2013 je Betriebsjahr.<\/p>\n<p style=\"text-align: justify;\">\u201eDas ist fantastisch und belegt: Jedes Projekt bringt den Klimaschutz voran. Auch hier leisten wir mit Know-how und den richtigen Partnern an unserer Seite einen Beitrag\u201c, unterstreicht Peter Drausnigg, Technischer Gesch\u00e4ftsf\u00fchrer der Stadtwerke Stuttgart. \u201eWir f\u00fchren die gro\u00dfe Nachfrage auch auf das st\u00e4dtische F\u00f6rderprogramm aus der Solaroffensive zur\u00fcck\u201c, erg\u00e4nzt Martin Rau, Kaufm\u00e4nnischer Gesch\u00e4ftsf\u00fchrer der Stadtwerke. Klar im Trend seien zudem Energiespeicher, die inzwischen bei rund 80 Prozent der neuen Anlagen gleich mitinstalliert werden. Auf diese Weise kann ein gro\u00dfer Teil des Sonnenstroms vom eigenen Dach direkt vor Ort verbraucht werden. Die M\u00f6glichkeit des Direktverbrauchs von Solarenergie hat auch Thomas Fuhrmann mit einer Fotovoltaikanlage auf dem Dach seines Privathauses gew\u00e4hlt. Der Stuttgarter Finanzb\u00fcrgermeister ist sowohl von den \u00f6kologischen wie auch den \u00f6konomischen Aspekten des Systems mit Speicher \u00fcberzeugt. \u201eUnd ich freue mich, auf diese Weise Partner der Energiewende in Stuttgart und zugleich der Stadtwerke zu sein \u2013 einem Unternehmen der Landeshauptstadt\u201c, unterstreicht er.<\/p>\n<p style=\"text-align: justify;\">Auch in anderen Bereichen der Kommune tut sich viel: So arbeitet auf dem Dach der Martin-Luther-Schule seit Mitte des Jahres ein rund 800 Quadratmeter gro\u00dfes Solarkraftwerk. Entwickelt hat dieses Projekt die Stadtwerke-Tochter Energiedienste Stuttgart (EDS). Mit einer Jahreserzeugung von gut 153.600 Kilowattstunden geh\u00f6rt diese Fotovoltaikanlage zu den gro\u00dfen Anlagen in Stuttgart, das entspricht dem Bedarf von rund 80 Drei-Personen-Haushalten.<\/p>\n<p style=\"text-align: justify;\"><strong>Vertikale Fl\u00e4chen erschlie\u00dfen \u2013 Partnerschaften pflegen<\/strong><\/p>\n<p style=\"text-align: justify;\">Ein innovatives Projekt hat die EDS zudem in Stammheim ebenfalls mit der Landeshauptstadt realisiert: Dort arbeiten seit November 96 Solarmodule an der Fassade der Sporthalle. \u201eEs ist die dritte Anlage dieser Art und es braucht ein wenig Mut, die Dinge bei der Projektierung neu zu denken. Aber diesen Weg gehen wir bewusst\u201c, betont Peter Drausnigg. Aus seiner Sicht ist es wichtig, Erfahrungen und Innovation eng miteinander zu verkn\u00fcpfen. Dazu arbeiten die Stadtwerke mit verschiedenen Stellen der Landeshauptstadt zusammen, auch um emissionsarme W\u00e4rmeprojekte und die \u00f6rtliche Ladeinfrastruktur voranzubringen. Dabei setzen die Stadtwerke Stuttgart auf strategische Allianzen und faire Partnerschaften auch au\u00dferhalb des st\u00e4dtischen Umfelds.<\/p>\n<p style=\"text-align: justify;\">Das habe sich gerade in den vergangenen Monaten ausgezahlt. Denn sowohl Lieferengp\u00e4sse bei Fotovoltaikmodulen bis hin zu Mikrochips f\u00fcr die anderen Komponenten als auch der Mangel an Fachkr\u00e4ften im Handwerk haben vielerorts zu massiven Verz\u00f6gerungen bei neuen Solarprojekten gef\u00fchrt. \u201eWir kennen diese Herausforderungen und planen gemeinsam mit unseren Partnern. Es geh\u00f6rt zu unserem Service dazu, dass wir den Kunden realistische und verl\u00e4ssliche Termine anbieten\u201c, betont Peter Drausnigg. F\u00fcr 2022 rechnet das Unternehmen mit einer deutlich steigenden Nachfrage und stellt sich entsprechend auf, um die Projekte umsetzen zu k\u00f6nnen.<\/p>\n<p style=\"text-align: justify;\">Bereits seit sieben Jahren sind die Stadtwerke Stuttgart mit einem eigenst\u00e4ndigen Gesch\u00e4ftsfeld \u201eUrbane Energiesysteme\u201c unterwegs. In diesem Zeitraum haben sie 430 Fotovoltaikanlagen mit der Gesamtleistung von 6.900 Kilowatt-Peak entwickelt, bei der Umsetzung begleitet und einen nennenswerten Teil unterst\u00fctzen sie auch im technischen und kaufm\u00e4nnischen Betrieb. Diese Erfahrung nutzen neben der Landeshauptstadt Stuttgart auch die st\u00e4dtische Wohnungsbaugesellschaft, Unternehmen und Privatpersonen in der Region.<\/p>\n<hr \/>\n<p style=\"text-align: justify;\">\n","protected":false},"excerpt":{"rendered":"<p>Stadtwerke Stuttgart haben 2021 \u00fcber 100 Fotovoltaikanlagen realisiert Zubau spart j\u00e4hrlich 735 Tonnen CO2 Tendenz zum Speicher Stuttgart.| Zum Ende des Jahres ziehen die Stadtwerke Stuttgart eine stattliche Bilanz: \u00dcber 100 Fotovoltaikanlagen hat das kommunale Unternehmen im laufenden Jahr installiert, weitere 60 sind derzeit noch in der Abwicklung. In der Summe ersparen diese der Umwelt [&hellip;]<\/p>\n","protected":false},"author":4,"featured_media":0,"comment_status":"closed","ping_status":"open","sticky":false,"template":"","format":"standard","meta":{"inline_featured_image":false,"_exactmetrics_skip_tracking":false,"_exactmetrics_sitenote_active":false,"_exactmetrics_sitenote_note":"","_exactmetrics_sitenote_category":0,"footnotes":""},"categories":[2239],"tags":[14857,1781,5,893,68,9,17242,275],"class_list":{"0":"post-144543","1":"post","2":"type-post","3":"status-publish","4":"format-standard","6":"category-stuttgart-lokal","7":"tag-die-webzeitung","8":"tag-fotovoltaik","9":"tag-internetzeitung","10":"tag-klimaschutz","11":"tag-online-zeitung","12":"tag-schaumedia","13":"tag-solaranlage","14":"tag-stuttgart"},"image_feature":null,"author_name":"Redaktion","pure_taxonomies":{"categories":[{"term_id":2239,"name":"Stuttgart","slug":"stuttgart-lokal","term_group":0,"term_taxonomy_id":2252,"taxonomy":"category","description":"Berichte und Informationen aus Stuttgart","parent":1433,"count":943,"filter":"raw","image":""}],"tags":[{"term_id":14857,"name":"Die-Webzeitung","slug":"die-webzeitung","term_group":0,"term_taxonomy_id":14876,"taxonomy":"post_tag","description":"","parent":0,"count":3628,"filter":"raw","image":""},{"term_id":1781,"name":"Fotovoltaik","slug":"fotovoltaik","term_group":0,"term_taxonomy_id":1790,"taxonomy":"post_tag","description":"","parent":0,"count":3,"filter":"raw","image":""},{"term_id":5,"name":"Internetzeitung","slug":"internetzeitung","term_group":0,"term_taxonomy_id":5,"taxonomy":"post_tag","description":"","parent":0,"count":1461,"filter":"raw","image":""},{"term_id":893,"name":"Klimaschutz","slug":"klimaschutz","term_group":0,"term_taxonomy_id":902,"taxonomy":"post_tag","description":"","parent":0,"count":11,"filter":"raw","image":""},{"term_id":68,"name":"Online-Zeitung","slug":"online-zeitung","term_group":0,"term_taxonomy_id":69,"taxonomy":"post_tag","description":"","parent":0,"count":3598,"filter":"raw","image":""},{"term_id":9,"name":"SchauMedia","slug":"schaumedia","term_group":0,"term_taxonomy_id":9,"taxonomy":"post_tag","description":"","parent":0,"count":1607,"filter":"raw","image":""},{"term_id":17242,"name":"Solaranlage","slug":"solaranlage","term_group":0,"term_taxonomy_id":17261,"taxonomy":"post_tag","description":"","parent":0,"count":2,"filter":"raw","image":""},{"term_id":275,"name":"Stuttgart","slug":"stuttgart","term_group":0,"term_taxonomy_id":281,"taxonomy":"post_tag","description":"","parent":0,"count":1196,"filter":"raw","image":""}]},"_links":{"self":[{"href":"https:\/\/die-webzeitung.de\/stuttgart\/wp-json\/wp\/v2\/posts\/144543","targetHints":{"allow":["GET"]}}],"collection":[{"href":"https:\/\/die-webzeitung.de\/stuttgart\/wp-json\/wp\/v2\/posts"}],"about":[{"href":"https:\/\/die-webzeitung.de\/stuttgart\/wp-json\/wp\/v2\/types\/post"}],"author":[{"embeddable":true,"href":"https:\/\/die-webzeitung.de\/stuttgart\/wp-json\/wp\/v2\/users\/4"}],"replies":[{"embeddable":true,"href":"https:\/\/die-webzeitung.de\/stuttgart\/wp-json\/wp\/v2\/comments?post=144543"}],"version-history":[{"count":1,"href":"https:\/\/die-webzeitung.de\/stuttgart\/wp-json\/wp\/v2\/posts\/144543\/revisions"}],"predecessor-version":[{"id":144544,"href":"https:\/\/die-webzeitung.de\/stuttgart\/wp-json\/wp\/v2\/posts\/144543\/revisions\/144544"}],"wp:attachment":[{"href":"https:\/\/die-webzeitung.de\/stuttgart\/wp-json\/wp\/v2\/media?parent=144543"}],"wp:term":[{"taxonomy":"category","embeddable":true,"href":"https:\/\/die-webzeitung.de\/stuttgart\/wp-json\/wp\/v2\/categories?post=144543"},{"taxonomy":"post_tag","embeddable":true,"href":"https:\/\/die-webzeitung.de\/stuttgart\/wp-json\/wp\/v2\/tags?post=144543"}],"curies":[{"name":"wp","href":"https:\/\/api.w.org\/{rel}","templated":true}]}}