{"id":144503,"date":"2021-12-22T15:49:34","date_gmt":"2021-12-22T14:49:34","guid":{"rendered":"https:\/\/die-webzeitung.de\/stuttgart\/?p=144503"},"modified":"2021-12-22T15:49:34","modified_gmt":"2021-12-22T14:49:34","slug":"breitbandausbau-im-landkreis-auf-einem-guten-weg","status":"publish","type":"post","link":"https:\/\/die-webzeitung.de\/stuttgart\/2021\/12\/22\/breitbandausbau-im-landkreis-auf-einem-guten-weg\/","title":{"rendered":"Breitbandausbau im Kreis Esslingen auf einem guten Weg"},"content":{"rendered":"<ul>\n<li style=\"text-align: justify;\"><strong>Verdreifachung der Glasfaseranschl\u00fcsse im Landkreis Esslingen innerhalb eines Jahres<\/strong><\/li>\n<li style=\"text-align: justify;\"><strong>Erste F\u00f6rderausschreibung steht vor dem Abschluss<\/strong><\/li>\n<li style=\"text-align: justify;\"><strong>Kooperationen zwischen Stadtwerken und Deutscher Telekom<\/strong><\/li>\n<\/ul>\n<p style=\"text-align: justify;\">Kreis Esslingen.| Dieses Jahr hat sich der Breitbandausbau im Landkreis Esslingen rasant weiterentwickelt. Bei einer digitalen Verbandsversammlung des Zweckverbandes Breitbandversorgung zogen der Verbandsvorsitzende Landrat Heinz Eininger sowie die Vertreter der Telekom eine positive Bilanz.<\/p>\n<p style=\"text-align: justify;\">\u201eWir konnten unsere Ausbauquote bei der Breitbandversorgung dieses Jahr verdoppeln und im Vergleich zu 2019 nahezu verdreifachen. Bis zum Jahresende k\u00f6nnen 7,4 Prozent der Einwohnerinnen und Einwohner im Landkreis einen Glasfaseranschluss nutzen\u201c, so kommentiert Landrat Heinz Eininger als Verbandsvorsitzender des Zweckverbands Breitbandversorgung die Zahlen. Allein im ersten Halbjahr 2021 konnte die Anzahl der Glasfaseranschl\u00fcsse von 12.793 auf 18.311 gesteigert werden.<\/p>\n<p style=\"text-align: justify;\">Insgesamt sind dieses Jahr mehr als 12.500 neue Glasfaseranschl\u00fcsse hinzugekommen. Daf\u00fcr hat die Telekom \u00fcber 93 Kilometer Glasfaser verlegt. Die Zahl der verf\u00fcgbaren Glasfaseranschl\u00fcsse im Landkreis steigt damit auf insgesamt deutlich \u00fcber 31.000.<\/p>\n<p style=\"text-align: justify;\">Mit diesem Ergebnis kann der Landkreis Esslingen neben der Stadt Stuttgart in diesem Jahr den gr\u00f6\u00dften prozentualen Zuwachs an Anschl\u00fcssen verzeichnen. Die Quote liegt nun bei 7,4 Prozent. Das entspricht dem landesweiten Durchschnitt. Gegen\u00fcber 2020 (2,5 Prozent) wurden die landkreisweiten Anschlusszahlen jedoch nahezu verdreifacht. Bis zum Jahresende wird f\u00fcr 10 Prozent der Bev\u00f6lkerung in der Region Stuttgart die M\u00f6glichkeit bestehen einen Glasfaseranschluss zu nutzen.<\/p>\n<p style=\"text-align: justify;\">Das Jahr 2021 stand beim Zweckverband Breitbandversorgung im Landkreis Esslingen ganz im Zeichen des gef\u00f6rderten Ausbaus: Zu Beginn des Jahres startete eine erste Ausschreibung f\u00fcr 34 Projekte in 24 Kommunen des Landkreises, schwerpunktm\u00e4\u00dfig in den Bereichen Schulen und Gewerbegebiete, um Telekommunikationsunternehmen f\u00fcr den Ausbau zu suchen. Die Frist f\u00fcr die verbindliche Angebotsabgabe der Unternehmen ist inzwischen abgelaufen. Nach der Auswertung der Angebote ist mit der Zuschlagsvergabe der Auftr\u00e4ge Anfang 2022 zu rechnen. Bis Juli 2021 wurden vom Zweckverband 53,8\u00a0Mio\u00a0\u20ac F\u00f6rdermittel von Bund und Land f\u00fcr den Landkreis akquiriert.<\/p>\n<p style=\"text-align: justify;\">Eine zweite Ausschreibung mit dem Schwerpunkt \u201eunterversorgter Haushalte\u201c wird Anfang 2022 gestartet. Hierbei wird die Realisierung gef\u00f6rderter Projekte in bis zu 40 Kommunen des Landkreises in Angriff genommen. Mitte n\u00e4chsten Jahres ist dann eine dritte Ausschreibung f\u00fcr den Landkreis geplant.<\/p>\n<p style=\"text-align: justify;\">Eine weitere sehr positive Entwicklung zeigen auch die geschlossenen Kooperationen zwischen Stadtwerken und der Deutschen Telekom. \u201eDurch den Abschluss dieser Kooperationen profitieren auch die wichtigen, lokalen und regionalen Stadtwerke im Landkreis vom regionsweiten Breitbandausbau\u201c, stellt der Verbandsvorsitzende positiv heraus. Die erste Kooperation wurde im Landkreis Esslingen zwischen den Filderstadtwerken in Filderstadt und der Deutschen Telekom geschlossen. In N\u00fcrtingen und Leinfelden-Echterdingen sind die Verhandlungen weit fortgeschritten.<\/p>\n<hr \/>\n<p style=\"text-align: justify;\">\n","protected":false},"excerpt":{"rendered":"<p>Verdreifachung der Glasfaseranschl\u00fcsse im Landkreis Esslingen innerhalb eines Jahres Erste F\u00f6rderausschreibung steht vor dem Abschluss Kooperationen zwischen Stadtwerken und Deutscher Telekom Kreis Esslingen.| Dieses Jahr hat sich der Breitbandausbau im Landkreis Esslingen rasant weiterentwickelt. Bei einer digitalen Verbandsversammlung des Zweckverbandes Breitbandversorgung zogen der Verbandsvorsitzende Landrat Heinz Eininger sowie die Vertreter der Telekom eine positive Bilanz. [&hellip;]<\/p>\n","protected":false},"author":4,"featured_media":0,"comment_status":"closed","ping_status":"open","sticky":false,"template":"","format":"standard","meta":{"inline_featured_image":false,"_exactmetrics_skip_tracking":false,"_exactmetrics_sitenote_active":false,"_exactmetrics_sitenote_note":"","_exactmetrics_sitenote_category":0,"footnotes":""},"categories":[59,2247],"tags":[1385,14008,14857,14440,5,68],"class_list":{"0":"post-144503","1":"post","2":"type-post","3":"status-publish","4":"format-standard","6":"category-aktuell","7":"category-kreis-esslingen","8":"tag-ausbau","9":"tag-breitband","10":"tag-die-webzeitung","11":"tag-esslingen","12":"tag-internetzeitung","13":"tag-online-zeitung"},"image_feature":null,"author_name":"Redaktion","pure_taxonomies":{"categories":[{"term_id":59,"name":"Aktuell","slug":"aktuell","term_group":0,"term_taxonomy_id":60,"taxonomy":"category","description":"","parent":0,"count":1018,"filter":"raw","image":""},{"term_id":2247,"name":"Kreis Esslingen","slug":"kreis-esslingen","term_group":0,"term_taxonomy_id":2260,"taxonomy":"category","description":"Informationen aus dem Landkreis Esslingen","parent":171,"count":214,"filter":"raw","image":""}],"tags":[{"term_id":1385,"name":"Ausbau","slug":"ausbau","term_group":0,"term_taxonomy_id":1394,"taxonomy":"post_tag","description":"","parent":0,"count":12,"filter":"raw","image":""},{"term_id":14008,"name":"Breitband","slug":"breitband","term_group":0,"term_taxonomy_id":14050,"taxonomy":"post_tag","description":"","parent":0,"count":4,"filter":"raw","image":""},{"term_id":14857,"name":"Die-Webzeitung","slug":"die-webzeitung","term_group":0,"term_taxonomy_id":14876,"taxonomy":"post_tag","description":"","parent":0,"count":3628,"filter":"raw","image":""},{"term_id":14440,"name":"Esslingen","slug":"esslingen","term_group":0,"term_taxonomy_id":3885,"taxonomy":"post_tag","description":"","parent":0,"count":202,"filter":"raw","image":""},{"term_id":5,"name":"Internetzeitung","slug":"internetzeitung","term_group":0,"term_taxonomy_id":5,"taxonomy":"post_tag","description":"","parent":0,"count":1461,"filter":"raw","image":""},{"term_id":68,"name":"Online-Zeitung","slug":"online-zeitung","term_group":0,"term_taxonomy_id":69,"taxonomy":"post_tag","description":"","parent":0,"count":3598,"filter":"raw","image":""}]},"_links":{"self":[{"href":"https:\/\/die-webzeitung.de\/stuttgart\/wp-json\/wp\/v2\/posts\/144503","targetHints":{"allow":["GET"]}}],"collection":[{"href":"https:\/\/die-webzeitung.de\/stuttgart\/wp-json\/wp\/v2\/posts"}],"about":[{"href":"https:\/\/die-webzeitung.de\/stuttgart\/wp-json\/wp\/v2\/types\/post"}],"author":[{"embeddable":true,"href":"https:\/\/die-webzeitung.de\/stuttgart\/wp-json\/wp\/v2\/users\/4"}],"replies":[{"embeddable":true,"href":"https:\/\/die-webzeitung.de\/stuttgart\/wp-json\/wp\/v2\/comments?post=144503"}],"version-history":[{"count":2,"href":"https:\/\/die-webzeitung.de\/stuttgart\/wp-json\/wp\/v2\/posts\/144503\/revisions"}],"predecessor-version":[{"id":144505,"href":"https:\/\/die-webzeitung.de\/stuttgart\/wp-json\/wp\/v2\/posts\/144503\/revisions\/144505"}],"wp:attachment":[{"href":"https:\/\/die-webzeitung.de\/stuttgart\/wp-json\/wp\/v2\/media?parent=144503"}],"wp:term":[{"taxonomy":"category","embeddable":true,"href":"https:\/\/die-webzeitung.de\/stuttgart\/wp-json\/wp\/v2\/categories?post=144503"},{"taxonomy":"post_tag","embeddable":true,"href":"https:\/\/die-webzeitung.de\/stuttgart\/wp-json\/wp\/v2\/tags?post=144503"}],"curies":[{"name":"wp","href":"https:\/\/api.w.org\/{rel}","templated":true}]}}