{"id":144477,"date":"2021-12-20T15:51:04","date_gmt":"2021-12-20T14:51:04","guid":{"rendered":"https:\/\/die-webzeitung.de\/stuttgart\/?p=144477"},"modified":"2021-12-20T15:52:34","modified_gmt":"2021-12-20T14:52:34","slug":"naechtliche-ausgangsbeschraenkung-im-kreis-esslingen-aufgehoben","status":"publish","type":"post","link":"https:\/\/die-webzeitung.de\/stuttgart\/2021\/12\/20\/naechtliche-ausgangsbeschraenkung-im-kreis-esslingen-aufgehoben\/","title":{"rendered":"N\u00e4chtliche Ausgangsbeschr\u00e4nkung im Kreis Esslingen aufgehoben"},"content":{"rendered":"<p class=\"Default\" style=\"line-height: 150%; text-align: justify;\">Kreis Esslingen.| Im Landkreis Esslingen ist die n\u00e4chtliche Ausgangsbeschr\u00e4nkung f\u00fcr nicht immunisierte Personen wieder aufgehoben worden. Das Gesundheitsamt hat am Freitag, 17. Dezember die f\u00f6rmliche Feststellung getroffen, dass die <span style=\"font-size: 11.5pt; line-height: 150%;\">Sieben-Tage-Inzidenz von mindestens 500 Neuinfektionen mit dem Coronavirus je 100.000 Einwohner seit mindestens f\u00fcnf aufeinanderfolgenden Tagen unterschritten worden ist. Die Feststellung ist auf der <a href=\"https:\/\/www.landkreis-esslingen.de\/start\/kultur\/mitteilung+20_12_21+11_17.html\" target=\"_blank\" rel=\"noopener\">Homepage<\/a> des Landkreises ver\u00f6ffentlicht. Die Beschr\u00e4nkungen der Alarmstufe II gelten weiterhin.<\/span><\/p>\n<hr \/>\n<p class=\"Default\" style=\"line-height: 150%; text-align: justify;\">\n","protected":false},"excerpt":{"rendered":"<p>Kreis Esslingen.| Im Landkreis Esslingen ist die n\u00e4chtliche Ausgangsbeschr\u00e4nkung f\u00fcr nicht immunisierte Personen wieder aufgehoben worden. Das Gesundheitsamt hat am Freitag, 17. Dezember die f\u00f6rmliche Feststellung getroffen, dass die Sieben-Tage-Inzidenz von mindestens 500 Neuinfektionen mit dem Coronavirus je 100.000 Einwohner seit mindestens f\u00fcnf aufeinanderfolgenden Tagen unterschritten worden ist. Die Feststellung ist auf der Homepage des [&hellip;]<\/p>\n","protected":false},"author":4,"featured_media":0,"comment_status":"closed","ping_status":"open","sticky":false,"template":"","format":"standard","meta":{"inline_featured_image":false,"_exactmetrics_skip_tracking":false,"_exactmetrics_sitenote_active":false,"_exactmetrics_sitenote_note":"","_exactmetrics_sitenote_category":0,"footnotes":""},"categories":[59,2247],"tags":[16925,16692,14857,14440,5,1532,68,9],"class_list":{"0":"post-144477","1":"post","2":"type-post","3":"status-publish","4":"format-standard","6":"category-aktuell","7":"category-kreis-esslingen","8":"tag-ausgang","9":"tag-beschrankung","10":"tag-die-webzeitung","11":"tag-esslingen","12":"tag-internetzeitung","13":"tag-nacht","14":"tag-online-zeitung","15":"tag-schaumedia"},"image_feature":null,"author_name":"Redaktion","pure_taxonomies":{"categories":[{"term_id":59,"name":"Aktuell","slug":"aktuell","term_group":0,"term_taxonomy_id":60,"taxonomy":"category","description":"","parent":0,"count":1018,"filter":"raw","image":""},{"term_id":2247,"name":"Kreis Esslingen","slug":"kreis-esslingen","term_group":0,"term_taxonomy_id":2260,"taxonomy":"category","description":"Informationen aus dem Landkreis Esslingen","parent":171,"count":214,"filter":"raw","image":""}],"tags":[{"term_id":16925,"name":"Ausgang","slug":"ausgang","term_group":0,"term_taxonomy_id":16944,"taxonomy":"post_tag","description":"","parent":0,"count":2,"filter":"raw","image":""},{"term_id":16692,"name":"Beschr\u00e4nkung","slug":"beschrankung","term_group":0,"term_taxonomy_id":16711,"taxonomy":"post_tag","description":"","parent":0,"count":4,"filter":"raw","image":""},{"term_id":14857,"name":"Die-Webzeitung","slug":"die-webzeitung","term_group":0,"term_taxonomy_id":14876,"taxonomy":"post_tag","description":"","parent":0,"count":3628,"filter":"raw","image":""},{"term_id":14440,"name":"Esslingen","slug":"esslingen","term_group":0,"term_taxonomy_id":3885,"taxonomy":"post_tag","description":"","parent":0,"count":202,"filter":"raw","image":""},{"term_id":5,"name":"Internetzeitung","slug":"internetzeitung","term_group":0,"term_taxonomy_id":5,"taxonomy":"post_tag","description":"","parent":0,"count":1461,"filter":"raw","image":""},{"term_id":1532,"name":"Nacht","slug":"nacht","term_group":0,"term_taxonomy_id":1541,"taxonomy":"post_tag","description":"","parent":0,"count":4,"filter":"raw","image":""},{"term_id":68,"name":"Online-Zeitung","slug":"online-zeitung","term_group":0,"term_taxonomy_id":69,"taxonomy":"post_tag","description":"","parent":0,"count":3598,"filter":"raw","image":""},{"term_id":9,"name":"SchauMedia","slug":"schaumedia","term_group":0,"term_taxonomy_id":9,"taxonomy":"post_tag","description":"","parent":0,"count":1607,"filter":"raw","image":""}]},"_links":{"self":[{"href":"https:\/\/die-webzeitung.de\/stuttgart\/wp-json\/wp\/v2\/posts\/144477","targetHints":{"allow":["GET"]}}],"collection":[{"href":"https:\/\/die-webzeitung.de\/stuttgart\/wp-json\/wp\/v2\/posts"}],"about":[{"href":"https:\/\/die-webzeitung.de\/stuttgart\/wp-json\/wp\/v2\/types\/post"}],"author":[{"embeddable":true,"href":"https:\/\/die-webzeitung.de\/stuttgart\/wp-json\/wp\/v2\/users\/4"}],"replies":[{"embeddable":true,"href":"https:\/\/die-webzeitung.de\/stuttgart\/wp-json\/wp\/v2\/comments?post=144477"}],"version-history":[{"count":4,"href":"https:\/\/die-webzeitung.de\/stuttgart\/wp-json\/wp\/v2\/posts\/144477\/revisions"}],"predecessor-version":[{"id":144481,"href":"https:\/\/die-webzeitung.de\/stuttgart\/wp-json\/wp\/v2\/posts\/144477\/revisions\/144481"}],"wp:attachment":[{"href":"https:\/\/die-webzeitung.de\/stuttgart\/wp-json\/wp\/v2\/media?parent=144477"}],"wp:term":[{"taxonomy":"category","embeddable":true,"href":"https:\/\/die-webzeitung.de\/stuttgart\/wp-json\/wp\/v2\/categories?post=144477"},{"taxonomy":"post_tag","embeddable":true,"href":"https:\/\/die-webzeitung.de\/stuttgart\/wp-json\/wp\/v2\/tags?post=144477"}],"curies":[{"name":"wp","href":"https:\/\/api.w.org\/{rel}","templated":true}]}}