{"id":144443,"date":"2021-12-17T15:32:42","date_gmt":"2021-12-17T14:32:42","guid":{"rendered":"https:\/\/die-webzeitung.de\/stuttgart\/?p=144443"},"modified":"2021-12-17T15:33:34","modified_gmt":"2021-12-17T14:33:34","slug":"polizei-bereitet-sich-auf-einsatz-am-wochenende-vor","status":"publish","type":"post","link":"https:\/\/die-webzeitung.de\/stuttgart\/2021\/12\/17\/polizei-bereitet-sich-auf-einsatz-am-wochenende-vor\/","title":{"rendered":"Polizei bereitet sich auf Einsatz am Wochenende in Reutlingen vor"},"content":{"rendered":"<p style=\"text-align: justify;\">Reutlingen.| Nachdem es an den vergangenen beiden Wochenenden in Reutlingen zu Polizeieins\u00e4tzen aufgrund von Protesten gegen die aktuellen Corona-Regelungen gekommen war, bereitet sich das Polizeipr\u00e4sidium Reutlingen f\u00fcr dieses Wochenende bereits auf den n\u00e4chsten Einsatz vor. Am vergangenen Samstag kam es in der Reutlinger Innenstadt unter dem Motto &#8220;F\u00fcr Freiheit, Wahrheit und Selbstbestimmung&#8221; zu einer Versammlung von rund 1500 Personen, die gegen die aktuellen Corona-Regelungen demonstrierten. Weil die vom Amt f\u00fcr \u00f6ffentliche Ordnung erlassenen Auflagen vor Ort nicht umgesetzt wurden und sich kein Versammlungsleiter zu erkennen gab, musste die Versammlung aufgel\u00f6st werden. Trotz der Aufl\u00f6sung der Versammlung formierten sich die Teilnehmer zu einem nicht genehmigten Aufzug quer durch Reutlingen. Dabei wurde weder auf den flie\u00dfenden Verkehr geachtet, noch wurden die Zeichen und Weisungen der eingesetzten Polizeibeamten befolgt. In diesem Zusammenhang weist die Polizei ausdr\u00fccklich darauf hin, dass auch ein mutma\u00dflich passives \u00dcberlaufen einer Polizeikette bereits eine strafbare Handlung darstellt.<\/p>\n<p style=\"text-align: justify;\">F\u00fcr Samstag, 18.12.2021, war unter demselben Motto wie zuvor eine Versammlung mit Aufzug durch die Innenstadt von Reutlingen angemeldet worden. Die Versammlung, der Aufzug sowie eventuell stattfindende Ersatzveranstaltungen wurden durch das Landratsamt Reutlingen sowie das Ordnungsamt der Stadt Reutlingen verboten. Das Polizeipr\u00e4sidium Reutlingen geht davon aus, dass sich trotz des Verbots Personen am kommenden Samstag in Reutlingen versammeln k\u00f6nnten und bereitet sich intensiv auf diese Lage vor. Mit Unterst\u00fctzung von Kr\u00e4ften des Polizeipr\u00e4sidiums Einsatz wird das erlassene Versammlungsverbot \u00fcberwacht und Verst\u00f6\u00dfe hiergegen werden konsequent geahndet. F\u00fcr die Teilnahme an einer verbotenen Versammlung drohen Geldbu\u00dfen von bis zu mehreren hundert Euro. Auch wird die Polizei das vom Landratsamt Reutlingen f\u00fcr den Innenstadtbereich erlassene Maskentragegebot \u00fcberwachen, dessen Nichtbeachtung bei vors\u00e4tzlichem Handeln ein Bu\u00dfgeld in H\u00f6he von 250 Euro nach sich ziehen kann. Am kommenden Samstag wird &#8211; neben Einsatzkr\u00e4ften der Polizeihundef\u00fchrerstaffel und der Reiterstaffel &#8211; unter anderem auch eine Drohne zum Einsatz kommen. Das Polizeipr\u00e4sidium weist die einkaufende Bev\u00f6lkerung bereits jetzt darauf hin, dass mit einer erh\u00f6hten Polizeipr\u00e4senz und mit verst\u00e4rkten Kontrollen am Samstag in der Innenstadt gerechnet werden muss.<\/p>\n<hr \/>\n<p style=\"text-align: justify;\">\n","protected":false},"excerpt":{"rendered":"<p>Reutlingen.| Nachdem es an den vergangenen beiden Wochenenden in Reutlingen zu Polizeieins\u00e4tzen aufgrund von Protesten gegen die aktuellen Corona-Regelungen gekommen war, bereitet sich das Polizeipr\u00e4sidium Reutlingen f\u00fcr dieses Wochenende bereits auf den n\u00e4chsten Einsatz vor. Am vergangenen Samstag kam es in der Reutlinger Innenstadt unter dem Motto &#8220;F\u00fcr Freiheit, Wahrheit und Selbstbestimmung&#8221; zu einer Versammlung [&hellip;]<\/p>\n","protected":false},"author":4,"featured_media":0,"comment_status":"closed","ping_status":"open","sticky":false,"template":"","format":"standard","meta":{"inline_featured_image":false,"_exactmetrics_skip_tracking":false,"_exactmetrics_sitenote_active":false,"_exactmetrics_sitenote_note":"","_exactmetrics_sitenote_category":0,"footnotes":""},"categories":[59,9098],"tags":[12534,14857,5,16898,68,9271,9,11903],"class_list":{"0":"post-144443","1":"post","2":"type-post","3":"status-publish","4":"format-standard","6":"category-aktuell","7":"category-baden-wuerttemberg","8":"tag-demonstration","9":"tag-die-webzeitung","10":"tag-internetzeitung","11":"tag-maske","12":"tag-online-zeitung","13":"tag-reutlingen","14":"tag-schaumedia","15":"tag-verbot"},"image_feature":null,"author_name":"Redaktion","pure_taxonomies":{"categories":[{"term_id":59,"name":"Aktuell","slug":"aktuell","term_group":0,"term_taxonomy_id":60,"taxonomy":"category","description":"","parent":0,"count":1018,"filter":"raw","image":""},{"term_id":9098,"name":"Baden-W\u00fcrttemberg","slug":"baden-wuerttemberg","term_group":0,"term_taxonomy_id":9124,"taxonomy":"category","description":"","parent":171,"count":238,"filter":"raw","image":""}],"tags":[{"term_id":12534,"name":"Demonstration","slug":"demonstration","term_group":0,"term_taxonomy_id":12574,"taxonomy":"post_tag","description":"","parent":0,"count":16,"filter":"raw","image":""},{"term_id":14857,"name":"Die-Webzeitung","slug":"die-webzeitung","term_group":0,"term_taxonomy_id":14876,"taxonomy":"post_tag","description":"","parent":0,"count":3628,"filter":"raw","image":""},{"term_id":5,"name":"Internetzeitung","slug":"internetzeitung","term_group":0,"term_taxonomy_id":5,"taxonomy":"post_tag","description":"","parent":0,"count":1461,"filter":"raw","image":""},{"term_id":16898,"name":"Maske","slug":"maske","term_group":0,"term_taxonomy_id":16917,"taxonomy":"post_tag","description":"","parent":0,"count":2,"filter":"raw","image":""},{"term_id":68,"name":"Online-Zeitung","slug":"online-zeitung","term_group":0,"term_taxonomy_id":69,"taxonomy":"post_tag","description":"","parent":0,"count":3598,"filter":"raw","image":""},{"term_id":9271,"name":"Reutlingen","slug":"reutlingen","term_group":0,"term_taxonomy_id":9299,"taxonomy":"post_tag","description":"","parent":0,"count":4,"filter":"raw","image":""},{"term_id":9,"name":"SchauMedia","slug":"schaumedia","term_group":0,"term_taxonomy_id":9,"taxonomy":"post_tag","description":"","parent":0,"count":1607,"filter":"raw","image":""},{"term_id":11903,"name":"Verbot","slug":"verbot","term_group":0,"term_taxonomy_id":11941,"taxonomy":"post_tag","description":"","parent":0,"count":10,"filter":"raw","image":""}]},"_links":{"self":[{"href":"https:\/\/die-webzeitung.de\/stuttgart\/wp-json\/wp\/v2\/posts\/144443","targetHints":{"allow":["GET"]}}],"collection":[{"href":"https:\/\/die-webzeitung.de\/stuttgart\/wp-json\/wp\/v2\/posts"}],"about":[{"href":"https:\/\/die-webzeitung.de\/stuttgart\/wp-json\/wp\/v2\/types\/post"}],"author":[{"embeddable":true,"href":"https:\/\/die-webzeitung.de\/stuttgart\/wp-json\/wp\/v2\/users\/4"}],"replies":[{"embeddable":true,"href":"https:\/\/die-webzeitung.de\/stuttgart\/wp-json\/wp\/v2\/comments?post=144443"}],"version-history":[{"count":2,"href":"https:\/\/die-webzeitung.de\/stuttgart\/wp-json\/wp\/v2\/posts\/144443\/revisions"}],"predecessor-version":[{"id":144445,"href":"https:\/\/die-webzeitung.de\/stuttgart\/wp-json\/wp\/v2\/posts\/144443\/revisions\/144445"}],"wp:attachment":[{"href":"https:\/\/die-webzeitung.de\/stuttgart\/wp-json\/wp\/v2\/media?parent=144443"}],"wp:term":[{"taxonomy":"category","embeddable":true,"href":"https:\/\/die-webzeitung.de\/stuttgart\/wp-json\/wp\/v2\/categories?post=144443"},{"taxonomy":"post_tag","embeddable":true,"href":"https:\/\/die-webzeitung.de\/stuttgart\/wp-json\/wp\/v2\/tags?post=144443"}],"curies":[{"name":"wp","href":"https:\/\/api.w.org\/{rel}","templated":true}]}}