{"id":144378,"date":"2021-12-10T16:16:17","date_gmt":"2021-12-10T15:16:17","guid":{"rendered":"https:\/\/die-webzeitung.de\/stuttgart\/?p=144378"},"modified":"2021-12-10T16:16:17","modified_gmt":"2021-12-10T15:16:17","slug":"real-madrid-ist-wohl-an-bayerns-serge-gnabry-interessiert","status":"publish","type":"post","link":"https:\/\/die-webzeitung.de\/stuttgart\/2021\/12\/10\/real-madrid-ist-wohl-an-bayerns-serge-gnabry-interessiert\/","title":{"rendered":"Real Madrid ist wohl an Bayerns Serge Gnabry interessiert"},"content":{"rendered":"<p style=\"text-align: right;\"><span style=\"color: #999999;\"><em>Gesch\u00e4ftliche Information<\/em><\/span><\/p>\n<p style=\"text-align: justify;\">Nachdem im letzten Sommer die Ger\u00fcchte \u00fcber ein m\u00f6gliches Interesse von Real Madrid an Bayern-St\u00fcrmer Robert Lewandowski die Runde machten, soll nun ein neuer FCB-Profi bei Real Madrid ganz weit oben auf der Wunschliste stehen. <a href=\"https:\/\/sportbild.bild.de\/bundesliga\/vereine\/bayern-muenchen\/fc-bayern-lockt-david-alaba-serge-gnabry-zu-real-madrid-78428756.sport.html\" target=\"_blank\" rel=\"noopener\">Laut SportBild<\/a> soll es sich dabei um den DFB-Offensivmann Serge Gnabry handeln. Der 26-J\u00e4hrige steht bei den M\u00fcnchnern noch bis 2023 unter Vertrag und soll eine vorzeitige Verl\u00e4ngerung seines Arbeitspapieres f\u00fcr erste abgelehnt haben. Da die Bayern im Falle eines Wechselwunsches des Goalgetters diesen nur noch bis in den Winter 2022\/23 f\u00fcr eine Abl\u00f6sesumme verkaufen k\u00f6nnten, ist klar, dass bei Berichten \u00fcber \u201egescheiterte Verhandlungen\u201c andere Teams ihr Interesse anmelden.<\/p>\n<p style=\"text-align: justify;\">Es ist durchaus denkbar, dass Gnabry gewillt ist, den FC Bayern zu verlassen. Nachdem der Stuttgarter in der Jugend sein Gl\u00fcck vergeblich in England suchte, kann es durchaus sein, dass er sich nochmals im Ausland beweisen m\u00f6chte. Dabei w\u00e4re ein Wechsel zur\u00fcck nach England oder in die spanische La Liga der wohl logischste Schritt. W\u00e4hrend bei einem konkreten Wechselwunsch Gnabrys sicher auch englische Topteams wie der FC Liverpool Interesse anmelden w\u00fcrden, h\u00e4tte der Wechsel nach Madrid f\u00fcr den deutschen Nationalspieler einen gro\u00dfen Vorteil. Mit David Alaba w\u00e4re er bei den k\u00f6niglichen wieder mit seinem kongenialen Partner aus der Triple-Saison der Bayern vereint.<\/p>\n<p style=\"text-align: justify;\">Zwar sollten bei den Bayernanh\u00e4ngern bei solchen Meldungen alle Alarmglocken schallen, doch ist nicht unbedingt davon auszugehen, dass es Gnabry wirklich ins Ausland zieht. Bei den Bayern ist er zuhause, wird sicher reich entlohnt und gilt bei <a href=\"https:\/\/sports.bwin.de\/de\/sports\/fu\u00dfball-4\/\" target=\"_blank\" rel=\"noopener\">Sportwettenexperten wie bwin immer als Favorit auf den Sieg<\/a>. Zudem hat er seinen Startplatz bei dem Team aus M\u00fcnchen sicher. Vieles wird wohl vom Abschneiden in der Champions League und dem Gehalt, welches die Bayern Ganbry im Falle einer Verl\u00e4ngerung bieten, abh\u00e4ngen.<\/p>\n<p style=\"text-align: justify;\">Inwieweit das Interesse der Madrilenen ein echtes ist, ist zudem fraglich. \u00c4hnlich wie beim Konkurrenten FC Barcelona, hat auch in Madrid ein Umdenken stattgefunden. Beide Topteams aus Spanien haben einen Sparkurs eingeschlagen und die letzten Transferperioden davon abgesehen, hohe Abl\u00f6sesummen zu zahlen. Eine Verpflichtung Gnabrys w\u00fcrde bei einem kolportierten Marktwert von etwa 60 Millionen Euro eine Abkehr von dieser Strategie bedeuten. Wahrscheinlicher ist wohl, dass Madrid bei Ganbry den gleichen Weg wie bei seinem Ex-Kollegen Alaba gehen m\u00f6chte. Dieser verlie\u00df im Sommer <a href=\"https:\/\/www.sport1.de\/news\/internationaler-fussball\/la-liga\/2021\/07\/real-madrid-die-zahlen-des-alaba-vertrags-enthullt\" target=\"_blank\" rel=\"noopener\">abl\u00f6sefrei<\/a> den deutschen Rekordmeister, nachdem die Verhandlungen \u00fcber eine Verl\u00e4ngerung gescheitert waren. Eine abl\u00f6sefreie Verpflichtung eines weiteren Bayern-Stars w\u00e4re ein absoluter Coup f\u00fcr Real Madrid, den die M\u00fcnchner sicher unter allen Umst\u00e4nden vermeiden m\u00f6chten.<\/p>\n<p style=\"text-align: justify;\">Ein Interesse an Gnabry seitens Real Madrids ist durchaus realistisch, allerdings werden noch viele Spieltage ins Land gehen, bis ein Wechsel des Bayern-Stars erfolgen k\u00f6nnte. Der FCB wird alles tun, um ihn zu halten und ihn, wenn n\u00f6tig, wohl fr\u00fchestens im Winter 2022\/23 gegen eine hohe Abl\u00f6sesumme ziehen lassen.<\/p>\n<hr \/>\n<p style=\"text-align: justify;\">\n","protected":false},"excerpt":{"rendered":"<p>Gesch\u00e4ftliche Information Nachdem im letzten Sommer die Ger\u00fcchte \u00fcber ein m\u00f6gliches Interesse von Real Madrid an Bayern-St\u00fcrmer Robert Lewandowski die Runde machten, soll nun ein neuer FCB-Profi bei Real Madrid ganz weit oben auf der Wunschliste stehen. Laut SportBild soll es sich dabei um den DFB-Offensivmann Serge Gnabry handeln. Der 26-J\u00e4hrige steht bei den M\u00fcnchnern [&hellip;]<\/p>\n","protected":false},"author":4,"featured_media":144379,"comment_status":"closed","ping_status":"open","sticky":false,"template":"","format":"standard","meta":{"inline_featured_image":false,"_exactmetrics_skip_tracking":false,"_exactmetrics_sitenote_active":false,"_exactmetrics_sitenote_note":"","_exactmetrics_sitenote_category":0,"footnotes":""},"categories":[2237],"tags":[9301,14857,17227,17228,11553,68,16405],"class_list":{"0":"post-144378","1":"post","2":"type-post","3":"status-publish","4":"format-standard","5":"has-post-thumbnail","7":"category-ratgeber-leben","8":"tag-bayern","9":"tag-die-webzeitung","10":"tag-gnabry","11":"tag-madrid","12":"tag-nevdel","13":"tag-online-zeitung","14":"tag-real"},"image_feature":"https:\/\/die-webzeitung.de\/stuttgart\/wp-content\/uploads\/sites\/4\/2021\/12\/sg.jpg","author_name":"Redaktion","pure_taxonomies":{"categories":[{"term_id":2237,"name":"Ratgeber","slug":"ratgeber-leben","term_group":0,"term_taxonomy_id":2250,"taxonomy":"category","description":"","parent":482,"count":380,"filter":"raw","image":""}],"tags":[{"term_id":9301,"name":"Bayern","slug":"bayern","term_group":0,"term_taxonomy_id":9329,"taxonomy":"post_tag","description":"","parent":0,"count":2,"filter":"raw","image":""},{"term_id":14857,"name":"Die-Webzeitung","slug":"die-webzeitung","term_group":0,"term_taxonomy_id":14876,"taxonomy":"post_tag","description":"","parent":0,"count":3628,"filter":"raw","image":""},{"term_id":17227,"name":"Gnabry","slug":"gnabry","term_group":0,"term_taxonomy_id":17246,"taxonomy":"post_tag","description":"","parent":0,"count":1,"filter":"raw","image":""},{"term_id":17228,"name":"Madrid","slug":"madrid","term_group":0,"term_taxonomy_id":17247,"taxonomy":"post_tag","description":"","parent":0,"count":1,"filter":"raw","image":""},{"term_id":11553,"name":"NEVDEL","slug":"nevdel","term_group":0,"term_taxonomy_id":11591,"taxonomy":"post_tag","description":"","parent":0,"count":89,"filter":"raw","image":""},{"term_id":68,"name":"Online-Zeitung","slug":"online-zeitung","term_group":0,"term_taxonomy_id":69,"taxonomy":"post_tag","description":"","parent":0,"count":3598,"filter":"raw","image":""},{"term_id":16405,"name":"Real","slug":"real","term_group":0,"term_taxonomy_id":16424,"taxonomy":"post_tag","description":"","parent":0,"count":1,"filter":"raw","image":""}]},"_links":{"self":[{"href":"https:\/\/die-webzeitung.de\/stuttgart\/wp-json\/wp\/v2\/posts\/144378","targetHints":{"allow":["GET"]}}],"collection":[{"href":"https:\/\/die-webzeitung.de\/stuttgart\/wp-json\/wp\/v2\/posts"}],"about":[{"href":"https:\/\/die-webzeitung.de\/stuttgart\/wp-json\/wp\/v2\/types\/post"}],"author":[{"embeddable":true,"href":"https:\/\/die-webzeitung.de\/stuttgart\/wp-json\/wp\/v2\/users\/4"}],"replies":[{"embeddable":true,"href":"https:\/\/die-webzeitung.de\/stuttgart\/wp-json\/wp\/v2\/comments?post=144378"}],"version-history":[{"count":2,"href":"https:\/\/die-webzeitung.de\/stuttgart\/wp-json\/wp\/v2\/posts\/144378\/revisions"}],"predecessor-version":[{"id":144381,"href":"https:\/\/die-webzeitung.de\/stuttgart\/wp-json\/wp\/v2\/posts\/144378\/revisions\/144381"}],"wp:featuredmedia":[{"embeddable":true,"href":"https:\/\/die-webzeitung.de\/stuttgart\/wp-json\/wp\/v2\/media\/144379"}],"wp:attachment":[{"href":"https:\/\/die-webzeitung.de\/stuttgart\/wp-json\/wp\/v2\/media?parent=144378"}],"wp:term":[{"taxonomy":"category","embeddable":true,"href":"https:\/\/die-webzeitung.de\/stuttgart\/wp-json\/wp\/v2\/categories?post=144378"},{"taxonomy":"post_tag","embeddable":true,"href":"https:\/\/die-webzeitung.de\/stuttgart\/wp-json\/wp\/v2\/tags?post=144378"}],"curies":[{"name":"wp","href":"https:\/\/api.w.org\/{rel}","templated":true}]}}