{"id":144375,"date":"2021-12-10T16:09:33","date_gmt":"2021-12-10T15:09:33","guid":{"rendered":"https:\/\/die-webzeitung.de\/stuttgart\/?p=144375"},"modified":"2021-12-10T16:09:33","modified_gmt":"2021-12-10T15:09:33","slug":"48-stunden-impfmarathon-auf-der-landesmesse","status":"publish","type":"post","link":"https:\/\/die-webzeitung.de\/stuttgart\/2021\/12\/10\/48-stunden-impfmarathon-auf-der-landesmesse\/","title":{"rendered":"48-Stunden-Impfmarathon auf der Landesmesse"},"content":{"rendered":"<p style=\"text-align: justify;\">Kreis Esslingen.| Der Landkreis Esslingen, der Malteser Hilfsdienst und die Messe Stuttgart veranstalten kommendes Wochenende einen Drive-In Impfmarathon. Unter dem Motto \u201eWir impfen THE L\u00c4ND\u201c k\u00f6nnen im Drive-In-Verfahren binnen 48 Stunden bis zu 20.000 Impfungen gesetzt werden.<\/p>\n<p style=\"text-align: justify;\">Am kommenden Wochenende, 17. bis 19. Dezember, startet auf der Landesmesse Stuttgart die wohl bisher gr\u00f6\u00dfte Impfaktion im Rahmen der Impfkampagne #dranbleibenbw. Das gro\u00dfe Impfevent wird vom Landkreis Esslingen und von den Maltesern Neckar-Alb in Kooperation mit der Messe Stuttgart gestemmt \u2013 mit Unterst\u00fctzung des DRK, der Johanniter-Unfallhilfe, den Freiwilligen Feuerwehren im Landkreis Esslingen, dem Technischen Hilfswerk und Mitarbeitern der Landesmesse. Mehr als 100 ehrenamtliche Helfer sind im Schichtbetrieb vor Ort.<\/p>\n<p style=\"text-align: justify;\">Von Freitagabend, 18 Uhr bis Sonntagabend, 18 Uhr soll rund um die Uhr 48 Stunden lang geimpft werden, um m\u00f6glichst viele Menschen vor dem Coronavirus und einem schweren Verlauf der Covid-19-Erkrankung zu sch\u00fctzen. 24 Impfstra\u00dfen sollen dabei in einer der Messehallen entstehen, wobei nach dem Drive-In-Prinzip geimpft wird: Alle Impfwilligen k\u00f6nnen dabei in ihren Fahrzeugen sitzen bleiben. In einer weiteren Messehalle bleiben die Geimpften dann \u2013 ebenfalls in ihren Fahrzeugen \u2013 eine kurze Zeit zur Nachbeobachtung vor Ort. Damit die Wartezeit nicht zu langweilig wird, ist dort auch ein Rahmenprogramm vorgesehen.<\/p>\n<p style=\"text-align: justify;\">\u201eAngesichts der derzeit stark steigenden Infektionszahlen ist es mehr denn je eine B\u00fcrgerpflicht, sich impfen zu lassen\u201c, sagt Landrat Heinz Eininger. \u201eWer sich impfen l\u00e4sst, sch\u00fctzt nicht nur sich selbst, sondern \u00fcbernimmt auch Verantwortung f\u00fcr andere. Mit dem Impfmarathon bieten wir nun eine weitere M\u00f6glichkeit, sich vor dem Coronavirus zu sch\u00fctzen. Ich w\u00fcnsche mir, dass das Angebot gut angenommen wird und danke bereits heute allen Beteiligten und insbesondere den ehrenamtlichen Helfern.\u201c<\/p>\n<p style=\"text-align: justify;\">\u201eMit dem Impfmarathon auf der Landesmesse geben wir f\u00fcr viele Menschen eine ganz unkomplizierte M\u00f6glichkeit, sich genau dann gegen das Coronavirus impfen zu lassen, wenn es f\u00fcr sie geschickt ist \u2013 mit Impfterminen rund um die Uhr\u201c, sagt Marc Lippe, Bezirksgesch\u00e4ftsf\u00fchrer der Malteser Neckar-Alb. F\u00fcr die Malteser ist die Bek\u00e4mpfung der Corona-Pandemie im Rahmen des Katastrophenschutzes und des Rettungsdienstes eine Kernaufgabe, der sich die Malteser im Haupt- und Ehrenamt mit vielen Aktionen stellen.<\/p>\n<p style=\"text-align: justify;\">In Baden-W\u00fcrttemberg sind nach Angaben des Impfquotenmonitorings des Robert-Koch-Institutes inzwischen 67,4 Prozent der Menschen im impff\u00e4higen Alter vollst\u00e4ndig geimpft. Allerdings haben noch nicht einmal 20 Prozent eine Auffrischungsimpfung erhalten. Wie gut die meisten Baden-W\u00fcrttemberger also vor der neuen Omikron-Variante gesch\u00fctzt sind, ist in vielen F\u00e4llen fraglich. Deshalb sollte mit der Impfkampagne im Land nicht nur die Impfquote erh\u00f6ht werden, sondern durch viele Booster-Impfungen auch der Schutz vor der neuen Virusvariante.<\/p>\n<p style=\"text-align: justify;\">F\u00fcr die Teilnahme am Impfmarathon ist eine vorherige Terminbuchung notwendig. 15.000 Impftermine sind ab sofort auf den Internetseiten <a href=\"http:\/\/www.landkreis-esslingen.de\" target=\"_blank\" rel=\"noopener\">www.landkreis-esslingen.de<\/a> und <a href=\"http:\/\/www.malteser-neckar-alb.de\/impfen\" target=\"_blank\" rel=\"noopener\">www.malteser-neckar-alb.de\/impfen<\/a> freigeschaltet. In einer Best\u00e4tigungs-E-Mail erhalten die Impfwilligen anschlie\u00dfend alle weiteren Informationen rund um die Corona-Schutzimpfung auf der Landesmesse. Weitere 5 000 Impfungen stehen f\u00fcr Kurzentschlossene auch ohne Termin zur Verf\u00fcgung.<\/p>\n<p style=\"text-align: justify;\">F\u00fcr diese Aktion werden noch \u00c4rzte und Medizinisches Fachpersonal gesucht. Wer die Aktion unterst\u00fctzen m\u00f6chte, darf sich \u00fcber ein Formular auf <a href=\"http:\/\/www.malteser-neckar-alb.de\/impfen\" target=\"_blank\" rel=\"noopener\">www.malteser-neckar-alb.de\/impfen<\/a> melden.<\/p>\n<hr \/>\n<p style=\"text-align: justify;\">\n","protected":false},"excerpt":{"rendered":"<p>Kreis Esslingen.| Der Landkreis Esslingen, der Malteser Hilfsdienst und die Messe Stuttgart veranstalten kommendes Wochenende einen Drive-In Impfmarathon. Unter dem Motto \u201eWir impfen THE L\u00c4ND\u201c k\u00f6nnen im Drive-In-Verfahren binnen 48 Stunden bis zu 20.000 Impfungen gesetzt werden. Am kommenden Wochenende, 17. bis 19. Dezember, startet auf der Landesmesse Stuttgart die wohl bisher gr\u00f6\u00dfte Impfaktion im [&hellip;]<\/p>\n","protected":false},"author":4,"featured_media":0,"comment_status":"closed","ping_status":"open","sticky":false,"template":"","format":"standard","meta":{"inline_featured_image":false,"_exactmetrics_skip_tracking":false,"_exactmetrics_sitenote_active":false,"_exactmetrics_sitenote_note":"","_exactmetrics_sitenote_category":0,"footnotes":""},"categories":[59,2247],"tags":[14857,14440,17224,5,68,9],"class_list":{"0":"post-144375","1":"post","2":"type-post","3":"status-publish","4":"format-standard","6":"category-aktuell","7":"category-kreis-esslingen","8":"tag-die-webzeitung","9":"tag-esslingen","10":"tag-impf-marathon","11":"tag-internetzeitung","12":"tag-online-zeitung","13":"tag-schaumedia"},"image_feature":null,"author_name":"Redaktion","pure_taxonomies":{"categories":[{"term_id":59,"name":"Aktuell","slug":"aktuell","term_group":0,"term_taxonomy_id":60,"taxonomy":"category","description":"","parent":0,"count":1018,"filter":"raw","image":""},{"term_id":2247,"name":"Kreis Esslingen","slug":"kreis-esslingen","term_group":0,"term_taxonomy_id":2260,"taxonomy":"category","description":"Informationen aus dem Landkreis Esslingen","parent":171,"count":214,"filter":"raw","image":""}],"tags":[{"term_id":14857,"name":"Die-Webzeitung","slug":"die-webzeitung","term_group":0,"term_taxonomy_id":14876,"taxonomy":"post_tag","description":"","parent":0,"count":3628,"filter":"raw","image":""},{"term_id":14440,"name":"Esslingen","slug":"esslingen","term_group":0,"term_taxonomy_id":3885,"taxonomy":"post_tag","description":"","parent":0,"count":202,"filter":"raw","image":""},{"term_id":17224,"name":"Impf-Marathon","slug":"impf-marathon","term_group":0,"term_taxonomy_id":17243,"taxonomy":"post_tag","description":"","parent":0,"count":1,"filter":"raw","image":""},{"term_id":5,"name":"Internetzeitung","slug":"internetzeitung","term_group":0,"term_taxonomy_id":5,"taxonomy":"post_tag","description":"","parent":0,"count":1461,"filter":"raw","image":""},{"term_id":68,"name":"Online-Zeitung","slug":"online-zeitung","term_group":0,"term_taxonomy_id":69,"taxonomy":"post_tag","description":"","parent":0,"count":3598,"filter":"raw","image":""},{"term_id":9,"name":"SchauMedia","slug":"schaumedia","term_group":0,"term_taxonomy_id":9,"taxonomy":"post_tag","description":"","parent":0,"count":1607,"filter":"raw","image":""}]},"_links":{"self":[{"href":"https:\/\/die-webzeitung.de\/stuttgart\/wp-json\/wp\/v2\/posts\/144375","targetHints":{"allow":["GET"]}}],"collection":[{"href":"https:\/\/die-webzeitung.de\/stuttgart\/wp-json\/wp\/v2\/posts"}],"about":[{"href":"https:\/\/die-webzeitung.de\/stuttgart\/wp-json\/wp\/v2\/types\/post"}],"author":[{"embeddable":true,"href":"https:\/\/die-webzeitung.de\/stuttgart\/wp-json\/wp\/v2\/users\/4"}],"replies":[{"embeddable":true,"href":"https:\/\/die-webzeitung.de\/stuttgart\/wp-json\/wp\/v2\/comments?post=144375"}],"version-history":[{"count":1,"href":"https:\/\/die-webzeitung.de\/stuttgart\/wp-json\/wp\/v2\/posts\/144375\/revisions"}],"predecessor-version":[{"id":144376,"href":"https:\/\/die-webzeitung.de\/stuttgart\/wp-json\/wp\/v2\/posts\/144375\/revisions\/144376"}],"wp:attachment":[{"href":"https:\/\/die-webzeitung.de\/stuttgart\/wp-json\/wp\/v2\/media?parent=144375"}],"wp:term":[{"taxonomy":"category","embeddable":true,"href":"https:\/\/die-webzeitung.de\/stuttgart\/wp-json\/wp\/v2\/categories?post=144375"},{"taxonomy":"post_tag","embeddable":true,"href":"https:\/\/die-webzeitung.de\/stuttgart\/wp-json\/wp\/v2\/tags?post=144375"}],"curies":[{"name":"wp","href":"https:\/\/api.w.org\/{rel}","templated":true}]}}