{"id":144358,"date":"2021-12-08T14:41:33","date_gmt":"2021-12-08T13:41:33","guid":{"rendered":"https:\/\/die-webzeitung.de\/stuttgart\/?p=144358"},"modified":"2021-12-08T14:41:33","modified_gmt":"2021-12-08T13:41:33","slug":"naechtliche-ausgangsbeschraenkung-fuer-ungeimpfte-im-kreis-esslingen","status":"publish","type":"post","link":"https:\/\/die-webzeitung.de\/stuttgart\/2021\/12\/08\/naechtliche-ausgangsbeschraenkung-fuer-ungeimpfte-im-kreis-esslingen\/","title":{"rendered":"N\u00e4chtliche Ausgangsbeschr\u00e4nkung f\u00fcr Ungeimpfte im Kreis Esslingen"},"content":{"rendered":"<h5 style=\"text-align: justify;\"><strong>Seit Dienstag, 7. Dezember, gilt im Landkreis Esslingen wieder eine n\u00e4chtliche Ausgangsbeschr\u00e4nkung f\u00fcr nicht-immunisierte Personen.<\/strong><\/h5>\n<p style=\"text-align: justify;\">Kreis Esslingen.| Im Landkreis Esslingen ist die Inzidenz von 500 an zwei aufeinanderfolgenden Tagen erneut \u00fcberschritten, deswegen gelten hier seit Dienstag, 7. Dezember Einschr\u00e4nkungen: F\u00fcr nicht geimpfte und nicht genesene Personen gilt eine n\u00e4chtliche Ausgangsbeschr\u00e4nkung in der Zeit von 21 bis 5 Uhr. Ausnahmen gelten zum Beispiel bei der Berufsaus\u00fcbung.<\/p>\n<p style=\"text-align: justify;\">Das Gesundheitsamt traf am Montag, 6. Dezember die f\u00f6rmliche Feststellung, dass der Landkreis Esslingen an zwei aufeinanderfolgenden Tagen die Sieben-Tage-Inzidenz von mindestens 500 Neuinfektionen mit dem Coronavirus je 100.000 Einwohner \u00fcberschritten hatte. Die Feststellung wurde auf der Homepage des Landkreises ver\u00f6ffentlicht: <a href=\"http:\/\/www.landkreis-esslingen.de\" target=\"_blank\" rel=\"noopener\">www.landkreis-esslingen.de<\/a>, Amtliche Bekanntmachungen.<\/p>\n<p style=\"text-align: justify;\">Diese Feststellung tritt au\u00dfer Kraft, wenn die Sieben-Tage-Inzidenz an f\u00fcnf aufeinander folgenden Tagen unter 500 liegt. Die Regelungen der Alarmstufe II gelten unbenommen davon weiter, diese Alarmstufe II orientiert sich an der Hospitalisierungsinzidenz und an der Auslastung der Intensivbetten landesweit.<\/p>\n<p style=\"text-align: justify;\">Seit Inkrafttreten der neuen Coronaverordnung am 4. Dezember gilt in der in Baden-W\u00fcrttemberg bestehenden Alarmstufe II im Handel, der nicht zur Grundversorgung z\u00e4hlt, und bei \u00f6ffentlichen Veranstaltungen eine 2G+-Regel mit dem Nachweis, geimpft oder genesen zu sein sowie dem Nachweis eines negativen Schnell- oder PCR-Tests.<\/p>\n<p style=\"text-align: justify;\">Bei der 2G+-Regelung sind Personen von der Testpflicht befreit, die bereits eine Auffrischungsimpfung (\u201eBooster\u201c) erhalten haben sowie geimpfte und genesene Personen, deren Impfung oder Infektion nicht l\u00e4nger als sechs Monate zur\u00fcckliegt.<\/p>\n<hr \/>\n<p style=\"text-align: justify;\">\n","protected":false},"excerpt":{"rendered":"<p>Seit Dienstag, 7. Dezember, gilt im Landkreis Esslingen wieder eine n\u00e4chtliche Ausgangsbeschr\u00e4nkung f\u00fcr nicht-immunisierte Personen. Kreis Esslingen.| Im Landkreis Esslingen ist die Inzidenz von 500 an zwei aufeinanderfolgenden Tagen erneut \u00fcberschritten, deswegen gelten hier seit Dienstag, 7. Dezember Einschr\u00e4nkungen: F\u00fcr nicht geimpfte und nicht genesene Personen gilt eine n\u00e4chtliche Ausgangsbeschr\u00e4nkung in der Zeit von 21 [&hellip;]<\/p>\n","protected":false},"author":4,"featured_media":0,"comment_status":"closed","ping_status":"open","sticky":false,"template":"","format":"standard","meta":{"inline_featured_image":false,"_exactmetrics_skip_tracking":false,"_exactmetrics_sitenote_active":false,"_exactmetrics_sitenote_note":"","_exactmetrics_sitenote_category":0,"footnotes":""},"categories":[59,2247],"tags":[16987,14857,14440,5,15010,68,9,17223],"class_list":{"0":"post-144358","1":"post","2":"type-post","3":"status-publish","4":"format-standard","6":"category-aktuell","7":"category-kreis-esslingen","8":"tag-ausgangsbeschraenkung","9":"tag-die-webzeitung","10":"tag-esslingen","11":"tag-internetzeitung","12":"tag-kreis","13":"tag-online-zeitung","14":"tag-schaumedia","15":"tag-ungeimpfte"},"image_feature":null,"author_name":"Redaktion","pure_taxonomies":{"categories":[{"term_id":59,"name":"Aktuell","slug":"aktuell","term_group":0,"term_taxonomy_id":60,"taxonomy":"category","description":"","parent":0,"count":1018,"filter":"raw","image":""},{"term_id":2247,"name":"Kreis Esslingen","slug":"kreis-esslingen","term_group":0,"term_taxonomy_id":2260,"taxonomy":"category","description":"Informationen aus dem Landkreis Esslingen","parent":171,"count":214,"filter":"raw","image":""}],"tags":[{"term_id":16987,"name":"Ausgangsbeschr\u00e4nkung","slug":"ausgangsbeschraenkung","term_group":0,"term_taxonomy_id":17006,"taxonomy":"post_tag","description":"","parent":0,"count":2,"filter":"raw","image":""},{"term_id":14857,"name":"Die-Webzeitung","slug":"die-webzeitung","term_group":0,"term_taxonomy_id":14876,"taxonomy":"post_tag","description":"","parent":0,"count":3628,"filter":"raw","image":""},{"term_id":14440,"name":"Esslingen","slug":"esslingen","term_group":0,"term_taxonomy_id":3885,"taxonomy":"post_tag","description":"","parent":0,"count":202,"filter":"raw","image":""},{"term_id":5,"name":"Internetzeitung","slug":"internetzeitung","term_group":0,"term_taxonomy_id":5,"taxonomy":"post_tag","description":"","parent":0,"count":1461,"filter":"raw","image":""},{"term_id":15010,"name":"Kreis","slug":"kreis","term_group":0,"term_taxonomy_id":15029,"taxonomy":"post_tag","description":"","parent":0,"count":6,"filter":"raw","image":""},{"term_id":68,"name":"Online-Zeitung","slug":"online-zeitung","term_group":0,"term_taxonomy_id":69,"taxonomy":"post_tag","description":"","parent":0,"count":3598,"filter":"raw","image":""},{"term_id":9,"name":"SchauMedia","slug":"schaumedia","term_group":0,"term_taxonomy_id":9,"taxonomy":"post_tag","description":"","parent":0,"count":1607,"filter":"raw","image":""},{"term_id":17223,"name":"Ungeimpfte","slug":"ungeimpfte","term_group":0,"term_taxonomy_id":17242,"taxonomy":"post_tag","description":"","parent":0,"count":3,"filter":"raw","image":""}]},"_links":{"self":[{"href":"https:\/\/die-webzeitung.de\/stuttgart\/wp-json\/wp\/v2\/posts\/144358","targetHints":{"allow":["GET"]}}],"collection":[{"href":"https:\/\/die-webzeitung.de\/stuttgart\/wp-json\/wp\/v2\/posts"}],"about":[{"href":"https:\/\/die-webzeitung.de\/stuttgart\/wp-json\/wp\/v2\/types\/post"}],"author":[{"embeddable":true,"href":"https:\/\/die-webzeitung.de\/stuttgart\/wp-json\/wp\/v2\/users\/4"}],"replies":[{"embeddable":true,"href":"https:\/\/die-webzeitung.de\/stuttgart\/wp-json\/wp\/v2\/comments?post=144358"}],"version-history":[{"count":1,"href":"https:\/\/die-webzeitung.de\/stuttgart\/wp-json\/wp\/v2\/posts\/144358\/revisions"}],"predecessor-version":[{"id":144359,"href":"https:\/\/die-webzeitung.de\/stuttgart\/wp-json\/wp\/v2\/posts\/144358\/revisions\/144359"}],"wp:attachment":[{"href":"https:\/\/die-webzeitung.de\/stuttgart\/wp-json\/wp\/v2\/media?parent=144358"}],"wp:term":[{"taxonomy":"category","embeddable":true,"href":"https:\/\/die-webzeitung.de\/stuttgart\/wp-json\/wp\/v2\/categories?post=144358"},{"taxonomy":"post_tag","embeddable":true,"href":"https:\/\/die-webzeitung.de\/stuttgart\/wp-json\/wp\/v2\/tags?post=144358"}],"curies":[{"name":"wp","href":"https:\/\/api.w.org\/{rel}","templated":true}]}}