{"id":144349,"date":"2021-12-08T14:31:01","date_gmt":"2021-12-08T13:31:01","guid":{"rendered":"https:\/\/die-webzeitung.de\/stuttgart\/?p=144349"},"modified":"2021-12-08T14:31:01","modified_gmt":"2021-12-08T13:31:01","slug":"foerdermitgliedschaft-bei-den-aktiven-stuttgartern","status":"publish","type":"post","link":"https:\/\/die-webzeitung.de\/stuttgart\/2021\/12\/08\/foerdermitgliedschaft-bei-den-aktiven-stuttgartern\/","title":{"rendered":"F\u00f6rdermitgliedschaft bei den aktiven Stuttgartern"},"content":{"rendered":"<p style=\"text-align: justify;\">Stuttgart (mueb).| Durch Beschluss bei der diesj\u00e4hrigen Mitgliederversammlung der aktiven Stuttgarter haben Unternehmen in Stuttgart nun die M\u00f6glichkeit, F\u00f6rdermitglied zu werden. Damit \u00f6ffnet sich die Gemeinschaft der Stuttgarter Handels- und Gewerbevereine f\u00fcr alle Unternehmen in Stuttgart. Bisher war eine Mitgliedschaft bei den aktiven Stuttgartern nur Handels- und Gewerbevereinen mit ihren Mitgliedern vorbehalten, die als Ganzes den aktiven Stuttgartern beigetreten waren.<\/p>\n<p style=\"text-align: justify;\">Mit der F\u00f6rdermitgliedschaft k\u00f6nnen nun Unternehmen unabh\u00e4ngig von einer Mitgliedschaft in einem HGV direkt den aktiven Stuttgartern beitreten. Damit haben sie die M\u00f6glichkeit, an den Angeboten f\u00fcr die Mitglieder zu partizipieren. Bisher waren die vielf\u00e4ltigen Vorteile nur den Mitgliedern der angeschlossenen HGVs zug\u00e4nglich.<\/p>\n<p style=\"text-align: justify;\">\u201eWir freuen uns, dass die mit der F\u00f6rdermitgliedschaft unser interessantes Angebot f\u00fcr Unternehmen endlich allen zug\u00e4nglich gemacht werden kann\u201c, erkl\u00e4rt Angelika Grupp, Vorstand der aktiven Stuttgarter. \u201eJe mehr Mitglieder wir haben, desto interessanter sind wir nat\u00fcrlich auch f\u00fcr weitere Kooperationspartner, und auch gegen\u00fcber der Politik haben wir mit unseren W\u00fcnschen und Anliegen mehr Gewicht\u201c, begr\u00fcndet sie den Schritt bei der letzten Mitgliederversammlung.<\/p>\n<p style=\"text-align: justify;\">F\u00f6rdermitglieder bei den aktiven Stuttgartern haben genauso wie die Mitglieder Zugang zu allen Vorteilsprogrammen, wie der Einkaufsgemeinschaft KMU Zentrale, dem SSB-Firmenticket f\u00fcr sich und Mitarbeiter (auch als Einzel- oder Kleinunternehmen), Netzwerken mit vielen anderen Mitgliedern, Zugriff auf einen Expertenpool, g\u00fcnstige Konditionen bei der GEMA, Vorteilsangebot bei den Stadtwerken etc.<\/p>\n<p style=\"text-align: justify;\">Einzig die Teilnahme bzw. das Stimmrecht bei den j\u00e4hrlichen Mitgliedsversammlung bleibt den ordentlichen Mitgliedern vorbehalten. Die F\u00f6rdermitgliedschaft kann jederzeit beantragt werden, das entsprechende Beitragsformular kann auf der Website <a href=\"https:\/\/www.aktive-stuttgarter.de\/corona-hotline-schliesst-am-12-06-2020-2-2-2-2\/\" target=\"_blank\" rel=\"noopener\">https:\/\/www.aktive-stuttgarter.de\/corona-hotline-schliesst-am-12-06-2020-2-2-2-2\/<\/a> heruntergeladen werden.<\/p>\n<p style=\"text-align: justify;\">Nat\u00fcrlich stehen Interessenten auch die Vorst\u00e4nde f\u00fcr weitere Ausk\u00fcnfte zur Verf\u00fcgung.<\/p>\n<p style=\"text-align: justify;\"><em>Die aktive Stuttgarter e. V. hat sich zum Ziel gesetzt, seine Mitglieder in den Stadtbezirken miteinander zu ver\u00adnetzen und durch die B\u00fcndelung der vielen kleinen Gewerbe eine ihnen entsprechende Gr\u00f6\u00dfe zu repr\u00e4sentieren. Durch die Menge ihrer Mitglieder \u00fcber die verschiedenen Stadtteile hinweg sprechen sie auch gegen\u00fcber der Politik und Stadtverwaltung\u00a0mit einer gemeinsamen, h\u00f6rbaren Stimme. Als ihre Aufgabe sehen sie die Unterst\u00fctzung und Entlastung der Vorst\u00e4nde der Gewerbevereine bei ihrer ehrenamtlichen T\u00e4tigkeit.<\/em><\/p>\n<hr \/>\n<p style=\"text-align: justify;\">\n","protected":false},"excerpt":{"rendered":"<p>Stuttgart (mueb).| Durch Beschluss bei der diesj\u00e4hrigen Mitgliederversammlung der aktiven Stuttgarter haben Unternehmen in Stuttgart nun die M\u00f6glichkeit, F\u00f6rdermitglied zu werden. Damit \u00f6ffnet sich die Gemeinschaft der Stuttgarter Handels- und Gewerbevereine f\u00fcr alle Unternehmen in Stuttgart. Bisher war eine Mitgliedschaft bei den aktiven Stuttgartern nur Handels- und Gewerbevereinen mit ihren Mitgliedern vorbehalten, die als Ganzes [&hellip;]<\/p>\n","protected":false},"author":4,"featured_media":0,"comment_status":"closed","ping_status":"open","sticky":false,"template":"","format":"standard","meta":{"inline_featured_image":false,"_exactmetrics_skip_tracking":false,"_exactmetrics_sitenote_active":false,"_exactmetrics_sitenote_note":"","_exactmetrics_sitenote_category":0,"footnotes":""},"categories":[2239],"tags":[14759,14857,1936,1937,5,68,9,275,11867,14378],"class_list":{"0":"post-144349","1":"post","2":"type-post","3":"status-publish","4":"format-standard","6":"category-stuttgart-lokal","7":"tag-aktive","8":"tag-die-webzeitung","9":"tag-gewerbe","10":"tag-handel","11":"tag-internetzeitung","12":"tag-online-zeitung","13":"tag-schaumedia","14":"tag-stuttgart","15":"tag-stuttgarter","16":"tag-verein"},"image_feature":null,"author_name":"Redaktion","pure_taxonomies":{"categories":[{"term_id":2239,"name":"Stuttgart","slug":"stuttgart-lokal","term_group":0,"term_taxonomy_id":2252,"taxonomy":"category","description":"Berichte und Informationen aus Stuttgart","parent":1433,"count":943,"filter":"raw","image":""}],"tags":[{"term_id":14759,"name":"aktive","slug":"aktive","term_group":0,"term_taxonomy_id":14778,"taxonomy":"post_tag","description":"","parent":0,"count":3,"filter":"raw","image":""},{"term_id":14857,"name":"Die-Webzeitung","slug":"die-webzeitung","term_group":0,"term_taxonomy_id":14876,"taxonomy":"post_tag","description":"","parent":0,"count":3628,"filter":"raw","image":""},{"term_id":1936,"name":"Gewerbe","slug":"gewerbe","term_group":0,"term_taxonomy_id":1946,"taxonomy":"post_tag","description":"","parent":0,"count":1,"filter":"raw","image":""},{"term_id":1937,"name":"Handel","slug":"handel","term_group":0,"term_taxonomy_id":1947,"taxonomy":"post_tag","description":"","parent":0,"count":3,"filter":"raw","image":""},{"term_id":5,"name":"Internetzeitung","slug":"internetzeitung","term_group":0,"term_taxonomy_id":5,"taxonomy":"post_tag","description":"","parent":0,"count":1461,"filter":"raw","image":""},{"term_id":68,"name":"Online-Zeitung","slug":"online-zeitung","term_group":0,"term_taxonomy_id":69,"taxonomy":"post_tag","description":"","parent":0,"count":3598,"filter":"raw","image":""},{"term_id":9,"name":"SchauMedia","slug":"schaumedia","term_group":0,"term_taxonomy_id":9,"taxonomy":"post_tag","description":"","parent":0,"count":1607,"filter":"raw","image":""},{"term_id":275,"name":"Stuttgart","slug":"stuttgart","term_group":0,"term_taxonomy_id":281,"taxonomy":"post_tag","description":"","parent":0,"count":1196,"filter":"raw","image":""},{"term_id":11867,"name":"Stuttgarter","slug":"stuttgarter","term_group":0,"term_taxonomy_id":11905,"taxonomy":"post_tag","description":"","parent":0,"count":3,"filter":"raw","image":""},{"term_id":14378,"name":"Verein","slug":"verein","term_group":0,"term_taxonomy_id":14412,"taxonomy":"post_tag","description":"","parent":0,"count":1,"filter":"raw","image":""}]},"_links":{"self":[{"href":"https:\/\/die-webzeitung.de\/stuttgart\/wp-json\/wp\/v2\/posts\/144349","targetHints":{"allow":["GET"]}}],"collection":[{"href":"https:\/\/die-webzeitung.de\/stuttgart\/wp-json\/wp\/v2\/posts"}],"about":[{"href":"https:\/\/die-webzeitung.de\/stuttgart\/wp-json\/wp\/v2\/types\/post"}],"author":[{"embeddable":true,"href":"https:\/\/die-webzeitung.de\/stuttgart\/wp-json\/wp\/v2\/users\/4"}],"replies":[{"embeddable":true,"href":"https:\/\/die-webzeitung.de\/stuttgart\/wp-json\/wp\/v2\/comments?post=144349"}],"version-history":[{"count":2,"href":"https:\/\/die-webzeitung.de\/stuttgart\/wp-json\/wp\/v2\/posts\/144349\/revisions"}],"predecessor-version":[{"id":144351,"href":"https:\/\/die-webzeitung.de\/stuttgart\/wp-json\/wp\/v2\/posts\/144349\/revisions\/144351"}],"wp:attachment":[{"href":"https:\/\/die-webzeitung.de\/stuttgart\/wp-json\/wp\/v2\/media?parent=144349"}],"wp:term":[{"taxonomy":"category","embeddable":true,"href":"https:\/\/die-webzeitung.de\/stuttgart\/wp-json\/wp\/v2\/categories?post=144349"},{"taxonomy":"post_tag","embeddable":true,"href":"https:\/\/die-webzeitung.de\/stuttgart\/wp-json\/wp\/v2\/tags?post=144349"}],"curies":[{"name":"wp","href":"https:\/\/api.w.org\/{rel}","templated":true}]}}