{"id":144291,"date":"2021-12-04T11:56:43","date_gmt":"2021-12-04T10:56:43","guid":{"rendered":"https:\/\/die-webzeitung.de\/stuttgart\/2021\/12\/04\/spiele-der-amateur-oberliga-nach-2022-verlegt\/"},"modified":"2021-12-04T12:25:52","modified_gmt":"2021-12-04T11:25:52","slug":"spiele-der-amateur-oberliga-nach-2022-verlegt","status":"publish","type":"post","link":"https:\/\/die-webzeitung.de\/stuttgart\/2021\/12\/04\/spiele-der-amateur-oberliga-nach-2022-verlegt\/","title":{"rendered":"Spiele der Amateur-Oberliga nach 2022 verlegt"},"content":{"rendered":"<h5 style=\"text-align: justify;\"><strong>Der Ball in der Oberliga BW wird in diesem Jahr nicht mehr rollen<\/strong><\/h5>\n<p style=\"text-align: justify;\"><img loading=\"lazy\" decoding=\"async\" class=\"alignleft size-thumbnail wp-image-160113\" src=\"https:\/\/die-webzeitung.de\/ludwigsburg\/wp-content\/uploads\/sites\/5\/2021\/05\/SGV100-small.jpg\" alt=\"\" width=\"100\" height=\"128\" \/>Freiberg a. N.| Die Partie des SGV Freiberg Fu\u00dfball e. V. gegen den SV Oberachern e.V. an diesem Samstag sowie das Ausw\u00e4rtsspiel in der kommenden Woche gegen die Kickers werden ins neue Jahr gelegt!<\/p>\n<p style=\"text-align: justify;\">Wie der wfv mitteilt wird es eine vorzeitige Winterpause in der OLBW geben<br \/>\nDie Fu\u00dfballverb\u00e4nde in Baden-W\u00fcrttemberg haben entschieden alle Spiele von der Kreisliga bis zur Oberliga BW ab dem 4. Dezember bis Jahresende abzusetzen und in das neue Jahr zu verlegen.<\/p>\n<p style=\"text-align: justify;\">Die Entscheidung war erforderlich, nachdem die Landesregierung bis zum Abend weder eine neue CoronaVO noch eine CoronaVO Sport verk\u00fcndet hat. Vor dem Hintergrund dieser Rechtsunsicherheit und ganz kurzfristig zu erwartender Versch\u00e4rfungen, ist eine Fortsetzung des Spielbetriebs nicht zu vertreten.&#8221;<\/p>\n<p style=\"text-align: justify;\">Der SGV Freiberg Fu\u00dfball e. V. w\u00fcnscht allen Fans und Freunden ein gesegnetes Weihnachten und einen guten Rutsch ins neue Jahr. Bleiben Sie gesund!<\/p>\n<hr \/>\n<p style=\"text-align: justify;\">\n","protected":false},"excerpt":{"rendered":"<p>Der Ball in der Oberliga BW wird in diesem Jahr nicht mehr rollen Freiberg a. N.| Die Partie des SGV Freiberg Fu\u00dfball e. V. gegen den SV Oberachern e.V. an diesem Samstag sowie das Ausw\u00e4rtsspiel in der kommenden Woche gegen die Kickers werden ins neue Jahr gelegt! Wie der wfv mitteilt wird es eine vorzeitige [&hellip;]<\/p>\n","protected":false},"author":4,"featured_media":0,"comment_status":"closed","ping_status":"open","sticky":false,"template":"","format":"standard","meta":{"inline_featured_image":false,"_exactmetrics_skip_tracking":false,"_exactmetrics_sitenote_active":false,"_exactmetrics_sitenote_note":"","_exactmetrics_sitenote_category":0,"footnotes":""},"categories":[59,110],"tags":[14857,80,129,5,1080,68,9,119],"class_list":{"0":"post-144291","1":"post","2":"type-post","3":"status-publish","4":"format-standard","6":"category-aktuell","7":"category-sport","8":"tag-die-webzeitung","9":"tag-freiberger-seite","10":"tag-fusball","11":"tag-internetzeitung","12":"tag-oberliga","13":"tag-online-zeitung","14":"tag-schaumedia","15":"tag-sgv"},"image_feature":null,"author_name":"Redaktion","pure_taxonomies":{"categories":[{"term_id":59,"name":"Aktuell","slug":"aktuell","term_group":0,"term_taxonomy_id":60,"taxonomy":"category","description":"","parent":0,"count":1018,"filter":"raw","image":""},{"term_id":110,"name":"Sport","slug":"sport","term_group":0,"term_taxonomy_id":112,"taxonomy":"category","description":"Sportberichte","parent":0,"count":1043,"filter":"raw","image":""}],"tags":[{"term_id":14857,"name":"Die-Webzeitung","slug":"die-webzeitung","term_group":0,"term_taxonomy_id":14876,"taxonomy":"post_tag","description":"","parent":0,"count":3628,"filter":"raw","image":""},{"term_id":80,"name":"Freiberg","slug":"freiberger-seite","term_group":0,"term_taxonomy_id":95,"taxonomy":"post_tag","description":"","parent":0,"count":78,"filter":"raw","image":""},{"term_id":129,"name":"Fu\u00dfball","slug":"fusball","term_group":0,"term_taxonomy_id":131,"taxonomy":"post_tag","description":"","parent":0,"count":171,"filter":"raw","image":""},{"term_id":5,"name":"Internetzeitung","slug":"internetzeitung","term_group":0,"term_taxonomy_id":5,"taxonomy":"post_tag","description":"","parent":0,"count":1461,"filter":"raw","image":""},{"term_id":1080,"name":"Oberliga","slug":"oberliga","term_group":0,"term_taxonomy_id":1089,"taxonomy":"post_tag","description":"","parent":0,"count":35,"filter":"raw","image":""},{"term_id":68,"name":"Online-Zeitung","slug":"online-zeitung","term_group":0,"term_taxonomy_id":69,"taxonomy":"post_tag","description":"","parent":0,"count":3598,"filter":"raw","image":""},{"term_id":9,"name":"SchauMedia","slug":"schaumedia","term_group":0,"term_taxonomy_id":9,"taxonomy":"post_tag","description":"","parent":0,"count":1607,"filter":"raw","image":""},{"term_id":119,"name":"SGV","slug":"sgv","term_group":0,"term_taxonomy_id":121,"taxonomy":"post_tag","description":"","parent":0,"count":66,"filter":"raw","image":""}]},"_links":{"self":[{"href":"https:\/\/die-webzeitung.de\/stuttgart\/wp-json\/wp\/v2\/posts\/144291","targetHints":{"allow":["GET"]}}],"collection":[{"href":"https:\/\/die-webzeitung.de\/stuttgart\/wp-json\/wp\/v2\/posts"}],"about":[{"href":"https:\/\/die-webzeitung.de\/stuttgart\/wp-json\/wp\/v2\/types\/post"}],"author":[{"embeddable":true,"href":"https:\/\/die-webzeitung.de\/stuttgart\/wp-json\/wp\/v2\/users\/4"}],"replies":[{"embeddable":true,"href":"https:\/\/die-webzeitung.de\/stuttgart\/wp-json\/wp\/v2\/comments?post=144291"}],"version-history":[{"count":2,"href":"https:\/\/die-webzeitung.de\/stuttgart\/wp-json\/wp\/v2\/posts\/144291\/revisions"}],"predecessor-version":[{"id":144295,"href":"https:\/\/die-webzeitung.de\/stuttgart\/wp-json\/wp\/v2\/posts\/144291\/revisions\/144295"}],"wp:attachment":[{"href":"https:\/\/die-webzeitung.de\/stuttgart\/wp-json\/wp\/v2\/media?parent=144291"}],"wp:term":[{"taxonomy":"category","embeddable":true,"href":"https:\/\/die-webzeitung.de\/stuttgart\/wp-json\/wp\/v2\/categories?post=144291"},{"taxonomy":"post_tag","embeddable":true,"href":"https:\/\/die-webzeitung.de\/stuttgart\/wp-json\/wp\/v2\/tags?post=144291"}],"curies":[{"name":"wp","href":"https:\/\/api.w.org\/{rel}","templated":true}]}}