{"id":144284,"date":"2021-12-03T15:15:32","date_gmt":"2021-12-03T14:15:32","guid":{"rendered":"https:\/\/die-webzeitung.de\/stuttgart\/?p=144284"},"modified":"2021-12-03T15:15:32","modified_gmt":"2021-12-03T14:15:32","slug":"flaechendeckendes-impfnetzwerk-geht-in-vollbetrieb","status":"publish","type":"post","link":"https:\/\/die-webzeitung.de\/stuttgart\/2021\/12\/03\/flaechendeckendes-impfnetzwerk-geht-in-vollbetrieb\/","title":{"rendered":"Fl\u00e4chendeckendes Impfnetzwerk geht in Vollbetrieb"},"content":{"rendered":"<p style=\"text-align: justify;\">Kreis Esslingen.| Von Montag, 6. Dezember an werden im Landkreis Esslingen fl\u00e4chendeckend mobile Impfangebote gemacht. Dazu sind insgesamt zehn Mobile Impfteams im Einsatz. Der Landkreis Esslingen hatte gemeinsam mit Kommunen und dem Malteser Hilfsdienst ein Konzept f\u00fcr ein fl\u00e4chendeckendes Impfnetzwerk erarbeitet, das jetzt in Vollbetrieb geht.<\/p>\n<p style=\"text-align: justify;\">Mit dem mobilen Impfangebot des Landkreises k\u00f6nnen rund 8.000 Impfungen pro Woche im Landkreis erreicht werden. \u201eDamit k\u00f6nnen wir die Impfangebote der \u00c4rzte und Betriebs\u00e4rzte sowie die weiteren Impfaktionen von Kommunen, ehrenamtlich Engagierten und anderen Einrichtungen wirksam flankieren\u201c, sagt der Gesundheitsdezernent Peter Freitag. Das Land hat inzwischen die vom Landkreis geforderten mobilen Impfteams bewilligt. Die Teams wurden von den Maltesern, dem Deutschen Roten Kreuz und der Johanniter Unfallhilfe besetzt, so dass von kommender Woche an insgesamt zehn Mobile Impfteams im Kreisgebiet im Einsatz sind. Seit vergangener Woche werden bereits Impfst\u00fctzpunkte in den Gro\u00dfen Kreisst\u00e4dten angefahren. Von Montag, 6. Dezember an werden weitere Impfst\u00fctzpunkte im Kreisgebiet eingerichtet. Die mobilen Impfteams sind an den einzelnen Wochentagen festen Orten zugewiesen und machen an jetzt insgesamt 13 Impfst\u00fctzpunkten wie folgt Station:<\/p>\n<p style=\"text-align: justify;\"><strong>Impfst\u00fctzpunkte in Gro\u00dfen Kreisst\u00e4dten:<\/strong><\/p>\n<ul style=\"text-align: justify;\">\n<li>Montags in Ostfildern (K\u00f6rschtalhalle, K\u00f6rschtalstra\u00dfe 30, Scharnhausen)<\/li>\n<li>Dienstags in Kirchheim unter Teck (Stadthalle, Stuttgarter Stra\u00dfe 2, au\u00dfer Dienstag, 7. Dezember: Jesingen, Sporthalle Lehen\u00e4cker, Holzmadener Stra\u00dfe 24)<\/li>\n<li>Mittwochs in N\u00fcrtingen (Beutwanghalle, Beutwang 1, Neckarhausen)<\/li>\n<li>Donnerstags in Leinfelden Echterdingen (Walter-Schweizer-Kulturforum, Schimmelwiesenstr. 18, Echterdingen)<\/li>\n<li>Freitags in Filderstadt (Filharmonie, T\u00fcbinger Stra\u00dfe 40, Bernhausen)<\/li>\n<li>Samstags und sonntags in Esslingen (ehemals Hotel Park Consul, Grabbrunnenstra\u00dfe 19)<\/li>\n<\/ul>\n<p style=\"text-align: justify;\">Die Aktionen beginnen jeweils um 12.30 Uhr und enden um 18 Uhr.<\/p>\n<p style=\"text-align: justify;\"><strong>Impfst\u00fctzpunkte in Raumschaften:<\/strong><\/p>\n<ul style=\"text-align: justify;\">\n<li>Montags in Weilheim\/Teck (Limburghalle, Helfersbergweg 9)<\/li>\n<li>Dienstags in Reichenbach\/Fils (Br\u00fchlhalle, Karlstra\u00dfe 30)<\/li>\n<li>Mittwochs in Plochingen (Stadthalle, Hermannstra\u00dfe 25)<\/li>\n<li>Donnerstags in Aichtal (Firma Putzmeister, Gutenbergstra\u00dfe 4, Aich)<\/li>\n<li>Freitags in Wernau (Quadrium, Kirchheimer Stra\u00dfe 68)<\/li>\n<li>Samstags in Unterlenningen (Sulzburghalle, Brunnenstra\u00dfe 10)<\/li>\n<li>Sonntags in Frickenhausen, (Erich Scherer Zentrum, Mittlere Stra\u00dfe 18)<\/li>\n<\/ul>\n<p style=\"text-align: justify;\">Die Impfaktionen finden jeweils von 12.30 bis 18 Uhr statt.<\/p>\n<p style=\"text-align: justify;\"><strong>Impfbus<\/strong><\/p>\n<p style=\"text-align: justify;\">Zus\u00e4tzlich tourt der Impfbus weiterhin durch den Landkreis, vor allem nun in kleineren Ortschaften. Am Montag, 6. Dezember macht der Impfbus Halt in Altdorf, Gemeindehalle, Kirchstra\u00dfe 5, am Dienstag, 7. Dezember in Oberboihingen, Gemeindehalle, Karlstra\u00dfe 27 und am Mittwoch, 8. Dezember in Baltmannsweiler, Kulturzentrum, Baacher Stra\u00dfe 6. Im Impfbus wird von 12 bis 17.30 Uhr geimpft.<\/p>\n<p style=\"text-align: justify;\"><strong>Terminbuchungssystem<\/strong><\/p>\n<p style=\"text-align: justify;\">F\u00fcr die Impfaktionen an den Impfst\u00fctzpunkten in den Raumschaften wird von Montag, 6. Dezember an ein Online-Terminsystem freigeschaltet. Es ist abrufbar \u00fcber die Homepages des Landkreises <a href=\"http:\/\/www.landkreis-esslingen.de\" target=\"_blank\" rel=\"noopener\">www.landkreis-esslingen.de<\/a> und der Malteser (<a href=\"http:\/\/www.malteser-neckar-alb.de\" target=\"_blank\" rel=\"noopener\">www.malteser-neckar-alb.de<\/a>). Die Termine werden zun\u00e4chst begrenzt eingestellt, so dass nahezu jeden Tag weitere Termine dazukommen und gebucht werden k\u00f6nnen.<\/p>\n<p style=\"text-align: justify;\">So bald wie m\u00f6glich wird das Terminsystem auch um weitere Impfaktionen erweitert, beispielsweise um die Impfst\u00fctzpunkte in den Gro\u00dfen Kreisst\u00e4dten, und auch Termine bei weiteren offenen Aktionen sollen dar\u00fcber buchbar sein.<\/p>\n<p style=\"text-align: justify;\">An den Weihnachtsfeiertagen wird nicht geimpft. F\u00fcr diese Tage wird es Ausweichtermine geben, die derzeit noch abgestimmt werden.<\/p>\n<p style=\"text-align: justify;\"><strong>Rund um die Impfung<\/strong><\/p>\n<p style=\"text-align: justify;\">Bei den Aktionen des Landkreises k\u00f6nnen sich Kinder ab zw\u00f6lf Jahren, Jugendliche und Erwachsene impfen lassen. M\u00f6glich sind Erst, Zweit- und Auffrischungsimpfungen (\u201eBooster\u201c). Es stehen Impfstoffe von Moderna, Biontech und Johnson &amp; Johnson zur Verf\u00fcgung. Zum Termin werden der Personalausweis, wenn m\u00f6glich der Impfausweis und die Krankenkassenkarte ben\u00f6tigt. Bei Zweit- und Auffrischungsimpfungen muss der Nachweis der bisherigen Covid-19-Impfungen mitgebracht werden. Wer einen Termin bucht, muss die Terminbest\u00e4tigung vorlegen (ausgedruckt oder digital). Personen unter 16 Jahren k\u00f6nnen nur in Begleitung eines Sorgeberechtigten geimpft werden.<\/p>\n<hr \/>\n<p style=\"text-align: justify;\">\n","protected":false},"excerpt":{"rendered":"<p>Kreis Esslingen.| Von Montag, 6. Dezember an werden im Landkreis Esslingen fl\u00e4chendeckend mobile Impfangebote gemacht. Dazu sind insgesamt zehn Mobile Impfteams im Einsatz. Der Landkreis Esslingen hatte gemeinsam mit Kommunen und dem Malteser Hilfsdienst ein Konzept f\u00fcr ein fl\u00e4chendeckendes Impfnetzwerk erarbeitet, das jetzt in Vollbetrieb geht. Mit dem mobilen Impfangebot des Landkreises k\u00f6nnen rund 8.000 [&hellip;]<\/p>\n","protected":false},"author":4,"featured_media":0,"comment_status":"closed","ping_status":"open","sticky":false,"template":"","format":"standard","meta":{"inline_featured_image":false,"_exactmetrics_skip_tracking":false,"_exactmetrics_sitenote_active":false,"_exactmetrics_sitenote_note":"","_exactmetrics_sitenote_category":0,"footnotes":""},"categories":[59,2247],"tags":[14857,14440,17206,5,68,14433,9],"class_list":{"0":"post-144284","1":"post","2":"type-post","3":"status-publish","4":"format-standard","6":"category-aktuell","7":"category-kreis-esslingen","8":"tag-die-webzeitung","9":"tag-esslingen","10":"tag-impfnetzwerk","11":"tag-internetzeitung","12":"tag-online-zeitung","13":"tag-landkreis","14":"tag-schaumedia"},"image_feature":null,"author_name":"Redaktion","pure_taxonomies":{"categories":[{"term_id":59,"name":"Aktuell","slug":"aktuell","term_group":0,"term_taxonomy_id":60,"taxonomy":"category","description":"","parent":0,"count":1018,"filter":"raw","image":""},{"term_id":2247,"name":"Kreis Esslingen","slug":"kreis-esslingen","term_group":0,"term_taxonomy_id":2260,"taxonomy":"category","description":"Informationen aus dem Landkreis Esslingen","parent":171,"count":214,"filter":"raw","image":""}],"tags":[{"term_id":14857,"name":"Die-Webzeitung","slug":"die-webzeitung","term_group":0,"term_taxonomy_id":14876,"taxonomy":"post_tag","description":"","parent":0,"count":3628,"filter":"raw","image":""},{"term_id":14440,"name":"Esslingen","slug":"esslingen","term_group":0,"term_taxonomy_id":3885,"taxonomy":"post_tag","description":"","parent":0,"count":202,"filter":"raw","image":""},{"term_id":17206,"name":"Impfnetzwerk","slug":"impfnetzwerk","term_group":0,"term_taxonomy_id":17225,"taxonomy":"post_tag","description":"","parent":0,"count":2,"filter":"raw","image":""},{"term_id":5,"name":"Internetzeitung","slug":"internetzeitung","term_group":0,"term_taxonomy_id":5,"taxonomy":"post_tag","description":"","parent":0,"count":1461,"filter":"raw","image":""},{"term_id":68,"name":"Online-Zeitung","slug":"online-zeitung","term_group":0,"term_taxonomy_id":69,"taxonomy":"post_tag","description":"","parent":0,"count":3598,"filter":"raw","image":""},{"term_id":14433,"name":"Region","slug":"landkreis","term_group":0,"term_taxonomy_id":10363,"taxonomy":"post_tag","description":"","parent":0,"count":12,"filter":"raw","image":""},{"term_id":9,"name":"SchauMedia","slug":"schaumedia","term_group":0,"term_taxonomy_id":9,"taxonomy":"post_tag","description":"","parent":0,"count":1607,"filter":"raw","image":""}]},"_links":{"self":[{"href":"https:\/\/die-webzeitung.de\/stuttgart\/wp-json\/wp\/v2\/posts\/144284","targetHints":{"allow":["GET"]}}],"collection":[{"href":"https:\/\/die-webzeitung.de\/stuttgart\/wp-json\/wp\/v2\/posts"}],"about":[{"href":"https:\/\/die-webzeitung.de\/stuttgart\/wp-json\/wp\/v2\/types\/post"}],"author":[{"embeddable":true,"href":"https:\/\/die-webzeitung.de\/stuttgart\/wp-json\/wp\/v2\/users\/4"}],"replies":[{"embeddable":true,"href":"https:\/\/die-webzeitung.de\/stuttgart\/wp-json\/wp\/v2\/comments?post=144284"}],"version-history":[{"count":1,"href":"https:\/\/die-webzeitung.de\/stuttgart\/wp-json\/wp\/v2\/posts\/144284\/revisions"}],"predecessor-version":[{"id":144285,"href":"https:\/\/die-webzeitung.de\/stuttgart\/wp-json\/wp\/v2\/posts\/144284\/revisions\/144285"}],"wp:attachment":[{"href":"https:\/\/die-webzeitung.de\/stuttgart\/wp-json\/wp\/v2\/media?parent=144284"}],"wp:term":[{"taxonomy":"category","embeddable":true,"href":"https:\/\/die-webzeitung.de\/stuttgart\/wp-json\/wp\/v2\/categories?post=144284"},{"taxonomy":"post_tag","embeddable":true,"href":"https:\/\/die-webzeitung.de\/stuttgart\/wp-json\/wp\/v2\/tags?post=144284"}],"curies":[{"name":"wp","href":"https:\/\/api.w.org\/{rel}","templated":true}]}}