{"id":144252,"date":"2021-11-29T17:36:03","date_gmt":"2021-11-29T16:36:03","guid":{"rendered":"https:\/\/die-webzeitung.de\/stuttgart\/?p=144252"},"modified":"2021-11-29T17:36:03","modified_gmt":"2021-11-29T16:36:03","slug":"neues-zum-fahrplanwechsel-im-landkreis-esslingen","status":"publish","type":"post","link":"https:\/\/die-webzeitung.de\/stuttgart\/2021\/11\/29\/neues-zum-fahrplanwechsel-im-landkreis-esslingen\/","title":{"rendered":"Neues zum Fahrplanwechsel im Landkreis Esslingen"},"content":{"rendered":"<h5 style=\"text-align: justify;\"><strong>Die wichtigsten \u00c4nderungen im VVS-Gebiet ab 12. Dezember 2021 \u2013 alle Verbindungen bereits in der elektronischen Fahrplanauskunft \u00fcber App oder Web abrufbar<\/strong><\/h5>\n<p style=\"text-align: justify;\">Kreis Esslingen.| Ab dem 12. Dezember gilt im VVS ein neuer Fahrplan. In dieser Pressemitteilung sind die wichtigsten \u00c4nderungen f\u00fcr Bus und Bahn im VVS-Gebiet beschrieben. Alle Verbindungen sind bereits in der elektronischen Fahrplanauskunft des VVS \u00fcber die VVS-App oder die Internetseite abrufbar.<\/p>\n<p style=\"text-align: justify;\"><strong>Fahrplanbuch nur noch digital abrufbar<\/strong><\/p>\n<p style=\"text-align: justify;\">Das Fahrplanbuch erschien zum Fahrplanwechsel 2020 zum letzten Mal in gedruckter Form. Hintergrund: Die Fahrpl\u00e4ne im VVS ver\u00e4ndern sich aufgrund von Anpassungen und Verbesserungen mehrfach unterj\u00e4hrig. Das einmal im Jahr gedruckte Fahrplanbuch ist h\u00e4ufig bereits kurz nach der Erscheinung nicht mehr aktuell. Auch ist die Nachfrage in den letzten Jahren rasant gesunken. Deshalb wird zuk\u00fcnftig auf die Herausgabe neuer Fahrplanb\u00fccher verzichtet. \u00dcber unsere Fahrplanauskunft auf <a href=\"http:\/\/vvs.de\" target=\"_blank\" rel=\"noopener\" data-saferedirecturl=\"https:\/\/www.google.com\/url?q=http:\/\/vvs.de&amp;source=gmail&amp;ust=1638289905495000&amp;usg=AOvVaw3jckzqy95h2e5ebd2oy2g8\">vvs.de<\/a> und \u00fcber VVS Mobil haben Fahrg\u00e4ste immer die aktuellen Verbindungen abrufbar. F\u00fcr stark nachgefragte Linien wird es weiterhin die beliebten Minifahrpl\u00e4ne geben, die man zum Beispiel \u00fcber die Kundenzentren der Verkehrsunternehmen erhalten kann. Die Fahrplanbuchseiten selber lassen sich nach wie vor \u00fcber die Homepage sowie \u00fcber die App VVS Mobil abrufen.<\/p>\n<p style=\"text-align: justify;\"><strong><u>S-Bahn<\/u><\/strong><\/p>\n<p style=\"text-align: justify;\"><strong>Alle 15 Minuten nach Filderstadt<\/strong><\/p>\n<p style=\"text-align: justify;\">Bei der S-Bahn wird der Fahrplan weiter verbessert: Ab 12. Dezember sind die S-Bahnen der Linie S2 zwischen 6 und 20.30 Uhr im 15-Minuten-Takt \u2013 anstatt wie bislang im 30-Minuten-Takt \u2013 unterwegs. In diesem Zeitraum f\u00e4hrt die Linie S3 nur von Backnang bis Vaihingen. An Wochenenden ist die S2 (Schorndorf \u2013 Filderstadt) und die S3 (Backnang \u2013 Flughafen\/Messe bzw. Vaihingen) nach wie vor im Halbstundentakt im Einsatz.<\/p>\n<p style=\"text-align: justify;\"><strong>15-Minuten-Takt an Samstagen<\/strong><\/p>\n<p style=\"text-align: justify;\">Die S-Bahn ist k\u00fcnftig auch an Samstagen zwischen 13 und 18.30 Uhr im 15-Minuten-Takt unterwegs. Auf den Linien S1 und S6, gilt der Viertelstundentakt zwischen Plochingen und Herrenberg bzw. Renningen und Schwabstra\u00dfe schon ab etwa 9 Uhr. Auf einzelnen Strecken sind die S-Bahnen nach wie vor nur alle halbe Stunde unterwegs. Das betrifft die folgenden Strecken und Linien:<\/p>\n<ul style=\"text-align: justify;\">\n<li>S1 B\u00f6blingen \u2013 Herrenberg: Wegen Trassenkonflikten mit dem IC zwischen Stuttgart und Z\u00fcrich gibt es alle zwei Stunden Taktl\u00fccken<\/li>\n<li>S2 Vaihingen \u2013 Filderstadt und S3 Vaihingen \u2013 Flughafen\/Messe<\/li>\n<li>S4 Marbach \u2013 Backnang<\/li>\n<li>S60 B\u00f6blingen \u2013 Renningen<\/li>\n<\/ul>\n<p style=\"text-align: justify;\"><strong>Sperrung Stammstrecke<\/strong><\/p>\n<p style=\"text-align: justify;\">In den Sommerferien vom 30. Juli bis 11. September 2022 m\u00fcssen Fahrg\u00e4ste mit Einschr\u00e4nkungen auf der Stammstrecke rechnen. Wegen weiteren Sanierungsarbeiten und Vorarbeiten f\u00fcr das Projekt \u201eDigitaler Knoten Stuttgart\u201c muss diese n\u00e4mlich komplett gesperrt werden \u2013 f\u00fcr diesen Zeitraum wird ein Baustellenfahrplan eingerichtet.<\/p>\n<p style=\"text-align: justify;\"><strong><u>Stadtbahnen:<\/u><\/strong><\/p>\n<p style=\"text-align: justify;\"><strong>Linie U6 (Gerlingen \u2013 Flughafen\/Messe)<\/strong><\/p>\n<p style=\"text-align: justify;\">Die Stadtbahnline U6, die bislang zwischen Gerlingen und Fasanenhof Schelmenwasen unterwegs war, f\u00e4hrt ab 12. Dezember weiter bis Flughafen\/Messe. Auf der Strecke zum Flughafen h\u00e4lt die U6 an den neuen Stationen Stadionstra\u00dfe und Messe West in Echterdingen.<\/p>\n<p style=\"text-align: justify;\"><strong><u>Regionalz\u00fcge<\/u><\/strong><\/p>\n<p style=\"text-align: justify;\">Die Sperrung der Stammstrecke bei der S-Bahn vom 30. Juli bis 11. September 2022 hat auch Auswirkungen auf den Regionalverkehr. Fahrg\u00e4ste m\u00fcssen w\u00e4hrend der Sommerferien 2022 mit Einschr\u00e4nkungen rechnen, da nicht mehr alle Regionalbahnen am Hauptbahnhof Stuttgart Halt machen k\u00f6nnen. Das Konzept entspricht weitgehend dem der Sommerferien 2021, allerdings ist geplant, auf der G\u00e4ubahn mehr Z\u00fcge bis Stuttgart fahren zu lassen.<\/p>\n<p style=\"text-align: justify;\"><strong><u>Go-Ahead:<\/u><\/strong><\/p>\n<p style=\"text-align: justify;\"><strong>Linie MEX16 (Ulm \u2013 Stuttgart)<\/strong><\/p>\n<p style=\"text-align: justify;\">Zwei Z\u00fcge der Linie MEX16, die bisher nur bis Esslingen gefahren sind oder dort abfahren, fahren k\u00fcnftig bis bzw. ab Stuttgart:<\/p>\n<ul style=\"text-align: justify;\">\n<li>in Richtung Stuttgart startet um 6.49 Uhr ein Regionalzug in Geislingen<\/li>\n<li>von Stuttgart f\u00e4hrt ein zus\u00e4tzlicher Zug um 8.02 Uhr bis Ulm<\/li>\n<\/ul>\n<p style=\"text-align: justify;\"><strong><u>DB Regio AG:<\/u><\/strong><\/p>\n<p style=\"text-align: justify;\"><strong>Linie RE5 (Lindau <\/strong><strong>\u2013 Ulm \u2013 G\u00f6ppingen \u2013 Stuttgart)<\/strong><\/p>\n<p style=\"text-align: justify;\">Zwischen Ulm und Lindau sind die Z\u00fcge k\u00fcnftig elektrisch unterwegs \u2013 bislang waren auf der Strecke von Ulm bis Lindau Dieselloks im Einsatz. Am Fahrplan der Linie RE5 zwischen Stuttgart und Ulm \u00e4ndert sich durch die Elektrifizierung aber nichts.<\/p>\n<p style=\"text-align: justify;\"><strong><u>Nebenbahnen:<\/u><\/strong><\/p>\n<p style=\"text-align: justify;\"><strong>Teckbahn-Linie RB64 (Oberlenningen \u2013 Kirchheim (T))<\/strong><\/p>\n<p style=\"text-align: justify;\">Wegen un\u00fcbersichtlicher Bahn\u00fcberg\u00e4nge in Unterleningen sind die Bahnen der Teckbahn zwischen Owen und Oberlenningen eine Minute l\u00e4nger unterwegs. In den Sommerferien 2022 wird die Teckbahn au\u00dferdem wegen umfangreichen Sanierungsarbeiten komplett gesperrt.<\/p>\n<p style=\"text-align: justify;\"><strong><u>\u00c4nderungen im Busverkehr<\/u><\/strong><\/p>\n<p style=\"text-align: justify;\"><strong>Linie X4 (N\u00fcrtingen \u2013 Degerloch), Linie 74 (N\u00fcrtingen \u2013 Degerloch), Linie 76 (Echterdingen \u2013 Stetten \u2013 Bernhausen), Linie 77 (Degerloch \u2013 Echterdingen \u2013 Harthausen), Linie X7 (Harthausen \u2013 Degerloch)<\/strong><\/p>\n<p style=\"text-align: justify;\">Wegen des neuen 15-Minuten-Takts zwischen Vaihingen und Filderstadt \u00e4ndert sich bei f\u00fcnf SSB-Buslinien der Fahrplan:<\/p>\n<ul style=\"text-align: justify;\">\n<li>Die Busse der Linie X4 (N\u00fcrtingen \u2013 Degerloch), fahren k\u00fcnftig ganzt\u00e4gig von Bernhausen Bahnhof um die Minute 00 und 30 ab<\/li>\n<li>Die Linie 74 (N\u00fcrtingen \u2013 Degerloch) ist von Bernhausen Bahnhof um die Minute 15 und 45 im Einsatz. Zur Hauptverkehrszeit sind die Busse bis Degerloch unterwegs.<\/li>\n<li>mit den Linien 76 (Echterdingen \u2013 Stetten \u2013 Bernhausen) und 77 (Degerloch \u2013 Echterdingen \u2013 Harthausen) sind Fahrg\u00e4ste zwischen Echterdingen und Harthausen alle 15 Minuten unterwegs. Damit Fahrg\u00e4ste auch k\u00fcnftig bequem in Bernhausen auf die S2 umsteigen k\u00f6nnen, bekommen die Busse der Linie 77 neue Abfahrtszeiten. Dadurch \u00e4ndern sich auch die Zeiten der Linie X7 zwischen Harthausen und Degerloch<\/li>\n<li>Die Busse der Linie 76, welche nur im Berufsverkehr zwischen Degerloch und Bernhausen Bahnhof im Einsatz sind, werden k\u00fcnftig wieder als Linie 74 bezeichnet.<\/li>\n<\/ul>\n<p style=\"text-align: justify;\"><strong>Linie 81 (Leinfelden \u2013 Waldeck)<\/strong><\/p>\n<p style=\"text-align: justify;\">Die Fahrt um 19.57 Uhr ab Waldeck bzw. 20.16 Uhr ab Vaihingen ZOB f\u00e4hrt k\u00fcnftig weiter bis nach Leinfelden Bahnhof.<\/p>\n<p style=\"text-align: justify;\"><strong>Linie 86 (Vaihingen \u2013 Leinfelden)<\/strong><\/p>\n<p style=\"text-align: justify;\">Einzelne Fahrten erhalten leicht ge\u00e4nderte Fahrzeiten. Grund daf\u00fcr ist die \u00c4nderung durch den 15-Minuten-Takt bis Filderstadt. Anschl\u00fcsse in Leinfelden, Rohr und Vaihingen werden dadurch besser.<\/p>\n<p style=\"text-align: justify;\"><strong>Linie 109 (Esslingen ZOB \u2013 R\u00fcdern) und Linie 111 (Esslingen ZOB \u2013 Serach Schulzentrum)<\/strong><\/p>\n<p style=\"text-align: justify;\">Die Busse der Linie 111 sind nur noch bis Serach Schulzentrum unterwegs, im Gegenzug bedient die Linie 109 den Stadtteil Neckarhalde. Zwischen Esslingen ZOB und Sulzgries f\u00e4hrt die Linie 109 k\u00fcnftig montags bis freitags im morgendlichen Berufsverkehr, mittags bis abends sowie samstags tags\u00fcber alle 10 anstatt alle 15 Minuten. In Sulzgries teilt sich dann der Linienweg: Alle 20 Minuten f\u00e4hrt ein von Esslingen ZOB kommender Bus weiter nach Neckarhalde, ebenfalls alle 20 Minuten f\u00e4hrt ein Bus nach R\u00fcdern. Au\u00dferhalb des Berufsverkehrs fahren die Busse der Linie 109 von Sulzgries \u00fcber R\u00fcdern und Neckarhalde zur\u00fcck nach Sulzgries und weiter nach Esslingen.<\/p>\n<p style=\"text-align: justify;\"><strong>Linie 110 (Esslingen ZOB \u2013 W\u00e4ldenbronn \u2013 Dulkh\u00e4usle) und Linie 112 (W\u00e4ldenbronn Kreuzung \u2013 Serach Nord)<\/strong><\/p>\n<p style=\"text-align: justify;\">Die Busse der Linie 110 halten k\u00fcnftig auch im Stadtteil Wiflingshausen. Rund jeder zweite Bus der Linie 110 soll von seiner aktuellen Endstelle W\u00e4ldenbronn Betriebshof weiter nach Wiflingshausen Dulkh\u00e4usle fahren. Fahrg\u00e4ste profitieren von folgenden Vorteilen:<\/p>\n<ul style=\"text-align: justify;\">\n<li>Die Fahrt von Esslingen ZOB nach Wiflingshausen ist ohne Umstieg m\u00f6glich.<\/li>\n<li>Sonn- und feiertags sind die Busse durchgehend im Stundentakt im Einsatz \u2013 anstatt wie bislang nur zweimal t\u00e4glich<\/li>\n<\/ul>\n<p style=\"text-align: justify;\">Die Linie 112 f\u00e4hrt mit Kleinbussen und verbindet weiterhin das Wohngebiet Serach Nord mit W\u00e4ldenbronn Kreuzung, wo es die M\u00f6glichkeit gibt Eink\u00e4ufe zu erledigen. An der Haltestelle Am Sch\u00f6nen Rain, die neu in den Linienverlauf aufgenommen wurde, k\u00f6nnen Fahrg\u00e4ste auf die Linie 105 umsteigen. Die Linie 112 ist von etwa 8.50 bis 18.20 Uhr auf der Strecke von Serach Nord \u00fcber Hohenkreuz, Am Sch\u00f6nen Rain bis W\u00e4ldenbronn Kreuzung im Einsatz.<\/p>\n<p style=\"text-align: justify;\"><strong>Linie 141 (Plochingen \u2013 Stumpenhof)<\/strong><\/p>\n<p style=\"text-align: justify;\">Ab 1. Januar 2022 sind die Busse der Linie 141 an Schultagen zwischen 12.02 und 13.32 Uhr im 15-Minuten-Takt unterwegs. Bisher waren die Busse in diesem Zeitraum nur im Halbstundentalkt im Einsatz.<\/p>\n<p style=\"text-align: justify;\"><strong>Linie 262 (Plochingen \u2013 Schorndorf)<\/strong><\/p>\n<p style=\"text-align: justify;\">Je nach Tageszeit sind die Busse montags bis freitags nur noch alle 30 oder 60 Minuten unterwegs. Am Wochenende sind die Busse alle zwei Stunden im Einsatz, am Samstagvormittag jede Stunde. Diese \u00c4nderungen werden notwendig, weil die Linie vom Unternehmen Fischle nicht weiter eigenwirtschaftlich betrieben werden kann.<\/p>\n<p style=\"text-align: justify;\"><strong>Neue Haltestellennamen <\/strong><\/p>\n<p style=\"text-align: justify;\">Im Landkreis Esslingen bekommen 26 Haltestellen einen neuen Namen:<\/p>\n<ul style=\"text-align: justify;\">\n<li>Alt: Berkheim Vesperst\u00fcble. Neu: Nellinger Stra\u00dfe<\/li>\n<li>Alt: Hegensberg Linde. Neu: Hofstra\u00dfe<\/li>\n<li>Alt: Esslingen Hirschlandkopf. Neu: Anna-Schieber-Weg<\/li>\n<li>Alt: Esslingen Schwimmbad. Neu: Merkel&#8217;sches Bad<\/li>\n<li>Alt: Mettingen (Linie 102). Neu: Mettingen Bahnhof<\/li>\n<li>Alt: Mettingen (Linie 101). Neu: Bahnhof (Trollingerweg)<\/li>\n<li>Alt: Mettingen Burgunderstra\u00dfe (Cannstatter Str.). Neu: Alte Schiffahrt<\/li>\n<li>Alt: Oberesslingen Bahnhof (S\u00fcd). Neu: Oberesslingen Bahnhof (S\u00fcd)<\/li>\n<li>Alt: Oberesslingen Bahnhof. Neu: Oberesslingen Bahnhof (Nord)<\/li>\n<li>Alt: Oberesslingen Krankenhaus. Neu: Paracelsusstra\u00dfe<\/li>\n<li>Alt: Oberesslingen Lerchen\u00e4cker Endstation. Neu: Lerchen\u00e4cker<\/li>\n<li>Alt: Oberesslingen Rosenau. Neu: Stauffenbergstra\u00dfe<\/li>\n<li>Alt: Pliensauvorstadt Adalbert-Stifter-Schule. Neu: Eberhard-Bauer-Stra\u00dfe<\/li>\n<li>Alt: Neckarhalde Endstation. Neu: Herrenwiesenweg<\/li>\n<li>Alt: R\u00fcdern Glocke. Neu: Hinterer Holzweg<\/li>\n<li>Alt: Sulzgries Krone. Neu: Maienwalterstra\u00dfe<\/li>\n<li>Alt: Sirnau Betriebshof. Neu: Eckenerstra\u00dfe<\/li>\n<li>Alt: Neckarhalde Kelter. Neu: Heidestra\u00dfe<\/li>\n<li>Alt: Zell Zentrum. Neu: K\u00f6rschstra\u00dfe<\/li>\n<li>Alt: Zell Berufliches Schulzentrum (Alleenstr.). Neu: Zell Steinbeisstra\u00dfe<\/li>\n<li>Alt: W\u00e4ldenbronn Betriebshof. Neu: Obertalweg<\/li>\n<li>Alt: St. Bernhardt S\u00e4ngerkranz. Neu: Alte Talstra\u00dfe<\/li>\n<li>Alt: Wiflingshausen Gr\u00fcner Kranz. Neu: Volker-B\u00f6hringer-Weg<\/li>\n<li>Alt: Holzmaden Weilheimer-\/Brunnenstra\u00dfe. Neu: Holzmaden Seestra\u00dfe.<\/li>\n<li>Alt: Weilheim (T) KSK\/Brunnenstra\u00dfe Neu: Weilheim (T) Marktplatz (Bussteig 1 und 2)<\/li>\n<li>Alt: Weilheim (T) KSK\/Kirchheimer Stra\u00dfe. Neu: Weilheim (T) Marktplatz (Bussteig 3)<\/li>\n<\/ul>\n<p style=\"text-align: justify;\"><strong><u>Mit der S2 alle 15 Minuten nach Filderstadt \u2013 Anpassungen im Busverkehr:<\/u><\/strong><\/p>\n<p style=\"text-align: justify;\"><strong>Linie 806 (Flughafen\/Messe \u2013 EnBW-City)<\/strong><\/p>\n<p style=\"text-align: justify;\">Die Linie 806 entf\u00e4llt. Stattdessen wird die Stadtbahnlinie U6 von Fasanenhof Schelmenwasen bis Flughafen\/Messe verl\u00e4ngert.<\/p>\n<p style=\"text-align: justify;\"><strong>Linie 811 (Bernhausen \u2013 Stetten)<\/strong><\/p>\n<p style=\"text-align: justify;\">Bisher sind von Bernhausen Bahnhof \u00fcber Bernhausen Luftfrachtzentrum und T\u00dcV die Busse der Ringlinien 812 und 813 gefahren. Auf dieser Verbindung f\u00e4hrt nun montags bis freitags tags\u00fcber alle Stunde die Linie 811. In Stetten f\u00e4hrt die Linie 811 parallel zur Linie 818 bis zur Endstelle Erlach \u2013 dadurch bekommt dieses einwohnerstarke Wohngebiet Stettens zus\u00e4tzlich zur Anbindung Richtung Leinfelden-Echterdingen einen Anschluss Richtung Filderstadt.<\/p>\n<p style=\"text-align: justify;\">Von der Linie 811 besteht montags bis freitags Anschluss an die zus\u00e4tzlichen S-Bahnen in Filderstadt, die den neuen 15-Minutentakt bilden. Zwischen Bernhausen Bahnhof und Bernhausen Turnackerstra\u00dfe sind die Busse nach wie vor alle halbe Stunde im Einsatz. Sp\u00e4t abends und sonn- und feiertags, wenn die Linie 811 nicht f\u00e4hrt, halten die Linien 812 und 813 an den Haltestellen Bernhausen Luftfrachtzentrum West, Bernhausen Nordwestumfahrung und Bernhausen T\u00dcV. Montags bis freitags fahren die Busse der Linie 811 ab Stetten Erlach direkt weiter als Linie 814 nach Bernhausen und umgekehrt. So entstehen neue, direkte Verbindungen beispielsweise von Plattenhardt Lailens\u00e4cker zum Gewerbegebiet Stetten oder von Stetten Lindachschule zum E-Selbert-Gymnasium in Bernhausen.<\/p>\n<p style=\"text-align: justify;\"><strong>Linien 812\/813 (Ringlinien Flughafen\/Bernhausen)<\/strong><\/p>\n<p style=\"text-align: justify;\">Die Ringlinien 812\/813 werden umgestaltet und dadurch deutlich attraktiver gemacht:<\/p>\n<ul style=\"text-align: justify;\">\n<li>Zwischen Bernhausen und Stetten fahren die Busse k\u00fcnftig \u00fcber Bonlanden Filderklinik und Plattenhardt Altenheim, wo bisher die Linie 814 gefahren ist. Den Abschnitt \u00fcber Bernhausen T\u00dcV, wo bisher die Linien Linie 812\/813 fuhren, \u00fcbernimmt die neue Linie 811.<\/li>\n<li>Statt \u00fcber Echterdingen Bahnhof, fahren die Busse zwischen Stetten und Flughafen\/Messe k\u00fcnftig direkt \u00fcber Echterdingen Zaun\u00e4cker. An der neuen Stadtbahn-Haltestelle Messe West entstehen direkte Umsteigem\u00f6glichkeiten zur Stadtbahn-Linie U6.<\/li>\n<li>Von den Buslinien 812\/813 besteht w\u00e4hrend dem Viertelstunden-Takt der S2 Anschluss an die wegen dem 15-Minutentakt zus\u00e4tzlich fahrenden S-Bahnen in Filderstadt.<\/li>\n<\/ul>\n<p style=\"text-align: justify;\">F\u00fcr die Fahrg\u00e4ste entstehen dadurch zahlreiche Vorteile:<\/p>\n<ul style=\"text-align: justify;\">\n<li>Plattenhardt und Bonlanden erhalten erstmals eine umsteigefreie Direktverbindung zum Flughafen und zur Messe<\/li>\n<li>Von Stetten zum Flughafen und zur Messe entf\u00e4llt der Umweg \u00fcber Echterdingen. Auch Fahrg\u00e4ste aus der s\u00fcdlichen H\u00e4lfte von Stetten erhalten eine Direktverbindung zum Flughafen<\/li>\n<li>F\u00fcr Fahrg\u00e4ste, die weitere Strecken mit der Ringlinie zur\u00fccklegen, verk\u00fcrzt sich die Fahrzeit \u2013 die Standzeit am Stuttgart Airport Busterminal (SAB) entf\u00e4llt und in Bernhausen fahren die Busse wegen des neuen Linienwegs nicht mehr zweimal zwischen Turnackerstra\u00dfe und Bahnhof<\/li>\n<li>Am Flughafen entsteht ein neuer Anschluss zwischen der S2 und der Linie 812\/813 Richtung Bernhausen Filder-Airport-Areal. Fahrg\u00e4ste, die von Stuttgart zum Filder-Airport-Areal wollen, m\u00fcssen nicht mehr \u00fcber Bernhausen Bahnhof fahren, sondern k\u00f6nnen bereits am Flughafen umsteigen<\/li>\n<li>Von Stetten, Plattenhardt und Bonlanden kann man an der neuen Stadtbahn-Haltestelle Messe West bequem in die Stadtbahnen der Linie U6 umsteigen.<\/li>\n<\/ul>\n<p style=\"text-align: justify;\"><strong>Linie 814 (Bernhausen \u2013 Musberg)<\/strong><\/p>\n<p style=\"text-align: justify;\">Die Linie 814 f\u00e4hrt zwischen Bernhausen und Stetten neu \u00fcber Plattenhardt Lailens\u00e4cker, bisher war das die Route der Linie 817. Dadurch k\u00f6nnen Fahrg\u00e4ste in Echterdingen weiterhin direkt in die S-Bahn umsteigen, was aus dem Gewerbegebiet Stetten kommend sonst aufgrund der ge\u00e4nderten Fahrzeiten der S-Bahn nicht mehr m\u00f6glich w\u00e4re. Tags\u00fcber an Werktagen f\u00e4hrt die Linie 814 neu alle halbe Stunde bis Stetten. Zwischen Bernhausen Bahnhof und Plattenhardt Lailens\u00e4cker bleibt der Halbstundentakt somit bestehen. Die Busse, die zus\u00e4tzlich im Halbstundentakt fahren, halten auch an der Haltestelle Stetten Erlach. Durch die Integration von Plattenhardt Lailens\u00e4cker, Weilerhau und Grieben\u00e4cker in die Linie 814, bekommen die angrenzenden Wohngebiete eine neue Direktverbindung nach Leinfelden-Echterdingen.<\/p>\n<p style=\"text-align: justify;\">Die Linie 814 wird an Sonn- und Feiertagen und im Sp\u00e4tverkehr nicht fahren. Zu diesen Zeiten wird die Linie 818 \u00fcber Stetten Erlach hinaus \u00fcber Plattenhardt Lailens\u00e4cker nach Bernhausen verl\u00e4ngert, wo Anschluss von und zur S2 besteht. Die direkten Verbindungen nach Echterdingen und Bernhausen bleiben erhalten.<\/p>\n<p style=\"text-align: justify;\">Ein deutlicher Vorteil f\u00fcr Fahrg\u00e4ste aus den Bereichen Weilerhau, Lailens\u00e4cker und Grieben\u00e4cker, die in Richtung Stuttgart fahren: an Sams-, Sonn- und Feiertagen sowie im Sp\u00e4tverkehr haben sie alle halbe Stunde Anschluss von einem Bus auf eine S-Bahn Richtung Stuttgart und von der S-Bahn aus Stuttgart auf einen Bus \u2013 und zwar immer abwechselnd in Echterdingen und Bernhausen. Bislang hatten Fahrg\u00e4ste samstags sowie sonn- und feiertags tags\u00fcber nur alle Stunde Anschluss an die S-Bahn.<\/p>\n<p style=\"text-align: justify;\"><strong>Linien 815\/816 (Waldenbuch \u2013 Bernhausen \/ Bernhausen \u2013 Ruit) und Linien 805\/809 (Walddorf \u2013 Bernhausen \/ Neckartenzlingen \u2013 Bernhausen)<\/strong><\/p>\n<p style=\"text-align: justify;\">Von den Linien 815\/816 besteht in Zukunft montags bis freitags Anschluss an die ab Fahrplanwechsel zus\u00e4tzlich fahrenden Z\u00fcge der S2 in Filderstadt. Hierdurch ergeben sich montags bis freitags tags\u00fcber dichtere Takte auf einzelnen Abschnitten:<\/p>\n<ul style=\"text-align: justify;\">\n<li>Bernhausen \u2013 Neuhausen 30\u2018-\/15\u2018-\/15\u2018-Takt statt Halbstundentakt (Linien 816\/817)<\/li>\n<li>Bernhausen \u2013 Bonlanden 15\u2018-Takt statt Halbstundentakt (Linien 76\/812\/813\/815)<\/li>\n<li>Bernhausen \u2013 Aich 15\u2018-Takt statt Halbstundentakt (Linien 805\/808\/809)<\/li>\n<\/ul>\n<p style=\"text-align: justify;\">Bei der Linie 816 entf\u00e4llt die Verl\u00e4ngerung von einzelnen Fahrten im Berufsverkehr nach Echterdingen. Auf der Verbindung zwischen Bernhausen und Aich kann sich die vollst\u00e4ndige Umsetzung des Viertelstunden-Takts aus betrieblichen Gr\u00fcnden noch bis zum 10. Januar 2022 verz\u00f6gern.<\/p>\n<p style=\"text-align: justify;\"><strong>Linie 817 (Neuhausen \u2013 Bernhausen)<\/strong><\/p>\n<p style=\"text-align: justify;\">Die Linie 817 f\u00e4hrt k\u00fcnftig nur noch bis Bernhausen. Da sich die Abfahrts- und Ankunftszeiten der S-Bahn ab 12. Dezember 2021 \u00e4ndern, f\u00e4llt die Verl\u00e4ngerung der Linie 817 nach Plattenhardt Lailens\u00e4cker weg. Als Ersatz ist die Linie 814 auf der Route im Einsatz, auf die Fahrg\u00e4ste in Bernhausen bequem umsteigen k\u00f6nnen. In Neuhausen wird die neue Wohnsiedlung \u201eAkademieg\u00e4rten\u201c besser an das Busnetz angebunden: Alle Fahrten werden zum Novizenweg verl\u00e4ngert, wohin bisher zu vielen Zeiten gar keine Busse fuhren. Au\u00dferdem wird der bisherige Stundentakt der Linie 817 an Samstagen zwischen 8 und 21 Uhr zu einem Halbstundentakt verdichtet. Im Gegenzug wird der bisher ab 21 Uhr geltende Halbstundentakt durch einen Stundentakt ersetzt. Fahrg\u00e4ste kommen aber auch weiterhin nach 21 Uhr alle halbe Stunde nach Sielmingen und Neuhausen (F) \u2013 sie k\u00f6nnen alternativ mit den Linien 74 und 816 fahren.<\/p>\n<p style=\"text-align: justify;\"><strong>Linie 818 (Musberg \u2013 Stetten)<br \/>\n<\/strong><\/p>\n<p style=\"text-align: justify;\">Die Busse der Linie 818 enden in Musberg k\u00fcnftig auf einem Ring mit den Haltestellen Ludwigstra\u00dfe, Sonnenhalde, Kirche, Friedhof, Scharfgartenstra\u00dfe und Karlstra\u00dfe. An den Haltestellen Friedhof, Scharfgartenstra\u00dfe und Karlstra\u00dfe haben die Busse der Linie 818 bislang nicht gehalten \u2013 dadurch wird der n\u00f6rdliche Teil Musbergs besser erschlossen. Die Haltestelle Wanderweg wird im Gegenzug nicht mehr bedient, kann aber von den Haltestellen Friedhof und Kirche zu Fu\u00df gut erreicht werden. Die Busse der Linien 86 und 814 halten weiterhin an der Haltestelle Wanderweg. Am Samstagnachmittag ist die Linie 818 k\u00fcnftig deutlich l\u00e4nger, bis 20.30 Uhr statt wie bisher bis 14 Uhr, im 30-Minuten-Rhythmus unterwegs. Neu ist auch, dass die Busse sp\u00e4t abends sowie an Sonn- und Feiertagen von Stetten Erlach weiter nach Bernhausen fahren.<\/p>\n<p style=\"text-align: justify;\"><strong>Linie 819 (Citybus Leinfelden-Echterdingen)<\/strong><\/p>\n<p style=\"text-align: justify;\">Vom Echterdinger Bahnhof wird die Linie \u00fcber die neue Stadtbahnhaltestelle Stadionstra\u00dfe und Heilbronner Stra\u00dfe bis zur Haltestelle Industriegebiet verl\u00e4ngert. Damit sind auch die Einkaufsm\u00f6glichkeiten im Norden Echterdingens sowie die neu er\u00f6ffnete Stadtbahnlinie U6 mit dem Citybus von den Wohngebieten in Echterdingen und Leinfelden aus erreichbar. Am Bahnhof Echterdingen halten die Busse neu an der Haltestelle Bahnhof (Burgstra\u00dfe) statt direkt am Busbahnhof.<\/p>\n<p style=\"text-align: justify;\">Der Fahrplan wird ausgeweitet, insbesondere auf dem Abschnitt Echterdingen Industriegebiet \u2013 Echterdingen Bahnhof \u2013 Echterdingen Walter-Schweizer-Kulturforum sind in Zukunft deutlich mehr Fahrten unterwegs. Von Beginn an profitiert damit das neu entstehende Wohngebiet im Bereich der Maierholzstra\u00dfe von einer guten Busanbindung. Bisher gab es au\u00dferhalb des Berufsverkehrs nur ein zweist\u00fcndliches Angebot und samstags fuhr der letzte Bus gegen 17.00 Uhr. Zu den Sto\u00dfzeiten der Wochenm\u00e4rkte an Samstagen sind die Busse sogar auf der Strecke nach Leinfelden au\u00dferdem zeitweise im Stundentakt unterwegs. Montags bis freitags fahren die Busse auf dem kompletten Linienweg eine Stunde l\u00e4nger als bisher.<\/p>\n<hr \/>\n<p style=\"text-align: justify;\">\n","protected":false},"excerpt":{"rendered":"<p>Die wichtigsten \u00c4nderungen im VVS-Gebiet ab 12. Dezember 2021 \u2013 alle Verbindungen bereits in der elektronischen Fahrplanauskunft \u00fcber App oder Web abrufbar Kreis Esslingen.| Ab dem 12. Dezember gilt im VVS ein neuer Fahrplan. In dieser Pressemitteilung sind die wichtigsten \u00c4nderungen f\u00fcr Bus und Bahn im VVS-Gebiet beschrieben. Alle Verbindungen sind bereits in der elektronischen [&hellip;]<\/p>\n","protected":false},"author":4,"featured_media":0,"comment_status":"closed","ping_status":"open","sticky":false,"template":"","format":"standard","meta":{"inline_featured_image":false,"_exactmetrics_skip_tracking":false,"_exactmetrics_sitenote_active":false,"_exactmetrics_sitenote_note":"","_exactmetrics_sitenote_category":0,"footnotes":""},"categories":[59,2247],"tags":[111,695,14857,14440,9608,9554,5,68,9610,9],"class_list":{"0":"post-144252","1":"post","2":"type-post","3":"status-publish","4":"format-standard","6":"category-aktuell","7":"category-kreis-esslingen","8":"tag-bahn","9":"tag-bus","10":"tag-die-webzeitung","11":"tag-esslingen","12":"tag-fahrplan","13":"tag-fahrplanwechsel","14":"tag-internetzeitung","15":"tag-online-zeitung","16":"tag-s-bahn","17":"tag-schaumedia"},"image_feature":null,"author_name":"Redaktion","pure_taxonomies":{"categories":[{"term_id":59,"name":"Aktuell","slug":"aktuell","term_group":0,"term_taxonomy_id":60,"taxonomy":"category","description":"","parent":0,"count":1018,"filter":"raw","image":""},{"term_id":2247,"name":"Kreis Esslingen","slug":"kreis-esslingen","term_group":0,"term_taxonomy_id":2260,"taxonomy":"category","description":"Informationen aus dem Landkreis Esslingen","parent":171,"count":214,"filter":"raw","image":""}],"tags":[{"term_id":111,"name":"Bahn","slug":"bahn","term_group":0,"term_taxonomy_id":113,"taxonomy":"post_tag","description":"","parent":0,"count":36,"filter":"raw","image":""},{"term_id":695,"name":"Bus","slug":"bus","term_group":0,"term_taxonomy_id":703,"taxonomy":"post_tag","description":"","parent":0,"count":17,"filter":"raw","image":""},{"term_id":14857,"name":"Die-Webzeitung","slug":"die-webzeitung","term_group":0,"term_taxonomy_id":14876,"taxonomy":"post_tag","description":"","parent":0,"count":3628,"filter":"raw","image":""},{"term_id":14440,"name":"Esslingen","slug":"esslingen","term_group":0,"term_taxonomy_id":3885,"taxonomy":"post_tag","description":"","parent":0,"count":202,"filter":"raw","image":""},{"term_id":9608,"name":"Fahrplan","slug":"fahrplan","term_group":0,"term_taxonomy_id":9638,"taxonomy":"post_tag","description":"","parent":0,"count":6,"filter":"raw","image":""},{"term_id":9554,"name":"Fahrplanwechsel","slug":"fahrplanwechsel","term_group":0,"term_taxonomy_id":9584,"taxonomy":"post_tag","description":"","parent":0,"count":6,"filter":"raw","image":""},{"term_id":5,"name":"Internetzeitung","slug":"internetzeitung","term_group":0,"term_taxonomy_id":5,"taxonomy":"post_tag","description":"","parent":0,"count":1461,"filter":"raw","image":""},{"term_id":68,"name":"Online-Zeitung","slug":"online-zeitung","term_group":0,"term_taxonomy_id":69,"taxonomy":"post_tag","description":"","parent":0,"count":3598,"filter":"raw","image":""},{"term_id":9610,"name":"S-Bahn","slug":"s-bahn","term_group":0,"term_taxonomy_id":9640,"taxonomy":"post_tag","description":"","parent":0,"count":14,"filter":"raw","image":""},{"term_id":9,"name":"SchauMedia","slug":"schaumedia","term_group":0,"term_taxonomy_id":9,"taxonomy":"post_tag","description":"","parent":0,"count":1607,"filter":"raw","image":""}]},"_links":{"self":[{"href":"https:\/\/die-webzeitung.de\/stuttgart\/wp-json\/wp\/v2\/posts\/144252","targetHints":{"allow":["GET"]}}],"collection":[{"href":"https:\/\/die-webzeitung.de\/stuttgart\/wp-json\/wp\/v2\/posts"}],"about":[{"href":"https:\/\/die-webzeitung.de\/stuttgart\/wp-json\/wp\/v2\/types\/post"}],"author":[{"embeddable":true,"href":"https:\/\/die-webzeitung.de\/stuttgart\/wp-json\/wp\/v2\/users\/4"}],"replies":[{"embeddable":true,"href":"https:\/\/die-webzeitung.de\/stuttgart\/wp-json\/wp\/v2\/comments?post=144252"}],"version-history":[{"count":2,"href":"https:\/\/die-webzeitung.de\/stuttgart\/wp-json\/wp\/v2\/posts\/144252\/revisions"}],"predecessor-version":[{"id":144254,"href":"https:\/\/die-webzeitung.de\/stuttgart\/wp-json\/wp\/v2\/posts\/144252\/revisions\/144254"}],"wp:attachment":[{"href":"https:\/\/die-webzeitung.de\/stuttgart\/wp-json\/wp\/v2\/media?parent=144252"}],"wp:term":[{"taxonomy":"category","embeddable":true,"href":"https:\/\/die-webzeitung.de\/stuttgart\/wp-json\/wp\/v2\/categories?post=144252"},{"taxonomy":"post_tag","embeddable":true,"href":"https:\/\/die-webzeitung.de\/stuttgart\/wp-json\/wp\/v2\/tags?post=144252"}],"curies":[{"name":"wp","href":"https:\/\/api.w.org\/{rel}","templated":true}]}}