{"id":144250,"date":"2021-11-29T17:27:53","date_gmt":"2021-11-29T16:27:53","guid":{"rendered":"https:\/\/die-webzeitung.de\/stuttgart\/?p=144250"},"modified":"2021-11-29T17:27:53","modified_gmt":"2021-11-29T16:27:53","slug":"neues-zum-fahrplanwechsel-im-landkreis-boeblingen-3","status":"publish","type":"post","link":"https:\/\/die-webzeitung.de\/stuttgart\/2021\/11\/29\/neues-zum-fahrplanwechsel-im-landkreis-boeblingen-3\/","title":{"rendered":"Neues zum Fahrplanwechsel im Landkreis B\u00f6blingen"},"content":{"rendered":"<p style=\"text-align: justify;\"><strong>Die wichtigsten \u00c4nderungen im VVS-Gebiet ab 12. Dezember 2021 \u2013 alle Verbindungen bereits in der elektronischen Fahrplanauskunft \u00fcber App oder Web abrufbar<\/strong><\/p>\n<p style=\"text-align: justify;\">Kreis B\u00f6blingen.| Ab dem 12. Dezember gilt im VVS ein neuer Fahrplan. In dieser Pressemitteilung sind die wichtigsten \u00c4nderungen f\u00fcr Bus und Bahn im VVS-Gebiet beschrieben. Alle Verbindungen sind bereits in der elektronischen Fahrplanauskunft des VVS \u00fcber die VVS-App oder die Internetseite abrufbar.<\/p>\n<p style=\"text-align: justify;\"><strong>Fahrplanbuch nur noch digital abrufbar<\/strong><\/p>\n<p style=\"text-align: justify;\">Das Fahrplanbuch erschien zum Fahrplanwechsel 2020 zum letzten Mal in gedruckter Form. Hintergrund: Die Fahrpl\u00e4ne im VVS ver\u00e4ndern sich aufgrund von Anpassungen und Verbesserungen mehrfach unterj\u00e4hrig. Das einmal im Jahr gedruckte Fahrplanbuch ist h\u00e4ufig bereits kurz nach der Erscheinung nicht mehr aktuell. Auch ist die Nachfrage in den letzten Jahren rasant gesunken. Deshalb wird zuk\u00fcnftig auf die Herausgabe neuer Fahrplanb\u00fccher verzichtet. \u00dcber unsere Fahrplanauskunft auf <a href=\"http:\/\/vvs.de\" target=\"_blank\" rel=\"noopener\" data-saferedirecturl=\"https:\/\/www.google.com\/url?q=http:\/\/vvs.de&amp;source=gmail&amp;ust=1638289357255000&amp;usg=AOvVaw1BhDeVGuQsxUCjI2EQZOC2\">vvs.de<\/a> und \u00fcber VVS Mobil haben Fahrg\u00e4ste immer die aktuellen Verbindungen abrufbar. F\u00fcr stark nachgefragte Linien wird es weiterhin die beliebten Minifahrpl\u00e4ne geben, die man zum Beispiel \u00fcber die Kundenzentren der Verkehrsunternehmen erhalten kann. Die Fahrplanbuchseiten selber lassen sich nach wie vor \u00fcber die Homepage sowie \u00fcber die App VVS Mobil abrufen.<\/p>\n<p style=\"text-align: justify;\"><strong><u>S-Bahn<\/u><\/strong><\/p>\n<p style=\"text-align: justify;\"><strong>15-Minuten-Takt an Samstagen<\/strong><\/p>\n<p style=\"text-align: justify;\">Die S-Bahn ist k\u00fcnftig auch an Samstagen zwischen 13 und 18.30 Uhr im 15-Minuten-Takt unterwegs. Auf den Linien S1 und S6, gilt der Viertelstundentakt zwischen Plochingen und Herrenberg bzw. Renningen und Schwabstra\u00dfe schon ab etwa 9 Uhr. Auf einzelnen Strecken sind die S-Bahnen nach wie vor nur alle halbe Stunde unterwegs. Das betrifft die folgenden Strecken und Linien:<\/p>\n<ul style=\"text-align: justify;\">\n<li>S1 B\u00f6blingen \u2013 Herrenberg: Wegen Trassenkonflikten mit dem IC zwischen Stuttgart und Z\u00fcrich gibt es alle zwei Stunden Taktl\u00fccken<\/li>\n<li>S2 Vaihingen \u2013 Filderstadt und S3 Vaihingen \u2013 Flughafen\/Messe<\/li>\n<li>S4 Marbach \u2013 Backnang<\/li>\n<li>S60 B\u00f6blingen \u2013 Renningen<\/li>\n<\/ul>\n<p style=\"text-align: justify;\"><strong>Nachtverkehr auf der S60 <\/strong><strong>(B\u00f6blingen \u2013 Renningen)<\/strong><strong>\u00a0<\/strong><\/p>\n<p style=\"text-align: justify;\">Auf der Linie S60 zwischen B\u00f6blingen und Renningen gibt es k\u00fcnftig wie auf allen anderen S-Bahn-Linien an Wochenenden einen Nachtverkehr im Stundentakt. Anstatt der Nachtbuslinie N60 f\u00e4hrt ab 12. Dezember 2021 die S-Bahn-Linie S60 \u2013 immer um 1.34, 2.34, 3.34 und 4.34 Uhr von B\u00f6blingen.<\/p>\n<p style=\"text-align: justify;\"><strong>Neue S-Bahn-Linie S62 zwischen Weil der Stadt und Zuffenhausen<\/strong><\/p>\n<p style=\"text-align: justify;\">Zum Schulbeginn am 12. September 2022 geht die neue Express-S-Bahn S62 zwischen Weil der Stadt und Zuffenhausen an den Start. Sie ist in den Hauptverkehrszeiten zwischen ca. 6 und 8.30 Uhr sowie zwischen ca. 15.30 und 18.30 Uhr im Einsatz. Die Z\u00fcge halten unterwegs nur in Leonberg, Ditzingen, Weilimdorf und Korntal. Die Fahrzeit reduziert sich auf 28 Minuten zwischen Weil der Stadt und Zuffenhausen bzw. auf 23 Minuten zwischen Zuffenhausen und Weil der Stadt. Sobald das ehemalige Gleis der W\u00fcrttembergischen Eisenbahn-Gesellschaft (WEG) nach Feuerbach elektrifiziert ist, soll die S62 weiter bis Feuerbach fahren.<\/p>\n<p style=\"text-align: justify;\"><strong>Sperrung Stammstrecke<\/strong><\/p>\n<p style=\"text-align: justify;\">In den Sommerferien vom 30. Juli bis 11. September 2022 m\u00fcssen Fahrg\u00e4ste mit Einschr\u00e4nkungen auf der Stammstrecke rechnen. Wegen weiteren Sanierungsarbeiten und Vorarbeiten f\u00fcr das Projekt \u201eDigitaler Knoten Stuttgart\u201c muss diese n\u00e4mlich komplett gesperrt werden \u2013 f\u00fcr diesen Zeitraum wird ein Baustellenfahrplan eingerichtet.<\/p>\n<p style=\"text-align: justify;\"><strong><u>Regionalz\u00fcge<\/u><\/strong><\/p>\n<p style=\"text-align: justify;\">Die Sperrung der Stammstrecke bei der S-Bahn vom 30. Juli bis 11. September 2022 hat auch Auswirkungen auf den Regionalverkehr. Fahrg\u00e4ste m\u00fcssen w\u00e4hrend der Sommerferien 2022 mit Einschr\u00e4nkungen rechnen, da nicht mehr alle Regionalbahnen am Hauptbahnhof Stuttgart Halt machen k\u00f6nnen. Das Konzept entspricht weitgehend dem der Sommerferien 2021, allerdings ist geplant, auf der G\u00e4ubahn mehr Z\u00fcge bis Stuttgart fahren zu lassen.<\/p>\n<p style=\"text-align: justify;\"><strong><u>Nebenbahnen<\/u><\/strong><\/p>\n<p style=\"text-align: justify;\"><strong>Sch\u00f6nbuchbahn-Linie RB46 (Dettenhausen <\/strong><strong>\u2013 Holzgerlingen \u2013 B\u00f6blingen)<\/strong><\/p>\n<p style=\"text-align: justify;\">Der am 1. Mai 2021 probeweise eingef\u00fchrte 30-Minuten-Takt an Sonn- und Feiertagen wird nach der Finanzierungszusage des Landes dauerhaft eingef\u00fchrt.<\/p>\n<p style=\"text-align: justify;\"><strong><u>Regionaler Busverkehr<\/u><\/strong><\/p>\n<p style=\"text-align: justify;\"><strong>Linie 84 (Vaihingen \u2013 Sindelfingen \u2013 Universit\u00e4t)<\/strong><\/p>\n<p style=\"text-align: justify;\">Die Busse der Linie 84 fahren montags bis freitags zwischen 6 und 10 Uhr sowie zwischen 15 und 20 Uhr zwischen Vaihingen und Eiermann Campus alle 15 Minuten \u2013 bisher ist nur alle 30 Minuten ein Bus zum Eiermann Campus gefahren. Damit soll das Eiermann-Areal und das Industrie- und Gewerbegebiet \u201eObere Waldpl\u00e4tze\u201c besser angebunden werden.<\/p>\n<p style=\"text-align: justify;\"><strong>Linie 631 (B\u00f6blingen \u2013 Warmbronn \u2013 Leonberg)<\/strong><\/p>\n<p style=\"text-align: justify;\">Zur Verbesserung der P\u00fcnktlichkeit bekommt die Linie 631 innerhalb von Sindelfingen eine neue Fahrtroute. Statt an der Haltestelle Gottlieb-Daimler-Schule, halten die Busse k\u00fcnftig an der Haltestelle IKEA. Sch\u00fclerinnen und Sch\u00fcler, die die Gottlieb-Daimler-Schule erreichen wollen, k\u00f6nnen diesen wenige hundert Meter langen Weg zu Fu\u00df von der Haltestelle IKEA aus zur\u00fccklegen. Neu k\u00f6nnen Leonberger damit auf direktem Weg den IKEA-Markt in Sindelfingen erreichen.<\/p>\n<p style=\"text-align: justify;\"><strong>Linie 634 (Leonberg \u2013 Weissach)<\/strong><strong>\u00a0<\/strong><\/p>\n<p style=\"text-align: justify;\">An Sonn- und Feiertagen fahren die Busse der Linie 634 bereits um 21.12 Uhr vom Johannes-Kepler-Gymnasium in Leonberg sowie um 21.19 Uhr vom ZOB Leonberg \u00fcber Gebersheim und Perouse. Bislang sind die Busse erst ab 22.12 Uhr \u00fcber Gebersheim und Perouse gefahren. Durch die fr\u00fchere Anbindung kann f\u00fcr Fahrg\u00e4ste aus Gebersheim und Perouse eine L\u00fccke von 90 Minuten im Fahrplan geschlossen werden.<\/p>\n<p style=\"text-align: justify;\"><strong>Linie 635 (Gerlingen Breitwiesenhaus \u2013 Leonberg Leo-Center)<\/strong><\/p>\n<p style=\"text-align: justify;\">Das Angebot der Linie 635 wird im nachmitt\u00e4glichen Berufsverkehr von einem 60- auf einen 30-Minuten-Takt verdoppelt, indem die bisher an der Haltestelle Gerlingen Ringstra\u00dfe endenden bzw. beginnenden Busse weiter nach Leonberg verl\u00e4ngert werden. An beiden Enden der Linie \u00e4ndert sich auch die Fahrtroute: In Gerlingen fahren die Busse ab der bisherigen Endstelle Breitwiesen hinaus bis zum Breitwiesenhaus. In diesem Zuge werden auch die Haltestellen Siedlung (mit Umsteigem\u00f6glichkeit zur Stadtbahn) und Rossbaum neu bedient.<br \/>\nDie ringf\u00f6rmige Route in Leonberg wird aufgel\u00f6st. Von Gerlingen kommend fahren die Busse dann \u00fcber Altstadt und ZOB zur neuen Endhaltestelle Leo-Center und auf dem gleichen Weg zur\u00fcck.<\/p>\n<p style=\"text-align: justify;\">In Gerlingen fahren die Busse auf direktem Weg zwischen der Haltestelle Ringstra\u00dfe und dem Stadtzentrum. Die Haltestellen entlang der Ringstra\u00dfe und der Umweg \u00fcber die Haltestelle Alte Steige entfallen. Fahrg\u00e4ste sind dadurch deutlich schneller zwischen den beiden Stadtzentren unterwegs.<\/p>\n<p style=\"text-align: justify;\"><strong>Linie 638 (Ditzingen \u2013 Leonberg Golfplatz)<\/strong><\/p>\n<p style=\"text-align: justify;\">Die Buslinie 638 wird zwischen der Stadtbahnhaltestelle Gerlingen und Schillerh\u00f6he \u00fcber die Ringstra\u00dfe fahren und dabei an den Haltestellen Richthofenstra\u00dfe, Vesouler Stra\u00dfe und Rosenstra\u00dfe halten. Montags bis freitags f\u00e4hrt au\u00dferdem nur noch jede zweite Fahrt \u00fcber die Haltestellen Robert-Bosch-Platz und Waldfriedhof. Wer aus den Stadtteilen Schillerh\u00f6he, Ramtel und Forchenrain kommt, spart sich damit k\u00fcnftig den Umweg zum Waldfriedhof. Die Fahrg\u00e4ste, die zum Waldfriedhof oder Robert-Bosch-Platz fahren m\u00f6chten, haben aber gute Alternativen: Die Haltestelle Robert-Bosch-Platz ist ganz in der N\u00e4he der Haltestelle Schillerh\u00f6he Bosch und kann gut zu Fu\u00df erreicht werden. Zum Waldfriedhof k\u00f6nnen Fahrg\u00e4ste ganz einfach in den nun schnelleren Bussen sitzen bleiben: Ab der Endstelle Leonberg Golfplatz f\u00e4hrt der Bus direkt wieder zur\u00fcck Richtung Schillerh\u00f6he und h\u00e4lt dabei am Waldfriedhof. In der Gegenrichtung k\u00f6nnen Fahrg\u00e4ste, die vom Waldfriedhof nach Gerlingen wollen, auch einen Bus in Richtung Leonberg Golfplatz nehmen. Von dort fahren die Busse auf dem direkten Weg wieder zur\u00fcck nach Gerlingen.<\/p>\n<p style=\"text-align: justify;\"><strong>Linie 753 (Rohrau \u2013 Herrenberg)<\/strong><\/p>\n<p style=\"text-align: justify;\">Die Busse der Linie 753 fahren nicht mehr das Gewerbegebiet G\u00e4rtringen-Riedbrunnen an. An der Haltestelle Riedbrunnen halten k\u00fcnftig alle Stunde die Busse der Linie 768.<\/p>\n<p style=\"text-align: justify;\"><strong>Linie 762 (Pforzheim \u2013 Heimsheim \u2013 Renningen)<\/strong><\/p>\n<p style=\"text-align: justify;\">Mit der Linie 762 wird eine neue Busverbindung von Renningen \u00fcber den Robert-Bosch-Campus, Perouse und Heimsheim nach Pforzheim eingef\u00fchrt. Auf der Strecke zwischen Heimsheim und Renningen fahren die Busse montags bis freitags von etwa 6 bis 19.30 Uhr im Halbstunden- bzw. Stunden-Takt.<\/p>\n<p style=\"text-align: justify;\">Fahrg\u00e4ste aus dem Enzkreis sowie aus Perouse kommen mit der neuen Linie ohne Umstieg zum Malmsheimer Robert-Bosch-Campus sowie mit einem Umstieg auf die S-Bahn in die St\u00e4dte Sindelfingen und B\u00f6blingen. Fahrg\u00e4ste aus dem Landkreis B\u00f6blingen erreichen mit den Bussen das Oberzentrum Pforzheim sowie den Gewerbepark Heckeng\u00e4u, wo unter anderem die Firma Bertrandt ans\u00e4ssig ist. Die neue Linie 762 geht aus der bisherigen VPE-Linie 761 (Pforzheim \u2013 Heimsheim) hervor. Die urspr\u00fcnglich von Seitter betriebene Linie 761 wird in 762 umbenannt \u2013 Hintergrund: die VPE-Linie 761 gibt es bereits im VVS-Gebiet. Auf der Linie 762 sind dann Busse der Firma Klingel im Einsatz.<\/p>\n<p style=\"text-align: justify;\"><strong>Linie 763 (Calw \u2013 B\u00f6blingen)<\/strong><\/p>\n<p style=\"text-align: justify;\">Die Linie 763 f\u00e4hrt aktuell auf dem sehr schmalen Stra\u00dfenzug Irmweg\/Kreuzstra\u00dfe in Deufringen. Auf dieser Stra\u00dfe darf aus Sicherheitsgr\u00fcnden k\u00fcnftig nur noch alle Stunde ein Linienbus fahren, was sich auch auf den Fahrplan der Linie 763 auswirkt. Das Angebot der Linie 763 wird auf drei Linien aufgeteilt:<\/p>\n<ul style=\"text-align: justify;\">\n<li>Die Linie 763 bleibt mit dem heutigen Linienweg (B\u00f6blingen-Calw) erhalten, f\u00e4hrt aber nur noch alle Stunde.<\/li>\n<li>Die Fahrten von und nach Gechingen bekommen eine eigene Liniennummer: die Busse der Linie 743 (B\u00f6blingen \u2013 Gechingen) fahren auf direktem Weg zwischen Gechingen und Deufringen und nicht mehr wie bisher \u00fcber Dachtel. F\u00fcr die Linie 743 werden die ehemaligen Haltestellen Gechingen Gartenstra\u00dfe und Deufringen Gei\u00dfhalde wieder in Betrieb genommen \u2013 Einwohner aus den angrenzenden Wohngebieten haben dadurch einen k\u00fcrzeren Fu\u00dfweg zur n\u00e4chsten Haltestelle.<\/li>\n<li>Die Fahrten, die in Dachtel enden und beginnen bekommen eine eigene Liniennummer: die Busse der Linie 744 (B\u00f6blingen \u2013 Dachtel) halten nicht mehr an der Haltestelle Deufringen Rathaus.<\/li>\n<\/ul>\n<p style=\"text-align: justify;\">An der Haltestelle Deufringen Rathaus halten durch die Fahrplan\u00e4nderungen weniger Busse als bislang. Im Berufsverkehr sind die Linien 743 und 763 im Halbstunden-Takt im Einsatz, au\u00dferhalb des Berufsverkehrs im Stundentakt. Alternativ k\u00f6nnen Fahrg\u00e4ste die Busse ab der Haltestelle Deufringen Aidlinger Stra\u00dfe nutzen.<\/p>\n<p style=\"text-align: justify;\">Auch in Dachtel fallen Fahrten weg. Fahrg\u00e4ste aus Dachtel k\u00f6nnen alternativ den Bus der Linie 764 nach Ehningen nutzen. In Ehningen haben sie Anschluss an die S-Bahn nach B\u00f6blingen oder Stuttgart.<\/p>\n<p style=\"text-align: justify;\"><strong>Linie 764 (Dachtel \u2013 Ehningen)<\/strong><\/p>\n<p style=\"text-align: justify;\">Die Busse der Linie 764 fahren k\u00fcnftig nachmittags schon um 14.13 Uhr und damit rund zwei Stunden fr\u00fcher als bisher. Bis 15.13 Uhr sind die Busse alle Stunde und anschlie\u00dfend wie gewohnt alle halbe Stunde im Einsatz.<\/p>\n<p style=\"text-align: justify;\">Der Sch\u00fclerverkehr zur Gemeinschaftsschule Ehningen ist k\u00fcnftig weitestgehend in Linien 768 und 768A integriert \u2013 und nicht wie bisher in die Linie 764. Dadurch profitieren Fahrg\u00e4ste der Linie 764 k\u00fcnftig von einem gleichm\u00e4\u00dfigeren Takt und einer einheitlicheren Fahrtroute.<\/p>\n<p style=\"text-align: justify;\">Auf dem Stra\u00dfenzuges Irmweg\/Kreuzstra\u00dfe darf aus Sicherheitsgr\u00fcnden k\u00fcnftig nur noch alle Stunde ein Linienbus fahren. Die Busse der Linie 764 k\u00f6nnen deshalb k\u00fcnftig nicht mehr an der Haltestelle Deufringen Rathaus halten. Fahrg\u00e4ste k\u00f6nnen alternativ die Busse an der Haltestelle Deufringen Aidlinger Stra\u00dfe nutzen.<\/p>\n<p style=\"text-align: justify;\"><strong>Linie 768\/768A (Lehenweiler \u2013 G\u00e4rtringen)<\/strong><\/p>\n<p style=\"text-align: justify;\">Die Linie 768 f\u00e4hrt k\u00fcnftig nicht mehr nach Ehningen, sondern nach G\u00e4rtringen. Dadurch entsteht eine neue Busverbindung zwischen Aidlingen und G\u00e4rtringen. In G\u00e4rtringen haben Fahrg\u00e4ste Anschluss an die S-Bahnen der Linie S1 nach Herrenberg und nach Stuttgart. Vom Bahnhof G\u00e4rtringen fahren die Busse der Linie 768 jede Stunde weiter zum Gewerbegebiet Riedbrunnen.<\/p>\n<p style=\"text-align: justify;\">Je Richtung sind auf der Linie 768 k\u00fcnftig 15 Fahrten unterwegs, vier mehr als bisher. Die Busse sind dadurch tags\u00fcber st\u00fcndlich im Einsatz und fahren am Abend zwei Stunden l\u00e4nger als bisher.<\/p>\n<p style=\"text-align: justify;\">F\u00fcr Fahrg\u00e4ste bietet die Umstellung einige Verbesserungen:<\/p>\n<ul style=\"text-align: justify;\">\n<li>An der Ecke Friedhofweg\/Aidlinger Weg in G\u00e4rtringen geht die neue Haltestelle Lammtal an den Start. Dadurch bekommt das Wohngebiet in der N\u00e4he der Haltestelle eine bessere Anbindung.<\/li>\n<li>Neue M\u00f6glichkeiten f\u00fcr Fahrg\u00e4ste von Stuttgart oder B\u00f6blingen nach Aidlingen: Au\u00dferhalb des Berufsverkehrs gibt es zus\u00e4tzliche Verbindungen \u00fcber G\u00e4rtringen \u2013 dort besteht Anschluss an die S-Bahnen der Linie S1.<\/li>\n<li>Zur Anbindung der Gemeinschaftsschule Ehningen fahren einzelne Busse schon ab oder bis Ehningen Talstra\u00dfe.<\/li>\n<\/ul>\n<p style=\"text-align: justify;\">Die bisherigen Sch\u00fclerfahrten der Linie 768 sind k\u00fcnftig als Sch\u00fclerlinie 768A im Einsatz. Unter dieser Liniennummer sind auch Sch\u00fclerfahrten zu den Gemeinschaftsschulen in D\u00f6ffingen und Ehningen sowie zu den Schulstandorten in G\u00e4rtringen unterwegs.<\/p>\n<p style=\"text-align: justify;\"><strong>Linie 826 (Leinfelden \u2013 Waldenbuch \u2013 T\u00fcbingen)<\/p>\n<p><\/strong>Weil die S-Bahnen k\u00fcnftig montags bis freitags statt alle 10 bis 20 Minuten alle 15 Minuten in Leinfelden halten, wird auch der Takt der Buslinie 826 angepasst. In der Hauptverkehrszeit sind die Busse dann alle 15 Minuten unterwegs. Au\u00dferhalb dieser Zeit, wenn die Linie im Halbstundentakt f\u00e4hrt, m\u00fcssen die Fahrzeiten au\u00dferdem verschoben werden. Dadurch gibt es weiterhin Anschl\u00fcsse an die S-Bahnen. Zwischen T\u00fcbingen und Leinfelden sind die Busse planm\u00e4\u00dfig etwas l\u00e4nger unterwegs, damit es seltener zu Versp\u00e4tungen kommt. Auch fr\u00fch morgens und sp\u00e4t abends werden die Abfahrtszeiten verschoben, damit ist der Fahrplan einheitlicher und besser merkbar.<\/p>\n<p style=\"text-align: justify;\"><strong>Linie 828\/X82 (Flughafen \u2013 T\u00fcbingen)<\/strong><\/p>\n<p style=\"text-align: justify;\">Aktuell hat nicht jeder Bus der Linie 828 dieselbe Fahrtroute: Manche Busse halten an allen Haltestellen in Waldenbuch und Steinenbronn, andere hingegen nutzen das Schnellstra\u00dfennetz und halten nur an jeweils einer Station in Waldenbuch und Steinenbronn. Damit man die Busse besser voneinander unterscheiden kann, bekommen die schnelleren Busse die neue Bezeichnung X82.<\/p>\n<p style=\"text-align: justify;\">Au\u00dferdem halten die Linien 828 und X82 k\u00fcnftig an der neuen Haltestelle Echterdingen Stadionstra\u00dfe. Hier k\u00f6nnen Fahrg\u00e4ste auf die Stadtbahnlinie U6 in Richtung Gerlingen umsteigen. Fahrg\u00e4ste aus Steinenbronn, Waldenbuch und Dettenhausen kommen so mit nur einem Umstieg nach M\u00f6hringen, Degerloch oder Stuttgart-S\u00fcd.<\/p>\n<p style=\"text-align: justify;\">Die beiden Linien 828 und X82 sind k\u00fcnftig montags bis freitags jeweils alle Stunde unterwegs \u2013 einzelne L\u00fccken im Fahrplan werden damit geschlossen. Auf der Strecke zwischen Waldenbuch und Flughafen\/Messe sind die Linien X82 (in Richtung Flughafen\/Messe) und 828 (in Richtung Waldenbuch) k\u00fcnftig in N\u00e4chten vor Sams-, Sonn- und Feiertagen die ganze Nacht im Einsatz. Dadurch ist der Flughafen aus Richtung Steinenbronn, Waldenbuch und Echterdingen in Wochenendn\u00e4chten durchgehend erreichbar. Es verbessert sich auch die Erreichbarkeit von Fl\u00fcgen und Fernbussen am fr\u00fchen Morgen. Die Nachtfahrten der Linien X82 und 828 ersetzen die bisherige Nachtbuslinie N76 (Oberaichen \u2013 Waldenbuch), die daher wegf\u00e4llt.<strong><\/p>\n<p><\/strong><\/p>\n<p style=\"text-align: justify;\"><strong>Linie 826A (T\u00fcbingen \u2013 Weil i. S. \u2013 Breitenstein \/ Waldenbuch \u2013 Leinfelden)<\/p>\n<p><\/strong>Einzelne Sch\u00fclerfahrten der Linie 826A, die in letzter Zeit weniger nachgefragt werden, sind k\u00fcnftig nicht mehr im Einsatz. Sch\u00fcler, die von T\u00fcbingen nach Weil im Sch\u00f6nbuch fahren wollen, k\u00f6nnen k\u00fcnftig ab Dettenhausen die Z\u00fcge der Sch\u00f6nbuchbahn nutzen. Die direkten Schulbusse entfallen aufgrund der schwachen Nachfrage.<\/p>\n<p style=\"text-align: justify;\"><strong>Linie N75 (B\u00f6blingen \u2013 Grafenau \u2013 Aidlingen \u2013 B\u00f6blingen)<\/strong><\/p>\n<p style=\"text-align: justify;\">Die Busse der Linie N75 fahren k\u00fcnftig bis zum Amazon-Standort in Sindelfingen. Der Bus, der um 1.36 Uhr von B\u00f6blingen ZOB abf\u00e4hrt, h\u00e4lt an der Haltestelle H\u00e4slach \u2013 direkt am Amazon-Standort. Dieser Bus um 1.36 Uhr ab B\u00f6blingen ist auf der Strecke B\u00f6blingen ZOB \u2013 Dagersheim \u2013 Darmsheim \u2013 H\u00e4slach nun t\u00e4glich unterwegs. Fahrg\u00e4ste aus Dagersheim und Darmsheim k\u00f6nnen so t\u00e4glich sp\u00e4t abends von B\u00f6blingen ZOB nach Hause fahren, bisher gab es diese Verbindung nur in den N\u00e4chten auf Sams-, Sonn- und Feiertagen.<\/p>\n<p style=\"text-align: justify;\"><strong>Linie N76 (Oberaichen \u2013 Waldenbuch)<\/strong><\/p>\n<p style=\"text-align: justify;\">Die Linie N76 entf\u00e4llt. Als Ersatz fahren die Linien 828 und X82 in den N\u00e4chten vor Sams-, Sonn- und Feiertagen auch nachts. Nach Musberg f\u00e4hrt in Zukunft die Linie N18.<\/p>\n<p style=\"text-align: justify;\"><strong>Neue Haltestellennamen <\/strong><\/p>\n<p style=\"text-align: justify;\">Im Landkreis B\u00f6blingen bekommen zwei Haltestellen einen neuen Namen:<\/p>\n<ul>\n<li style=\"text-align: justify;\">Alt: Waldenbuch Postamt. Neu: Waldenbuch Schloss<\/li>\n<li style=\"text-align: justify;\">Alt: Waldenbuch G\u00e4nswiese. Neu: Waldenbuch Altstadt<br \/>\n<hr \/>\n<\/li>\n<\/ul>\n","protected":false},"excerpt":{"rendered":"<p>Die wichtigsten \u00c4nderungen im VVS-Gebiet ab 12. Dezember 2021 \u2013 alle Verbindungen bereits in der elektronischen Fahrplanauskunft \u00fcber App oder Web abrufbar Kreis B\u00f6blingen.| Ab dem 12. Dezember gilt im VVS ein neuer Fahrplan. In dieser Pressemitteilung sind die wichtigsten \u00c4nderungen f\u00fcr Bus und Bahn im VVS-Gebiet beschrieben. Alle Verbindungen sind bereits in der elektronischen [&hellip;]<\/p>\n","protected":false},"author":4,"featured_media":0,"comment_status":"closed","ping_status":"open","sticky":false,"template":"","format":"standard","meta":{"inline_featured_image":false,"_exactmetrics_skip_tracking":false,"_exactmetrics_sitenote_active":false,"_exactmetrics_sitenote_note":"","_exactmetrics_sitenote_category":0,"footnotes":""},"categories":[59,2246],"tags":[111,3061,695,14857,9554,5,15010,68,9610,9],"class_list":{"0":"post-144250","1":"post","2":"type-post","3":"status-publish","4":"format-standard","6":"category-aktuell","7":"category-kreis-boeblingen","8":"tag-bahn","9":"tag-boblingen","10":"tag-bus","11":"tag-die-webzeitung","12":"tag-fahrplanwechsel","13":"tag-internetzeitung","14":"tag-kreis","15":"tag-online-zeitung","16":"tag-s-bahn","17":"tag-schaumedia"},"image_feature":null,"author_name":"Redaktion","pure_taxonomies":{"categories":[{"term_id":59,"name":"Aktuell","slug":"aktuell","term_group":0,"term_taxonomy_id":60,"taxonomy":"category","description":"","parent":0,"count":1018,"filter":"raw","image":""},{"term_id":2246,"name":"Kreis B\u00f6blingen","slug":"kreis-boeblingen","term_group":0,"term_taxonomy_id":2259,"taxonomy":"category","description":"","parent":171,"count":197,"filter":"raw","image":""}],"tags":[{"term_id":111,"name":"Bahn","slug":"bahn","term_group":0,"term_taxonomy_id":113,"taxonomy":"post_tag","description":"","parent":0,"count":36,"filter":"raw","image":""},{"term_id":3061,"name":"B\u00f6blingen","slug":"boblingen","term_group":0,"term_taxonomy_id":3075,"taxonomy":"post_tag","description":"","parent":0,"count":260,"filter":"raw","image":""},{"term_id":695,"name":"Bus","slug":"bus","term_group":0,"term_taxonomy_id":703,"taxonomy":"post_tag","description":"","parent":0,"count":17,"filter":"raw","image":""},{"term_id":14857,"name":"Die-Webzeitung","slug":"die-webzeitung","term_group":0,"term_taxonomy_id":14876,"taxonomy":"post_tag","description":"","parent":0,"count":3628,"filter":"raw","image":""},{"term_id":9554,"name":"Fahrplanwechsel","slug":"fahrplanwechsel","term_group":0,"term_taxonomy_id":9584,"taxonomy":"post_tag","description":"","parent":0,"count":6,"filter":"raw","image":""},{"term_id":5,"name":"Internetzeitung","slug":"internetzeitung","term_group":0,"term_taxonomy_id":5,"taxonomy":"post_tag","description":"","parent":0,"count":1461,"filter":"raw","image":""},{"term_id":15010,"name":"Kreis","slug":"kreis","term_group":0,"term_taxonomy_id":15029,"taxonomy":"post_tag","description":"","parent":0,"count":6,"filter":"raw","image":""},{"term_id":68,"name":"Online-Zeitung","slug":"online-zeitung","term_group":0,"term_taxonomy_id":69,"taxonomy":"post_tag","description":"","parent":0,"count":3598,"filter":"raw","image":""},{"term_id":9610,"name":"S-Bahn","slug":"s-bahn","term_group":0,"term_taxonomy_id":9640,"taxonomy":"post_tag","description":"","parent":0,"count":14,"filter":"raw","image":""},{"term_id":9,"name":"SchauMedia","slug":"schaumedia","term_group":0,"term_taxonomy_id":9,"taxonomy":"post_tag","description":"","parent":0,"count":1607,"filter":"raw","image":""}]},"_links":{"self":[{"href":"https:\/\/die-webzeitung.de\/stuttgart\/wp-json\/wp\/v2\/posts\/144250","targetHints":{"allow":["GET"]}}],"collection":[{"href":"https:\/\/die-webzeitung.de\/stuttgart\/wp-json\/wp\/v2\/posts"}],"about":[{"href":"https:\/\/die-webzeitung.de\/stuttgart\/wp-json\/wp\/v2\/types\/post"}],"author":[{"embeddable":true,"href":"https:\/\/die-webzeitung.de\/stuttgart\/wp-json\/wp\/v2\/users\/4"}],"replies":[{"embeddable":true,"href":"https:\/\/die-webzeitung.de\/stuttgart\/wp-json\/wp\/v2\/comments?post=144250"}],"version-history":[{"count":1,"href":"https:\/\/die-webzeitung.de\/stuttgart\/wp-json\/wp\/v2\/posts\/144250\/revisions"}],"predecessor-version":[{"id":144251,"href":"https:\/\/die-webzeitung.de\/stuttgart\/wp-json\/wp\/v2\/posts\/144250\/revisions\/144251"}],"wp:attachment":[{"href":"https:\/\/die-webzeitung.de\/stuttgart\/wp-json\/wp\/v2\/media?parent=144250"}],"wp:term":[{"taxonomy":"category","embeddable":true,"href":"https:\/\/die-webzeitung.de\/stuttgart\/wp-json\/wp\/v2\/categories?post=144250"},{"taxonomy":"post_tag","embeddable":true,"href":"https:\/\/die-webzeitung.de\/stuttgart\/wp-json\/wp\/v2\/tags?post=144250"}],"curies":[{"name":"wp","href":"https:\/\/api.w.org\/{rel}","templated":true}]}}