{"id":144204,"date":"2021-11-24T19:00:17","date_gmt":"2021-11-24T18:00:17","guid":{"rendered":"https:\/\/die-webzeitung.de\/stuttgart\/?p=144204"},"modified":"2021-11-24T17:29:02","modified_gmt":"2021-11-24T16:29:02","slug":"die-glanzlichter-stuttgart-leuchten","status":"publish","type":"post","link":"https:\/\/die-webzeitung.de\/stuttgart\/2021\/11\/24\/die-glanzlichter-stuttgart-leuchten\/","title":{"rendered":"Die \u201eGlanzlichter Stuttgart\u201c leuchten"},"content":{"rendered":"<h5 style=\"text-align: justify;\"><strong>Start der Illumination auf Schlossplatz, K\u00f6nigstra\u00dfe und Schulstra\u00dfe<\/strong><\/h5>\n<p style=\"text-align: justify;\">Stuttgart.| Stuttgart gl\u00e4nzt: Am Abend des 24. Novembers hat die Stuttgart-Marketing GmbH die \u201eGlanzlichter Stuttgart\u201c \u2013 Lichtkunstwerke auf dem Schlossplatz sowie Illumination der Schul- und K\u00f6nigstra\u00dfe \u2013 gestartet.<\/p>\n<p style=\"text-align: justify;\">Vom 24. November bis 28. Dezember 2021 (Beleuchtung der K\u00f6nigstra\u00dfe und Schulstra\u00dfe bis 6. Januar 2022) erstrahlt die baden-w\u00fcrttembergische Landeshauptstadt wieder in weihnachtlichem Glanz. Gemeinsam mit ihrem \u00d6kostrom-Partner, den Stadtwerken Stuttgart, hat die Stuttgart-Marketing die Illumination jetzt aktiviert.<\/p>\n<p style=\"text-align: justify;\">OB Nopper er\u00f6ffnet gemeinsam mit dem Stuttgarter Christkind und seinen himmlischen Begleitern die \u201eGlanzlichter\u201c auf dem Schlossplatz: \u201eEs ist wunderbar, dass die acht Stuttgarter Glanzlichter in schwerer Corona-Zeit unsere Gem\u00fcter aufhellen. Nach der Absage des Weihnachtsmarktes, die uns allen furchtbar weh getan hat, sind diese Glanzlichter wichtiger denn je \u2013 f\u00fcr weihnachtliche Stimmung und f\u00fcr adventliche Freude trotz Corona. In diesem Sinne w\u00fcnsche ich Ihnen eine frohe Vorweihnachtszeit bei weihnachtlichem Lichterglanz auf dem Schlossplatz.\u201c<\/p>\n<p style=\"text-align: justify;\">\u201eIn der sch\u00f6nsten Zeit des Jahres strahlen auch die \u201aGlanzlichter\u2018 wieder und machen Stuttgart in der Vorweihnachtszeit noch festlicher\u201c, freut sich Thomas Fuhrmann, Stuttgarts Finanzb\u00fcrgermeister und Aufsichtsratsvorsitzender der Stuttgart-Marketing GmbH.<\/p>\n<p style=\"text-align: justify;\">\u201eMit den Lichtskulpturen auf dem Schlossplatz und der Beleuchtung der K\u00f6nigstra\u00dfe leisten wir auch im vierten \u201aGlanzlichter\u2018-Jahr einen Beitrag f\u00fcr eine lebendige und vorweihnachtliche Innenstadt\u201c, sagt Armin Dellnitz, Gesch\u00e4ftsf\u00fchrer der Stuttgart-Marketing GmbH. \u201eDie neu beleuchtete Schulstra\u00dfe erg\u00e4nzt die bisherige Illumination.\u201c<\/p>\n<p style=\"text-align: justify;\">\u201eDas \u201aGlanzlichter\u2018-Projekt ist seit seinem Start ein fester Partner der Energiewende in Stuttgart: F\u00fcr die Illumination von K\u00f6nigstra\u00dfe und Schlossplatz kommen neben unserem zertifizierten \u00d6kostrom ausschlie\u00dflich LED-Lichter zum Einsatz, die im Vergleich zu herk\u00f6mmlicher Weihnachtsbeleuchtung rund 80 Prozent weniger Strom ben\u00f6tigen\u201c, so Peter Drausnigg, Technischer Gesch\u00e4ftsf\u00fchrer der Stadtwerke Stuttgart.<\/p>\n<hr \/>\n<p style=\"text-align: justify;\">\n","protected":false},"excerpt":{"rendered":"<p>Start der Illumination auf Schlossplatz, K\u00f6nigstra\u00dfe und Schulstra\u00dfe Stuttgart.| Stuttgart gl\u00e4nzt: Am Abend des 24. Novembers hat die Stuttgart-Marketing GmbH die \u201eGlanzlichter Stuttgart\u201c \u2013 Lichtkunstwerke auf dem Schlossplatz sowie Illumination der Schul- und K\u00f6nigstra\u00dfe \u2013 gestartet. Vom 24. November bis 28. Dezember 2021 (Beleuchtung der K\u00f6nigstra\u00dfe und Schulstra\u00dfe bis 6. Januar 2022) erstrahlt die baden-w\u00fcrttembergische [&hellip;]<\/p>\n","protected":false},"author":4,"featured_media":144205,"comment_status":"closed","ping_status":"open","sticky":false,"template":"","format":"standard","meta":{"inline_featured_image":false,"_exactmetrics_skip_tracking":false,"_exactmetrics_sitenote_active":false,"_exactmetrics_sitenote_note":"","_exactmetrics_sitenote_category":0,"footnotes":""},"categories":[59,2239],"tags":[15436,14857,17210,5,68,9,275,11876],"class_list":{"0":"post-144204","1":"post","2":"type-post","3":"status-publish","4":"format-standard","5":"has-post-thumbnail","7":"category-aktuell","8":"category-stuttgart-lokal","9":"tag-beleuchtung","10":"tag-die-webzeitung","11":"tag-glanz","12":"tag-internetzeitung","13":"tag-online-zeitung","14":"tag-schaumedia","15":"tag-stuttgart","16":"tag-weihnachtszeit"},"image_feature":"https:\/\/die-webzeitung.de\/stuttgart\/wp-content\/uploads\/sites\/4\/2021\/11\/glanz-s.jpg","author_name":"Redaktion","pure_taxonomies":{"categories":[{"term_id":59,"name":"Aktuell","slug":"aktuell","term_group":0,"term_taxonomy_id":60,"taxonomy":"category","description":"","parent":0,"count":1018,"filter":"raw","image":""},{"term_id":2239,"name":"Stuttgart","slug":"stuttgart-lokal","term_group":0,"term_taxonomy_id":2252,"taxonomy":"category","description":"Berichte und Informationen aus Stuttgart","parent":1433,"count":943,"filter":"raw","image":""}],"tags":[{"term_id":15436,"name":"Beleuchtung","slug":"beleuchtung","term_group":0,"term_taxonomy_id":15455,"taxonomy":"post_tag","description":"","parent":0,"count":1,"filter":"raw","image":""},{"term_id":14857,"name":"Die-Webzeitung","slug":"die-webzeitung","term_group":0,"term_taxonomy_id":14876,"taxonomy":"post_tag","description":"","parent":0,"count":3628,"filter":"raw","image":""},{"term_id":17210,"name":"Glanz","slug":"glanz","term_group":0,"term_taxonomy_id":17229,"taxonomy":"post_tag","description":"","parent":0,"count":1,"filter":"raw","image":""},{"term_id":5,"name":"Internetzeitung","slug":"internetzeitung","term_group":0,"term_taxonomy_id":5,"taxonomy":"post_tag","description":"","parent":0,"count":1461,"filter":"raw","image":""},{"term_id":68,"name":"Online-Zeitung","slug":"online-zeitung","term_group":0,"term_taxonomy_id":69,"taxonomy":"post_tag","description":"","parent":0,"count":3598,"filter":"raw","image":""},{"term_id":9,"name":"SchauMedia","slug":"schaumedia","term_group":0,"term_taxonomy_id":9,"taxonomy":"post_tag","description":"","parent":0,"count":1607,"filter":"raw","image":""},{"term_id":275,"name":"Stuttgart","slug":"stuttgart","term_group":0,"term_taxonomy_id":281,"taxonomy":"post_tag","description":"","parent":0,"count":1196,"filter":"raw","image":""},{"term_id":11876,"name":"Weihnachtszeit","slug":"weihnachtszeit","term_group":0,"term_taxonomy_id":11914,"taxonomy":"post_tag","description":"","parent":0,"count":1,"filter":"raw","image":""}]},"_links":{"self":[{"href":"https:\/\/die-webzeitung.de\/stuttgart\/wp-json\/wp\/v2\/posts\/144204","targetHints":{"allow":["GET"]}}],"collection":[{"href":"https:\/\/die-webzeitung.de\/stuttgart\/wp-json\/wp\/v2\/posts"}],"about":[{"href":"https:\/\/die-webzeitung.de\/stuttgart\/wp-json\/wp\/v2\/types\/post"}],"author":[{"embeddable":true,"href":"https:\/\/die-webzeitung.de\/stuttgart\/wp-json\/wp\/v2\/users\/4"}],"replies":[{"embeddable":true,"href":"https:\/\/die-webzeitung.de\/stuttgart\/wp-json\/wp\/v2\/comments?post=144204"}],"version-history":[{"count":1,"href":"https:\/\/die-webzeitung.de\/stuttgart\/wp-json\/wp\/v2\/posts\/144204\/revisions"}],"predecessor-version":[{"id":144206,"href":"https:\/\/die-webzeitung.de\/stuttgart\/wp-json\/wp\/v2\/posts\/144204\/revisions\/144206"}],"wp:featuredmedia":[{"embeddable":true,"href":"https:\/\/die-webzeitung.de\/stuttgart\/wp-json\/wp\/v2\/media\/144205"}],"wp:attachment":[{"href":"https:\/\/die-webzeitung.de\/stuttgart\/wp-json\/wp\/v2\/media?parent=144204"}],"wp:term":[{"taxonomy":"category","embeddable":true,"href":"https:\/\/die-webzeitung.de\/stuttgart\/wp-json\/wp\/v2\/categories?post=144204"},{"taxonomy":"post_tag","embeddable":true,"href":"https:\/\/die-webzeitung.de\/stuttgart\/wp-json\/wp\/v2\/tags?post=144204"}],"curies":[{"name":"wp","href":"https:\/\/api.w.org\/{rel}","templated":true}]}}