{"id":144126,"date":"2021-11-18T15:07:54","date_gmt":"2021-11-18T14:07:54","guid":{"rendered":"https:\/\/die-webzeitung.de\/stuttgart\/2021\/11\/18\/auf-radweg-geparkte-fahrzeuge-duerfen-abgeschleppt-werden\/"},"modified":"2021-11-18T15:07:54","modified_gmt":"2021-11-18T14:07:54","slug":"auf-radweg-geparkte-fahrzeuge-duerfen-abgeschleppt-werden","status":"publish","type":"post","link":"https:\/\/die-webzeitung.de\/stuttgart\/2021\/11\/18\/auf-radweg-geparkte-fahrzeuge-duerfen-abgeschleppt-werden\/","title":{"rendered":"Auf Radweg geparkte Fahrzeuge d\u00fcrfen abgeschleppt werden"},"content":{"rendered":"<p style=\"text-align: justify;\"><strong>Fahrzeughalterinnen und -halter, die verbotswidrig parken und damit andere im Verkehr behindern, m\u00fcssen damit rechnen, dass ihre Fahrzeuge abgeschleppt werden. Das gilt auch beim Parken auf einem Radweg. Die W\u00fcrttembergische Versicherung AG weist auf ein Urteil des Verwaltungsgerichts Leipzig (1 K 860\/20) hin.<\/strong><\/p>\n<p style=\"text-align: justify;\">Ein Autofahrer hatte in einer Stadt auf einem Seitenstreifen geparkt, der als Radweg ausgewiesen war. Dies war f\u00fcr ihn durch ein Verkehrszeichen und ein auf dem Seitenstreifen angebrachtes Fahrrad-Piktogramm erkennbar. Die zust\u00e4ndige Beh\u00f6rde lie\u00df das Fahrzeug abschleppen und schickte dem Fahrzeughalter einen Kostenbescheid \u00fcber rund 300 Euro. Dagegen klagte der Halter, kam aber damit nicht durch.<\/p>\n<p style=\"text-align: justify;\">Laut dem Urteil behinderte das geparkte Fahrzeug andere Verkehrsteilnehmerinnen und -teilnehmer, da Radfahrerinnen und Radfahrer auf den Stra\u00dfenabschnitt ausweichen mussten, der dem motorisierten Verkehr vorbehalten war. Vergleichbare Behinderungen l\u00e4gen vor, wenn Fahrzeuge einen B\u00fcrgersteig verstellen, in die Fahrbahn hineinragen oder ohne Berechtigung auf einem Behindertenparkplatz abgestellt werden. Ein Abschleppen sei in solchen F\u00e4llen rechtm\u00e4\u00dfig, um die Behinderung zu beseitigen. Au\u00dferdem stelle sie eine Pr\u00e4ventivma\u00dfnahme dar, damit andere Autofahrerinnen\u00a0 und -fahrer nicht ermutigt werden, ebenfalls verbotswidrig zu parken.<\/p>\n<hr \/>\n<p style=\"text-align: justify;\">\n","protected":false},"excerpt":{"rendered":"<p>Fahrzeughalterinnen und -halter, die verbotswidrig parken und damit andere im Verkehr behindern, m\u00fcssen damit rechnen, dass ihre Fahrzeuge abgeschleppt werden. Das gilt auch beim Parken auf einem Radweg. Die W\u00fcrttembergische Versicherung AG weist auf ein Urteil des Verwaltungsgerichts Leipzig (1 K 860\/20) hin. Ein Autofahrer hatte in einer Stadt auf einem Seitenstreifen geparkt, der als [&hellip;]<\/p>\n","protected":false},"author":4,"featured_media":0,"comment_status":"closed","ping_status":"open","sticky":false,"template":"","format":"standard","meta":{"inline_featured_image":false,"_exactmetrics_skip_tracking":false,"_exactmetrics_sitenote_active":false,"_exactmetrics_sitenote_note":"","_exactmetrics_sitenote_category":0,"footnotes":""},"categories":[2237],"tags":[2092,14857,9887,17205,5,68,9507,9,18],"class_list":{"0":"post-144126","1":"post","2":"type-post","3":"status-publish","4":"format-standard","6":"category-ratgeber-leben","7":"tag-abschleppen","8":"tag-die-webzeitung","9":"tag-fahrzeug","10":"tag-geparkt","11":"tag-internetzeitung","12":"tag-online-zeitung","13":"tag-radweg","14":"tag-schaumedia","15":"tag-wurttembergische"},"image_feature":null,"author_name":"Redaktion","pure_taxonomies":{"categories":[{"term_id":2237,"name":"Ratgeber","slug":"ratgeber-leben","term_group":0,"term_taxonomy_id":2250,"taxonomy":"category","description":"","parent":482,"count":380,"filter":"raw","image":""}],"tags":[{"term_id":2092,"name":"Abschleppen","slug":"abschleppen","term_group":0,"term_taxonomy_id":2104,"taxonomy":"post_tag","description":"","parent":0,"count":3,"filter":"raw","image":""},{"term_id":14857,"name":"Die-Webzeitung","slug":"die-webzeitung","term_group":0,"term_taxonomy_id":14876,"taxonomy":"post_tag","description":"","parent":0,"count":3628,"filter":"raw","image":""},{"term_id":9887,"name":"Fahrzeug","slug":"fahrzeug","term_group":0,"term_taxonomy_id":9918,"taxonomy":"post_tag","description":"","parent":0,"count":3,"filter":"raw","image":""},{"term_id":17205,"name":"geparkt","slug":"geparkt","term_group":0,"term_taxonomy_id":17224,"taxonomy":"post_tag","description":"","parent":0,"count":1,"filter":"raw","image":""},{"term_id":5,"name":"Internetzeitung","slug":"internetzeitung","term_group":0,"term_taxonomy_id":5,"taxonomy":"post_tag","description":"","parent":0,"count":1461,"filter":"raw","image":""},{"term_id":68,"name":"Online-Zeitung","slug":"online-zeitung","term_group":0,"term_taxonomy_id":69,"taxonomy":"post_tag","description":"","parent":0,"count":3598,"filter":"raw","image":""},{"term_id":9507,"name":"Radweg","slug":"radweg","term_group":0,"term_taxonomy_id":9537,"taxonomy":"post_tag","description":"","parent":0,"count":1,"filter":"raw","image":""},{"term_id":9,"name":"SchauMedia","slug":"schaumedia","term_group":0,"term_taxonomy_id":9,"taxonomy":"post_tag","description":"","parent":0,"count":1607,"filter":"raw","image":""},{"term_id":18,"name":"W\u00fcrttembergische","slug":"wurttembergische","term_group":0,"term_taxonomy_id":18,"taxonomy":"post_tag","description":"","parent":0,"count":111,"filter":"raw","image":""}]},"_links":{"self":[{"href":"https:\/\/die-webzeitung.de\/stuttgart\/wp-json\/wp\/v2\/posts\/144126","targetHints":{"allow":["GET"]}}],"collection":[{"href":"https:\/\/die-webzeitung.de\/stuttgart\/wp-json\/wp\/v2\/posts"}],"about":[{"href":"https:\/\/die-webzeitung.de\/stuttgart\/wp-json\/wp\/v2\/types\/post"}],"author":[{"embeddable":true,"href":"https:\/\/die-webzeitung.de\/stuttgart\/wp-json\/wp\/v2\/users\/4"}],"replies":[{"embeddable":true,"href":"https:\/\/die-webzeitung.de\/stuttgart\/wp-json\/wp\/v2\/comments?post=144126"}],"version-history":[{"count":0,"href":"https:\/\/die-webzeitung.de\/stuttgart\/wp-json\/wp\/v2\/posts\/144126\/revisions"}],"wp:attachment":[{"href":"https:\/\/die-webzeitung.de\/stuttgart\/wp-json\/wp\/v2\/media?parent=144126"}],"wp:term":[{"taxonomy":"category","embeddable":true,"href":"https:\/\/die-webzeitung.de\/stuttgart\/wp-json\/wp\/v2\/categories?post=144126"},{"taxonomy":"post_tag","embeddable":true,"href":"https:\/\/die-webzeitung.de\/stuttgart\/wp-json\/wp\/v2\/tags?post=144126"}],"curies":[{"name":"wp","href":"https:\/\/api.w.org\/{rel}","templated":true}]}}