{"id":144079,"date":"2021-11-16T11:31:42","date_gmt":"2021-11-16T10:31:42","guid":{"rendered":"https:\/\/die-webzeitung.de\/stuttgart\/?p=144079"},"modified":"2021-11-16T11:31:57","modified_gmt":"2021-11-16T10:31:57","slug":"silke-kuebler-neue-leiterin-der-kriminalpolizeidirektion-boeblingen","status":"publish","type":"post","link":"https:\/\/die-webzeitung.de\/stuttgart\/2021\/11\/16\/silke-kuebler-neue-leiterin-der-kriminalpolizeidirektion-boeblingen\/","title":{"rendered":"Silke K\u00fcbler neue Leiterin der Kriminalpolizeidirektion B\u00f6blingen"},"content":{"rendered":"<p style=\"text-align: justify;\">B\u00f6blingen.| Mit Polizeidirektorin Silke K\u00fcbler hat Polizeivizepr\u00e4sident Frank Spitzm\u00fcller am 15. November die neue Leiterin der Kriminalpolizeidirektion B\u00f6blingen begr\u00fc\u00dft. Sie tritt damit die Nachfolge von Mathias B\u00f6lle an, der im Mai dieses Jahres zum Landeskriminalamt nach Stuttgart wechselte und dort die Leitung der Abteilung 5, Cybercrime und Digitale Spuren, \u00fcbernahm. Silke K\u00fcbler trat 1994 in den mittleren Polizeidienst ein, stieg 2003 in den gehobenen Dienst auf und war zun\u00e4chst Dienstgruppenleiterin beim damaligen Autobahnpolizeirevier Ditzingen. Nach erfolgreichem Abschluss der Ausbildung zum h\u00f6heren Polizeivollzugsdienst war sie von 2009 bis 2012 Referentin im Referat 32 &#8211; Kriminalit\u00e4tsbek\u00e4mpfung beim Landespolizeipr\u00e4sidium im Innenministerium Baden-W\u00fcrttemberg und besuchte anschlie\u00dfend die F\u00fchrungsakademie des Landes in Karlsruhe. Von 2014 bis 2016 leitete K\u00fcbler den Institutsbereich Personalgewinnung der Hochschule f\u00fcr Polizei am Standort B\u00f6blingen und anschlie\u00dfend die Gesch\u00e4ftsstelle des Projekts &#8220;Evaluation der Polizeistrukturreform Baden-W\u00fcrttemberg&#8221;, bevor sie 2018 nach einer Verwendung im Referat 33 &#8211; Personalplanung als Referentin ins Referat 32 des Landespolizeipr\u00e4sidiums zur\u00fcckkehrte.<\/p>\n<p style=\"text-align: justify;\">&#8220;Mit Silke K\u00fcbler hat die Kriminalpolizeidirektion eine Leiterin bekommen, die im Laufe ihrer bisherigen, au\u00dfergew\u00f6hnlichen Karriere durch herausragende Leistungen zu \u00fcberzeugen wusste,&#8221; freute sich Frank Spitzm\u00fcller. &#8220;Ich bin mir sicher, dass sie auch bei uns daran ankn\u00fcpfen wird. Spitzm\u00fcller bedankte sich gleichzeitig bei Kriminaldirektor Markus Kubo, der als Leiter der F\u00fchrungsgruppe seit Mai die Geschicke der Kriminalpolizeidirektion kommissarisch leitete und auch k\u00fcnftig als Abwesenheitsvertreter von Silke K\u00fcbler fungieren wird.<\/p>\n<hr \/>\n<p style=\"text-align: justify;\">\n","protected":false},"excerpt":{"rendered":"<p>B\u00f6blingen.| Mit Polizeidirektorin Silke K\u00fcbler hat Polizeivizepr\u00e4sident Frank Spitzm\u00fcller am 15. November die neue Leiterin der Kriminalpolizeidirektion B\u00f6blingen begr\u00fc\u00dft. Sie tritt damit die Nachfolge von Mathias B\u00f6lle an, der im Mai dieses Jahres zum Landeskriminalamt nach Stuttgart wechselte und dort die Leitung der Abteilung 5, Cybercrime und Digitale Spuren, \u00fcbernahm. Silke K\u00fcbler trat 1994 in [&hellip;]<\/p>\n","protected":false},"author":4,"featured_media":144080,"comment_status":"closed","ping_status":"open","sticky":false,"template":"","format":"standard","meta":{"inline_featured_image":false,"_exactmetrics_skip_tracking":false,"_exactmetrics_sitenote_active":false,"_exactmetrics_sitenote_note":"","_exactmetrics_sitenote_category":0,"footnotes":""},"categories":[59,2246],"tags":[3061,14857,3498,5,5471,11047,68,205,9],"class_list":{"0":"post-144079","1":"post","2":"type-post","3":"status-publish","4":"format-standard","5":"has-post-thumbnail","7":"category-aktuell","8":"category-kreis-boeblingen","9":"tag-boblingen","10":"tag-die-webzeitung","11":"tag-direktion","12":"tag-internetzeitung","13":"tag-kriminalpolizei","14":"tag-leiterin","15":"tag-online-zeitung","16":"tag-polizei","17":"tag-schaumedia"},"image_feature":"https:\/\/die-webzeitung.de\/stuttgart\/wp-content\/uploads\/sites\/4\/2021\/11\/kripo.jpg","author_name":"Redaktion","pure_taxonomies":{"categories":[{"term_id":59,"name":"Aktuell","slug":"aktuell","term_group":0,"term_taxonomy_id":60,"taxonomy":"category","description":"","parent":0,"count":1018,"filter":"raw","image":""},{"term_id":2246,"name":"Kreis B\u00f6blingen","slug":"kreis-boeblingen","term_group":0,"term_taxonomy_id":2259,"taxonomy":"category","description":"","parent":171,"count":197,"filter":"raw","image":""}],"tags":[{"term_id":3061,"name":"B\u00f6blingen","slug":"boblingen","term_group":0,"term_taxonomy_id":3075,"taxonomy":"post_tag","description":"","parent":0,"count":260,"filter":"raw","image":""},{"term_id":14857,"name":"Die-Webzeitung","slug":"die-webzeitung","term_group":0,"term_taxonomy_id":14876,"taxonomy":"post_tag","description":"","parent":0,"count":3628,"filter":"raw","image":""},{"term_id":3498,"name":"Direktion","slug":"direktion","term_group":0,"term_taxonomy_id":3513,"taxonomy":"post_tag","description":"","parent":0,"count":2,"filter":"raw","image":""},{"term_id":5,"name":"Internetzeitung","slug":"internetzeitung","term_group":0,"term_taxonomy_id":5,"taxonomy":"post_tag","description":"","parent":0,"count":1461,"filter":"raw","image":""},{"term_id":5471,"name":"Kriminalpolizei","slug":"kriminalpolizei","term_group":0,"term_taxonomy_id":5489,"taxonomy":"post_tag","description":"","parent":0,"count":2,"filter":"raw","image":""},{"term_id":11047,"name":"Leiterin","slug":"leiterin","term_group":0,"term_taxonomy_id":11085,"taxonomy":"post_tag","description":"","parent":0,"count":1,"filter":"raw","image":""},{"term_id":68,"name":"Online-Zeitung","slug":"online-zeitung","term_group":0,"term_taxonomy_id":69,"taxonomy":"post_tag","description":"","parent":0,"count":3598,"filter":"raw","image":""},{"term_id":205,"name":"Polizei","slug":"polizei","term_group":0,"term_taxonomy_id":208,"taxonomy":"post_tag","description":"","parent":0,"count":277,"filter":"raw","image":""},{"term_id":9,"name":"SchauMedia","slug":"schaumedia","term_group":0,"term_taxonomy_id":9,"taxonomy":"post_tag","description":"","parent":0,"count":1607,"filter":"raw","image":""}]},"_links":{"self":[{"href":"https:\/\/die-webzeitung.de\/stuttgart\/wp-json\/wp\/v2\/posts\/144079","targetHints":{"allow":["GET"]}}],"collection":[{"href":"https:\/\/die-webzeitung.de\/stuttgart\/wp-json\/wp\/v2\/posts"}],"about":[{"href":"https:\/\/die-webzeitung.de\/stuttgart\/wp-json\/wp\/v2\/types\/post"}],"author":[{"embeddable":true,"href":"https:\/\/die-webzeitung.de\/stuttgart\/wp-json\/wp\/v2\/users\/4"}],"replies":[{"embeddable":true,"href":"https:\/\/die-webzeitung.de\/stuttgart\/wp-json\/wp\/v2\/comments?post=144079"}],"version-history":[{"count":1,"href":"https:\/\/die-webzeitung.de\/stuttgart\/wp-json\/wp\/v2\/posts\/144079\/revisions"}],"predecessor-version":[{"id":144081,"href":"https:\/\/die-webzeitung.de\/stuttgart\/wp-json\/wp\/v2\/posts\/144079\/revisions\/144081"}],"wp:featuredmedia":[{"embeddable":true,"href":"https:\/\/die-webzeitung.de\/stuttgart\/wp-json\/wp\/v2\/media\/144080"}],"wp:attachment":[{"href":"https:\/\/die-webzeitung.de\/stuttgart\/wp-json\/wp\/v2\/media?parent=144079"}],"wp:term":[{"taxonomy":"category","embeddable":true,"href":"https:\/\/die-webzeitung.de\/stuttgart\/wp-json\/wp\/v2\/categories?post=144079"},{"taxonomy":"post_tag","embeddable":true,"href":"https:\/\/die-webzeitung.de\/stuttgart\/wp-json\/wp\/v2\/tags?post=144079"}],"curies":[{"name":"wp","href":"https:\/\/api.w.org\/{rel}","templated":true}]}}