{"id":143971,"date":"2021-11-10T15:01:01","date_gmt":"2021-11-10T14:01:01","guid":{"rendered":"https:\/\/die-webzeitung.de\/stuttgart\/2021\/11\/10\/aufstieg-in-die-zweite-bundesliga-ist-perfekt\/"},"modified":"2021-11-10T15:01:01","modified_gmt":"2021-11-10T14:01:01","slug":"aufstieg-in-die-zweite-bundesliga-ist-perfekt","status":"publish","type":"post","link":"https:\/\/die-webzeitung.de\/stuttgart\/2021\/11\/10\/aufstieg-in-die-zweite-bundesliga-ist-perfekt\/","title":{"rendered":"Aufstieg in die Zweite Bundesliga ist perfekt"},"content":{"rendered":"<p style=\"text-align: justify;\"><img loading=\"lazy\" decoding=\"async\" class=\"alignleft size-thumbnail wp-image-158196\" src=\"https:\/\/die-webzeitung.de\/ludwigsburg\/wp-content\/uploads\/sites\/5\/2020\/12\/svl-small.png\" alt=\"\" width=\"150\" height=\"150\" \/>Ludwigsburg.| Die Triathleten des SV Ludwigsburg steigen in die Zweite Bundesliga S\u00fcd auf. Das Ziel f\u00fcr das erste Jahr ist klar: die Mannschaft um Fabian Knobelspies will um einen Platz im Mittelfeld k\u00e4mpfen.<\/p>\n<p style=\"text-align: justify;\">\u201eEin Platz im Mittelfeld ist realistisch\u201c, sagt Fabian Knobelspies. Der mehrfache Ironman-Starter und seine SVL-Mannschaftkollegen treten in der n\u00e4chsten Saison f\u00fcr den SV Ludwigsburg in der Zweiten Triathlon-Bundesliga an. \u201eWir sind souver\u00e4n durchmarschiert durch die Regionalliga Baden-W\u00fcrttemberg, unerwartet gut\u201c, so Knobelspies.<\/p>\n<p style=\"text-align: justify;\">Nur der AST S\u00fc\u00dfen hat besser abgeschnitten, aber dieser Verein hat bereits ein Team in der Ersten Liga, von einem Klub\u00a0darf &#8211; wie im Fu\u00dfball &#8211; keine zweite Mannschaft aufsteigen. Knobelspies sagt mit Blick auf 2022: \u201eAbsteigen wollen wird nat\u00fcrlich nicht, ein Aufstieg in die Erste Liga w\u00e4re aber nicht realistisch.\u201c Das Team d\u00fcrfe nicht \u00fcberm\u00fctig werden, m\u00fcsse sich erstmal zurecht finden.<\/p>\n<p style=\"text-align: justify;\">\u201eWir haben eine gute, sehr ausgeglichene Mannschaft zusammen, w\u00fcrden uns aber gerne punktuell noch verst\u00e4rken.\u201c Knobelspies spricht von ein oder zwei neuen Leute, die wom\u00f6glich noch zum Team kommen k\u00f6nnten. Das w\u00e4re nicht schlecht auch, \u201eum eine gut ausgestattete Mannschaft in der Landesliga zu haben &#8211; als ein gewisses Backup f\u00fcr die erste Mannschaft\u201c. Die Truppe umfasse bereits\u00a0jetzt\u00a0\u201eviele talentierte Sportler mit hoher Einsatzbereitschaft\u201c.<\/p>\n<p style=\"text-align: justify;\">Auch der Co-Abteilungsleiter Jan Cartsburg sagt, ein Platz im Mittelfeld sei drinnen. Bis Ende April d\u00fcrften noch neue Starter f\u00fcr den SVL gemeldet werden, danach werde das Meldeportal geschlossen. K\u00fcnftig m\u00fcsse das Team mit l\u00e4ngere Anfahrtszeiten zu den voraussichtlich f\u00fcnf bis sechs Wettbewerben rechnen. In der zweiten Liga starten 14 Mannschaften. Das Reglement sehe vor, dass nur noch \u00e4rmellose Wettkampfanz\u00fcge getragen werden d\u00fcrfen &#8211; mit den Nachmanen der Sportler auf dem R\u00fccken. Wann genau die neue Saison beginnt steht noch nicht fest.<\/p>\n<p style=\"text-align: justify;\">Der SVL-Pr\u00e4sident Volker Heyn sagt mit Blick auf den Aufstieg: \u201eIch bin mega stolz\u00a0und w\u00fcnsche unseren Triathleten viel Erfolg.\u201c<\/p>\n<p style=\"text-align: justify;\">F\u00fcr die SVL-Triathleten starten in der Zweiten Liga:\u00a0Lasse Friedrichs, Nils Friedrichs, Sebastian Schober, Fabian Knobelspies, Jan Cartsburg, Cornelius Theus und Sven Heinle.<\/p>\n<hr \/>\n<p style=\"text-align: justify;\">\n","protected":false},"excerpt":{"rendered":"<p>Ludwigsburg.| Die Triathleten des SV Ludwigsburg steigen in die Zweite Bundesliga S\u00fcd auf. Das Ziel f\u00fcr das erste Jahr ist klar: die Mannschaft um Fabian Knobelspies will um einen Platz im Mittelfeld k\u00e4mpfen. \u201eEin Platz im Mittelfeld ist realistisch\u201c, sagt Fabian Knobelspies. Der mehrfache Ironman-Starter und seine SVL-Mannschaftkollegen treten in der n\u00e4chsten Saison f\u00fcr den [&hellip;]<\/p>\n","protected":false},"author":4,"featured_media":0,"comment_status":"closed","ping_status":"open","sticky":false,"template":"","format":"standard","meta":{"inline_featured_image":false,"_exactmetrics_skip_tracking":false,"_exactmetrics_sitenote_active":false,"_exactmetrics_sitenote_note":"","_exactmetrics_sitenote_category":0,"footnotes":""},"categories":[110],"tags":[14857,5,6,68,9,15012,14387,14388,17178,17079],"class_list":{"0":"post-143971","1":"post","2":"type-post","3":"status-publish","4":"format-standard","6":"category-sport","7":"tag-die-webzeitung","8":"tag-internetzeitung","9":"tag-ludwigsburg","10":"tag-online-zeitung","11":"tag-schaumedia","12":"tag-schwimmen","13":"tag-schwimmverein","14":"tag-svl","15":"tag-triathleten","16":"tag-triathlon"},"image_feature":null,"author_name":"Redaktion","pure_taxonomies":{"categories":[{"term_id":110,"name":"Sport","slug":"sport","term_group":0,"term_taxonomy_id":112,"taxonomy":"category","description":"Sportberichte","parent":0,"count":1043,"filter":"raw","image":""}],"tags":[{"term_id":14857,"name":"Die-Webzeitung","slug":"die-webzeitung","term_group":0,"term_taxonomy_id":14876,"taxonomy":"post_tag","description":"","parent":0,"count":3628,"filter":"raw","image":""},{"term_id":5,"name":"Internetzeitung","slug":"internetzeitung","term_group":0,"term_taxonomy_id":5,"taxonomy":"post_tag","description":"","parent":0,"count":1461,"filter":"raw","image":""},{"term_id":6,"name":"Ludwigsburg","slug":"ludwigsburg","term_group":0,"term_taxonomy_id":6,"taxonomy":"post_tag","description":"","parent":0,"count":180,"filter":"raw","image":""},{"term_id":68,"name":"Online-Zeitung","slug":"online-zeitung","term_group":0,"term_taxonomy_id":69,"taxonomy":"post_tag","description":"","parent":0,"count":3598,"filter":"raw","image":""},{"term_id":9,"name":"SchauMedia","slug":"schaumedia","term_group":0,"term_taxonomy_id":9,"taxonomy":"post_tag","description":"","parent":0,"count":1607,"filter":"raw","image":""},{"term_id":15012,"name":"schwimmen","slug":"schwimmen","term_group":0,"term_taxonomy_id":15031,"taxonomy":"post_tag","description":"","parent":0,"count":149,"filter":"raw","image":""},{"term_id":14387,"name":"Schwimmverein","slug":"schwimmverein","term_group":0,"term_taxonomy_id":14421,"taxonomy":"post_tag","description":"","parent":0,"count":152,"filter":"raw","image":""},{"term_id":14388,"name":"SVL","slug":"svl","term_group":0,"term_taxonomy_id":14422,"taxonomy":"post_tag","description":"","parent":0,"count":151,"filter":"raw","image":""},{"term_id":17178,"name":"Triathleten","slug":"triathleten","term_group":0,"term_taxonomy_id":17197,"taxonomy":"post_tag","description":"","parent":0,"count":1,"filter":"raw","image":""},{"term_id":17079,"name":"Triathlon","slug":"triathlon","term_group":0,"term_taxonomy_id":17098,"taxonomy":"post_tag","description":"","parent":0,"count":15,"filter":"raw","image":""}]},"_links":{"self":[{"href":"https:\/\/die-webzeitung.de\/stuttgart\/wp-json\/wp\/v2\/posts\/143971","targetHints":{"allow":["GET"]}}],"collection":[{"href":"https:\/\/die-webzeitung.de\/stuttgart\/wp-json\/wp\/v2\/posts"}],"about":[{"href":"https:\/\/die-webzeitung.de\/stuttgart\/wp-json\/wp\/v2\/types\/post"}],"author":[{"embeddable":true,"href":"https:\/\/die-webzeitung.de\/stuttgart\/wp-json\/wp\/v2\/users\/4"}],"replies":[{"embeddable":true,"href":"https:\/\/die-webzeitung.de\/stuttgart\/wp-json\/wp\/v2\/comments?post=143971"}],"version-history":[{"count":0,"href":"https:\/\/die-webzeitung.de\/stuttgart\/wp-json\/wp\/v2\/posts\/143971\/revisions"}],"wp:attachment":[{"href":"https:\/\/die-webzeitung.de\/stuttgart\/wp-json\/wp\/v2\/media?parent=143971"}],"wp:term":[{"taxonomy":"category","embeddable":true,"href":"https:\/\/die-webzeitung.de\/stuttgart\/wp-json\/wp\/v2\/categories?post=143971"},{"taxonomy":"post_tag","embeddable":true,"href":"https:\/\/die-webzeitung.de\/stuttgart\/wp-json\/wp\/v2\/tags?post=143971"}],"curies":[{"name":"wp","href":"https:\/\/api.w.org\/{rel}","templated":true}]}}