{"id":143953,"date":"2021-11-08T17:48:43","date_gmt":"2021-11-08T16:48:43","guid":{"rendered":"https:\/\/die-webzeitung.de\/stuttgart\/?p=143953"},"modified":"2021-11-08T17:50:04","modified_gmt":"2021-11-08T16:50:04","slug":"stuttgart-21-naechster-grosser-tunnel-im-rohbau-fertig","status":"publish","type":"post","link":"https:\/\/die-webzeitung.de\/stuttgart\/2021\/11\/08\/stuttgart-21-naechster-grosser-tunnel-im-rohbau-fertig\/","title":{"rendered":"Stuttgart 21: N\u00e4chster gro\u00dfer Tunnel im Rohbau fertig"},"content":{"rendered":"<p style=\"text-align: justify;\">Stuttgart.| Das Bahnprojekt Stuttgart\u2013Ulm nimmt auch im Stuttgarter Talkessel immer mehr Gestalt an: Der n\u00e4chste gro\u00dfe Stuttgart-21-Tunnel ist bereit f\u00fcr den Gleisbau. Die Deutsche Bahn hat im Tunnel Bad Cannstatt den letzten Block der Innenschale betoniert und dort somit die R\u00f6hren im Rohbau ann\u00e4hernd fertiggestellt. Bereits in wenigen Wochen werden auch im Tunnel Bad Cannstatt die Gleisbauer anr\u00fccken.<\/p>\n<p style=\"text-align: justify;\">Die letzten Kubikmeter Beton f\u00fcr den letzten Block der Innenschale auf diesem Abschnitt sind am Montag, 8. November 2021, am Portal Rosenstein des neuen S-Bahn-Tunnels geflossen.<\/p>\n<p style=\"text-align: justify;\">\u201eBei Stuttgart 21 sieht es jetzt immer mehr nach Eisenbahn aus. Der Abschluss der Rohbauarbeiten und der Beginn des Gleisbaus beim Tunnel Bad Cannstatt sind das n\u00e4chste starke Signal daf\u00fcr, dass wir die Inbetriebnahme des neu geordneten Stuttgarter Bahnknotens 2025 fest im Blick haben\u201c, sagt Olaf Drescher, Vorsitzender der Gesch\u00e4ftsf\u00fchrung der DB Projekt Stuttgart\u2013Ulm GmbH.<\/p>\n<p style=\"text-align: justify;\">Die Fernbahnr\u00f6hren des Tunnel Bad Cannstatt (3.507 Meter) werden zusammen mit der neuen Br\u00fccke \u00fcber den Neckar den k\u00fcnftigen Stuttgarter Hauptbahnhof mit den bestehenden Bahnstrecken im Bereich Bad Cannstatt verbinden. Der S-Bahn-Tunnel zwischen der Neckarbr\u00fccke und der neuen Haltestelle Mittnachtstra\u00dfe bildet auf 1.170 Metern den \u00fcberwiegend bergm\u00e4nnisch gebauten Teil der k\u00fcnftigen Trasse f\u00fcr die S-Bahn.<\/p>\n<p style=\"text-align: justify;\">Die insgesamt \u00fcber 50 Kilometer Tunnel f\u00fcr Stuttgart 21 im Stuttgarter Talkessel sind nahezu fertig vorgetrieben, im Tunnel Feuerbach verlegt die Bahn seit knapp vier Wochen die ersten S21-Schienen. Insgesamt werden im Projekt Stuttgart 21 rund 120 Kilometer Gleis gebaut. Daf\u00fcr bedarf es 240 Kilometer Schienen.<\/p>\n<hr \/>\n<p style=\"text-align: justify;\">\n","protected":false},"excerpt":{"rendered":"<p>Stuttgart.| Das Bahnprojekt Stuttgart\u2013Ulm nimmt auch im Stuttgarter Talkessel immer mehr Gestalt an: Der n\u00e4chste gro\u00dfe Stuttgart-21-Tunnel ist bereit f\u00fcr den Gleisbau. Die Deutsche Bahn hat im Tunnel Bad Cannstatt den letzten Block der Innenschale betoniert und dort somit die R\u00f6hren im Rohbau ann\u00e4hernd fertiggestellt. Bereits in wenigen Wochen werden auch im Tunnel Bad Cannstatt [&hellip;]<\/p>\n","protected":false},"author":4,"featured_media":143954,"comment_status":"closed","ping_status":"open","sticky":false,"template":"","format":"standard","meta":{"inline_featured_image":false,"_exactmetrics_skip_tracking":false,"_exactmetrics_sitenote_active":false,"_exactmetrics_sitenote_note":"","_exactmetrics_sitenote_category":0,"footnotes":""},"categories":[59,2239],"tags":[3252,14857,5,68,12343,9,275,1086],"class_list":{"0":"post-143953","1":"post","2":"type-post","3":"status-publish","4":"format-standard","5":"has-post-thumbnail","7":"category-aktuell","8":"category-stuttgart-lokal","9":"tag-cannstatt","10":"tag-die-webzeitung","11":"tag-internetzeitung","12":"tag-online-zeitung","13":"tag-s-21","14":"tag-schaumedia","15":"tag-stuttgart","16":"tag-tunnel"},"image_feature":"https:\/\/die-webzeitung.de\/stuttgart\/wp-content\/uploads\/sites\/4\/2021\/11\/tunnelcannstatt.jpg","author_name":"Redaktion","pure_taxonomies":{"categories":[{"term_id":59,"name":"Aktuell","slug":"aktuell","term_group":0,"term_taxonomy_id":60,"taxonomy":"category","description":"","parent":0,"count":1018,"filter":"raw","image":""},{"term_id":2239,"name":"Stuttgart","slug":"stuttgart-lokal","term_group":0,"term_taxonomy_id":2252,"taxonomy":"category","description":"Berichte und Informationen aus Stuttgart","parent":1433,"count":943,"filter":"raw","image":""}],"tags":[{"term_id":3252,"name":"Cannstatt","slug":"cannstatt","term_group":0,"term_taxonomy_id":3267,"taxonomy":"post_tag","description":"","parent":0,"count":12,"filter":"raw","image":""},{"term_id":14857,"name":"Die-Webzeitung","slug":"die-webzeitung","term_group":0,"term_taxonomy_id":14876,"taxonomy":"post_tag","description":"","parent":0,"count":3628,"filter":"raw","image":""},{"term_id":5,"name":"Internetzeitung","slug":"internetzeitung","term_group":0,"term_taxonomy_id":5,"taxonomy":"post_tag","description":"","parent":0,"count":1461,"filter":"raw","image":""},{"term_id":68,"name":"Online-Zeitung","slug":"online-zeitung","term_group":0,"term_taxonomy_id":69,"taxonomy":"post_tag","description":"","parent":0,"count":3598,"filter":"raw","image":""},{"term_id":12343,"name":"S 21","slug":"s-21","term_group":0,"term_taxonomy_id":12381,"taxonomy":"post_tag","description":"","parent":0,"count":2,"filter":"raw","image":""},{"term_id":9,"name":"SchauMedia","slug":"schaumedia","term_group":0,"term_taxonomy_id":9,"taxonomy":"post_tag","description":"","parent":0,"count":1607,"filter":"raw","image":""},{"term_id":275,"name":"Stuttgart","slug":"stuttgart","term_group":0,"term_taxonomy_id":281,"taxonomy":"post_tag","description":"","parent":0,"count":1196,"filter":"raw","image":""},{"term_id":1086,"name":"Tunnel","slug":"tunnel","term_group":0,"term_taxonomy_id":1095,"taxonomy":"post_tag","description":"","parent":0,"count":11,"filter":"raw","image":""}]},"_links":{"self":[{"href":"https:\/\/die-webzeitung.de\/stuttgart\/wp-json\/wp\/v2\/posts\/143953","targetHints":{"allow":["GET"]}}],"collection":[{"href":"https:\/\/die-webzeitung.de\/stuttgart\/wp-json\/wp\/v2\/posts"}],"about":[{"href":"https:\/\/die-webzeitung.de\/stuttgart\/wp-json\/wp\/v2\/types\/post"}],"author":[{"embeddable":true,"href":"https:\/\/die-webzeitung.de\/stuttgart\/wp-json\/wp\/v2\/users\/4"}],"replies":[{"embeddable":true,"href":"https:\/\/die-webzeitung.de\/stuttgart\/wp-json\/wp\/v2\/comments?post=143953"}],"version-history":[{"count":1,"href":"https:\/\/die-webzeitung.de\/stuttgart\/wp-json\/wp\/v2\/posts\/143953\/revisions"}],"predecessor-version":[{"id":143955,"href":"https:\/\/die-webzeitung.de\/stuttgart\/wp-json\/wp\/v2\/posts\/143953\/revisions\/143955"}],"wp:featuredmedia":[{"embeddable":true,"href":"https:\/\/die-webzeitung.de\/stuttgart\/wp-json\/wp\/v2\/media\/143954"}],"wp:attachment":[{"href":"https:\/\/die-webzeitung.de\/stuttgart\/wp-json\/wp\/v2\/media?parent=143953"}],"wp:term":[{"taxonomy":"category","embeddable":true,"href":"https:\/\/die-webzeitung.de\/stuttgart\/wp-json\/wp\/v2\/categories?post=143953"},{"taxonomy":"post_tag","embeddable":true,"href":"https:\/\/die-webzeitung.de\/stuttgart\/wp-json\/wp\/v2\/tags?post=143953"}],"curies":[{"name":"wp","href":"https:\/\/api.w.org\/{rel}","templated":true}]}}