{"id":143915,"date":"2021-11-04T17:38:43","date_gmt":"2021-11-04T16:38:43","guid":{"rendered":"https:\/\/die-webzeitung.de\/stuttgart\/2021\/11\/04\/whs-feiert-richtfest-in-schondorf-am-ammersee\/"},"modified":"2021-11-04T17:38:43","modified_gmt":"2021-11-04T16:38:43","slug":"whs-feiert-richtfest-in-schondorf-am-ammersee","status":"publish","type":"post","link":"https:\/\/die-webzeitung.de\/stuttgart\/2021\/11\/04\/whs-feiert-richtfest-in-schondorf-am-ammersee\/","title":{"rendered":"WHS feiert Richtfest in Schondorf am Ammersee"},"content":{"rendered":"<p style=\"text-align: justify;\">Auf dem ehemaligen PRIX-Areal in Schondorf am Ammersee realisiert die W\u00fcstenrot Haus- und St\u00e4dtebau GmbH (WHS) ein vielf\u00e4ltiges Quartier. Gebaut werden Zwei- bis Vier-Zimmer-Eigentumswohnungen mit Wohnfl\u00e4chen von rund 46 bis 94 Quadratmetern sowie Reihenh\u00e4user, darunter Galerie-Eckh\u00e4user mit separat zug\u00e4nglicher Einliegerwohnung von rund 175 bis 202 Quadratmetern Wohnfl\u00e4che.<\/p>\n<p style=\"text-align: justify;\">Besonders attraktiv ist die Lage am Westufer des Ammersees, nur wenige Gehminuten von der Uferpromenade entfernt. Neben der Lage punktet auch der Aufbau des Quartiers: Die einzelnen Wohngeb\u00e4ude werden locker auf dem Grundst\u00fcck platziert. \u201eSo entstehen zwischen den H\u00e4usern gro\u00dfz\u00fcgige und gr\u00fcne Freir\u00e4ume, die f\u00fcr maximale Privatsph\u00e4re und hohe Aufenthaltsqualit\u00e4t auf den privaten Au\u00dfenbereichen jeder Wohneinheit sorgen\u201c, sagte Marc Bosch, Gesch\u00e4ftsf\u00fchrer der WHS, j\u00fcngst anl\u00e4sslich des Richtfests. Vertreten waren neben dem Gesch\u00e4ftsf\u00fchrer und einer WHS-Delegation auch B\u00fcrgermeister Alexander Herrmann und die Handwerker des Bauvorhabens.<\/p>\n<p style=\"text-align: justify;\">F\u00fcr die WHS ist es nicht das erste Projekt in der Region. Sie hat als Tochterunternehmen der W\u00fcstenrot &amp; W\u00fcrttembergische-Gruppe ihren Hauptsitz zwar in Ludwigsburg, doch der Immobilienspezialist ist \u00fcberregional t\u00e4tig \u2013 mit Gesch\u00e4ftsstellen in den Ballungsr\u00e4umen Dresden, Frankfurt am Main, Hannover, Karlsruhe, K\u00f6ln und M\u00fcnchen. In Schondorf am Ammersee sind unterdessen alle H\u00e4user verkauft und nur noch wenige Wohnungen verf\u00fcgbar. \u201eDer Vertrieb l\u00e4uft ausgezeichnet. Wer jetzt noch Interesse hat, sollte schnell sein\u201c, sagt Marcus Ziemer, ebenfalls Gesch\u00e4ftsf\u00fchrer der WHS.<\/p>\n<hr \/>\n<p style=\"text-align: justify;\">\n","protected":false},"excerpt":{"rendered":"<p>Auf dem ehemaligen PRIX-Areal in Schondorf am Ammersee realisiert die W\u00fcstenrot Haus- und St\u00e4dtebau GmbH (WHS) ein vielf\u00e4ltiges Quartier. Gebaut werden Zwei- bis Vier-Zimmer-Eigentumswohnungen mit Wohnfl\u00e4chen von rund 46 bis 94 Quadratmetern sowie Reihenh\u00e4user, darunter Galerie-Eckh\u00e4user mit separat zug\u00e4nglicher Einliegerwohnung von rund 175 bis 202 Quadratmetern Wohnfl\u00e4che. Besonders attraktiv ist die Lage am Westufer des [&hellip;]<\/p>\n","protected":false},"author":4,"featured_media":0,"comment_status":"closed","ping_status":"open","sticky":false,"template":"","format":"standard","meta":{"inline_featured_image":false,"_exactmetrics_skip_tracking":false,"_exactmetrics_sitenote_active":false,"_exactmetrics_sitenote_note":"","_exactmetrics_sitenote_category":0,"footnotes":""},"categories":[479],"tags":[17173,14857,5,68,12786,9,17174,2018,19],"class_list":{"0":"post-143915","1":"post","2":"type-post","3":"status-publish","4":"format-standard","6":"category-wirtschaft","7":"tag-ammersee","8":"tag-die-webzeitung","9":"tag-internetzeitung","10":"tag-online-zeitung","11":"tag-richtfest","12":"tag-schaumedia","13":"tag-schondorf","14":"tag-whs","15":"tag-wustenrot"},"image_feature":null,"author_name":"Redaktion","pure_taxonomies":{"categories":[{"term_id":479,"name":"Wirtschaft","slug":"wirtschaft","term_group":0,"term_taxonomy_id":1941,"taxonomy":"category","description":"","parent":0,"count":282,"filter":"raw","image":""}],"tags":[{"term_id":17173,"name":"Ammersee","slug":"ammersee","term_group":0,"term_taxonomy_id":17192,"taxonomy":"post_tag","description":"","parent":0,"count":1,"filter":"raw","image":""},{"term_id":14857,"name":"Die-Webzeitung","slug":"die-webzeitung","term_group":0,"term_taxonomy_id":14876,"taxonomy":"post_tag","description":"","parent":0,"count":3628,"filter":"raw","image":""},{"term_id":5,"name":"Internetzeitung","slug":"internetzeitung","term_group":0,"term_taxonomy_id":5,"taxonomy":"post_tag","description":"","parent":0,"count":1461,"filter":"raw","image":""},{"term_id":68,"name":"Online-Zeitung","slug":"online-zeitung","term_group":0,"term_taxonomy_id":69,"taxonomy":"post_tag","description":"","parent":0,"count":3598,"filter":"raw","image":""},{"term_id":12786,"name":"Richtfest","slug":"richtfest","term_group":0,"term_taxonomy_id":12827,"taxonomy":"post_tag","description":"","parent":0,"count":5,"filter":"raw","image":""},{"term_id":9,"name":"SchauMedia","slug":"schaumedia","term_group":0,"term_taxonomy_id":9,"taxonomy":"post_tag","description":"","parent":0,"count":1607,"filter":"raw","image":""},{"term_id":17174,"name":"Schondorf","slug":"schondorf","term_group":0,"term_taxonomy_id":17193,"taxonomy":"post_tag","description":"","parent":0,"count":1,"filter":"raw","image":""},{"term_id":2018,"name":"WHS","slug":"whs","term_group":0,"term_taxonomy_id":2030,"taxonomy":"post_tag","description":"","parent":0,"count":24,"filter":"raw","image":""},{"term_id":19,"name":"W\u00fcstenrot","slug":"wustenrot","term_group":0,"term_taxonomy_id":19,"taxonomy":"post_tag","description":"","parent":0,"count":171,"filter":"raw","image":""}]},"_links":{"self":[{"href":"https:\/\/die-webzeitung.de\/stuttgart\/wp-json\/wp\/v2\/posts\/143915","targetHints":{"allow":["GET"]}}],"collection":[{"href":"https:\/\/die-webzeitung.de\/stuttgart\/wp-json\/wp\/v2\/posts"}],"about":[{"href":"https:\/\/die-webzeitung.de\/stuttgart\/wp-json\/wp\/v2\/types\/post"}],"author":[{"embeddable":true,"href":"https:\/\/die-webzeitung.de\/stuttgart\/wp-json\/wp\/v2\/users\/4"}],"replies":[{"embeddable":true,"href":"https:\/\/die-webzeitung.de\/stuttgart\/wp-json\/wp\/v2\/comments?post=143915"}],"version-history":[{"count":0,"href":"https:\/\/die-webzeitung.de\/stuttgart\/wp-json\/wp\/v2\/posts\/143915\/revisions"}],"wp:attachment":[{"href":"https:\/\/die-webzeitung.de\/stuttgart\/wp-json\/wp\/v2\/media?parent=143915"}],"wp:term":[{"taxonomy":"category","embeddable":true,"href":"https:\/\/die-webzeitung.de\/stuttgart\/wp-json\/wp\/v2\/categories?post=143915"},{"taxonomy":"post_tag","embeddable":true,"href":"https:\/\/die-webzeitung.de\/stuttgart\/wp-json\/wp\/v2\/tags?post=143915"}],"curies":[{"name":"wp","href":"https:\/\/api.w.org\/{rel}","templated":true}]}}