{"id":143828,"date":"2021-10-27T16:08:17","date_gmt":"2021-10-27T15:08:17","guid":{"rendered":"https:\/\/die-webzeitung.de\/stuttgart\/?p=143828"},"modified":"2021-10-27T16:08:17","modified_gmt":"2021-10-27T15:08:17","slug":"kontrolle-bei-stuttgarter-betrieben-aus-der-kfz-branche","status":"publish","type":"post","link":"https:\/\/die-webzeitung.de\/stuttgart\/2021\/10\/27\/kontrolle-bei-stuttgarter-betrieben-aus-der-kfz-branche\/","title":{"rendered":"Kontrolle bei Stuttgarter Betrieben aus der Kfz-Branche"},"content":{"rendered":"<h5 style=\"text-align: justify;\"><strong>Unangek\u00fcndigte Kontrollbesuche durch Handwerkskammer, Gewerbebeh\u00f6rde und Polizeipr\u00e4sidium<\/strong><\/h5>\n<p style=\"text-align: justify;\">Stuttgart.| Am 21. Oktober f\u00fchrte die Handwerkskammer Region Stuttgart gemeinsam mit der Gewerbebeh\u00f6rde des Amts f\u00fcr \u00f6ffentliche Ordnung Stuttgart und der Abteilung Gewerbe und Umwelt des Polizeipr\u00e4sidiums Stuttgart bei einer Vielzahl von Betrieben aus der Kfz-Branche Kontrollen durch. Das Ziel der unangek\u00fcndigten \u00dcberpr\u00fcfungen im Stadtkreis Stuttgart war es, Verdachtsf\u00e4lle auf Verst\u00f6\u00dfe nach Gewerbe- und Handwerksordnung zu kontrollieren und Ordnungswidrigkeiten zu ahnden. In mehreren F\u00e4llen wurden bu\u00dfgeldpflichtige Vergehen festgestellt \u2013 zudem wurde eine Straftat aufgenommen.<\/p>\n<p style=\"text-align: justify;\">\u201eEine unerlaubte Handwerksaus\u00fcbung liegt dann vor, wenn Dienst- oder Werkleistungen erbracht werden, ohne dass eine erforderliche gewerberechtliche Anmeldung vorgenommen wurde bzw. ein zulassungspflichtiges Handwerk ohne Eintragung in die Handwerksrolle betrieben wird\u201c, erl\u00e4utert Volker S\u00fcssmuth, Rechtsberater bei der Handwerkskammer Region Stuttgart. Um Nachteilen insbesondere f\u00fcr zugeh\u00f6rige Handwerksunternehmen entgegenzuwirken, setzt sich die Handwerkskammer Region Stuttgart im Kampf gegen die Schwarzarbeit im Bereich der unerlaubten Handwerksaus\u00fcbung aktiv ein und pflegt eine enge Kooperation mit den Ermittlungsbeh\u00f6rden. \u201eZiel dabei ist es, Strategien und daraus folgende Ma\u00dfnahmen weiterzuentwickeln, um Schwarzarbeit und unerlaubte Handwerksaus\u00fcbung m\u00f6glichst fr\u00fchzeitig zu unterbinden beziehungsweise aufzudecken und entsprechende rechtliche Schritte einleiten zu k\u00f6nnen.\u201c<\/p>\n<p style=\"text-align: justify;\">Im Rahmen der Vor-Ort-Kontrollen im Bereich der sogenannten Auto-Reifen-Branche wurden verschiedene Verdachtsf\u00e4lle untersucht. Dabei wurde beispielsweise mehrfach durch die Au\u00dfenwerbung oder den Internetauftritt f\u00fcr Leistungen wie Karosseriebau oder Fahrzeuglackierung geworben, die dem zulassungspflichtigen Kfz-Handwerk zuzuordnen sind \u2013 die Betriebe erf\u00fcllten diese Voraussetzungen allerdings nicht. Ordnungswidrigkeiten konnten insgesamt in drei Betrieben festgestellt werden \u2013 in einem Fall ist es zu einer Gewerbeuntersagung gekommen. Auch eine Straftat konnte nachgewiesen werden: Unerlaubter Umgang mit Abf\u00e4llen, wobei es sich um Altfahrzeuge handelte. In weiteren F\u00e4llen besteht der Verdacht auf Ordnungswidrigkeiten sowie Straftaten, sodass weitergehende Ermittlungen notwendig sind.<\/p>\n<p style=\"text-align: justify;\">\u201eEine Grund\u00fcberzeugung gilt auch in der Handwerksbranche: Eine Regel ist nur so gut, wie sie auch \u00fcberwacht wird\u201c, betont Benno Bartosch, Sachgebietsleiter Gewerberecht des Stuttgarter Ordnungsamtes. Deswegen seien Aktionen wie diese notwendig. \u201eDie Kontrollen werden nicht nur wegen geringf\u00fcgigen Qualifikationsaspekten durchgef\u00fchrt, sondern vor allem aufgrund des Aspekts der Sicherheit.\u201c Wenn beispielsweise Bremsen unsachgem\u00e4\u00df montiert seien, k\u00f6nne jederzeit ein Unfall passieren \u2013 und Unschuldige zu Schaden kommen.<\/p>\n<p style=\"text-align: justify;\">Patric Frankenhauser, der mit seinem Team den Einsatz von Seiten des Polizeipr\u00e4sidiums Stuttgart begleitete, zieht ein positives Fazit: \u201eDie gemeinsamen Vor-Ort-Kontrollen haben sich bew\u00e4hrt. Es ist wichtig, dass wir als Verbund ein Zeichen setzen.\u201c Auch von einigen betroffenen Gewerbetreibenden sei die Aktion positiv wahrgenommen worden, denn durch die \u00dcberpr\u00fcfungen werden Wettbewerbsverst\u00f6\u00dfe verhindert und somit die legale Wirtschaft gef\u00f6rdert.<\/p>\n<hr \/>\n<p style=\"text-align: justify;\">\n","protected":false},"excerpt":{"rendered":"<p>Unangek\u00fcndigte Kontrollbesuche durch Handwerkskammer, Gewerbebeh\u00f6rde und Polizeipr\u00e4sidium Stuttgart.| Am 21. Oktober f\u00fchrte die Handwerkskammer Region Stuttgart gemeinsam mit der Gewerbebeh\u00f6rde des Amts f\u00fcr \u00f6ffentliche Ordnung Stuttgart und der Abteilung Gewerbe und Umwelt des Polizeipr\u00e4sidiums Stuttgart bei einer Vielzahl von Betrieben aus der Kfz-Branche Kontrollen durch. Das Ziel der unangek\u00fcndigten \u00dcberpr\u00fcfungen im Stadtkreis Stuttgart war es, [&hellip;]<\/p>\n","protected":false},"author":4,"featured_media":0,"comment_status":"closed","ping_status":"open","sticky":false,"template":"","format":"standard","meta":{"inline_featured_image":false,"_exactmetrics_skip_tracking":false,"_exactmetrics_sitenote_active":false,"_exactmetrics_sitenote_note":"","_exactmetrics_sitenote_category":0,"footnotes":""},"categories":[59,2239],"tags":[14857,5,17163,2134,68,9,275],"class_list":{"0":"post-143828","1":"post","2":"type-post","3":"status-publish","4":"format-standard","6":"category-aktuell","7":"category-stuttgart-lokal","8":"tag-die-webzeitung","9":"tag-internetzeitung","10":"tag-kfz-gewerbe","11":"tag-kontrolle","12":"tag-online-zeitung","13":"tag-schaumedia","14":"tag-stuttgart"},"image_feature":null,"author_name":"Redaktion","pure_taxonomies":{"categories":[{"term_id":59,"name":"Aktuell","slug":"aktuell","term_group":0,"term_taxonomy_id":60,"taxonomy":"category","description":"","parent":0,"count":1018,"filter":"raw","image":""},{"term_id":2239,"name":"Stuttgart","slug":"stuttgart-lokal","term_group":0,"term_taxonomy_id":2252,"taxonomy":"category","description":"Berichte und Informationen aus Stuttgart","parent":1433,"count":943,"filter":"raw","image":""}],"tags":[{"term_id":14857,"name":"Die-Webzeitung","slug":"die-webzeitung","term_group":0,"term_taxonomy_id":14876,"taxonomy":"post_tag","description":"","parent":0,"count":3628,"filter":"raw","image":""},{"term_id":5,"name":"Internetzeitung","slug":"internetzeitung","term_group":0,"term_taxonomy_id":5,"taxonomy":"post_tag","description":"","parent":0,"count":1461,"filter":"raw","image":""},{"term_id":17163,"name":"Kfz-Gewerbe","slug":"kfz-gewerbe","term_group":0,"term_taxonomy_id":17182,"taxonomy":"post_tag","description":"","parent":0,"count":1,"filter":"raw","image":""},{"term_id":2134,"name":"Kontrolle","slug":"kontrolle","term_group":0,"term_taxonomy_id":2146,"taxonomy":"post_tag","description":"","parent":0,"count":7,"filter":"raw","image":""},{"term_id":68,"name":"Online-Zeitung","slug":"online-zeitung","term_group":0,"term_taxonomy_id":69,"taxonomy":"post_tag","description":"","parent":0,"count":3598,"filter":"raw","image":""},{"term_id":9,"name":"SchauMedia","slug":"schaumedia","term_group":0,"term_taxonomy_id":9,"taxonomy":"post_tag","description":"","parent":0,"count":1607,"filter":"raw","image":""},{"term_id":275,"name":"Stuttgart","slug":"stuttgart","term_group":0,"term_taxonomy_id":281,"taxonomy":"post_tag","description":"","parent":0,"count":1196,"filter":"raw","image":""}]},"_links":{"self":[{"href":"https:\/\/die-webzeitung.de\/stuttgart\/wp-json\/wp\/v2\/posts\/143828","targetHints":{"allow":["GET"]}}],"collection":[{"href":"https:\/\/die-webzeitung.de\/stuttgart\/wp-json\/wp\/v2\/posts"}],"about":[{"href":"https:\/\/die-webzeitung.de\/stuttgart\/wp-json\/wp\/v2\/types\/post"}],"author":[{"embeddable":true,"href":"https:\/\/die-webzeitung.de\/stuttgart\/wp-json\/wp\/v2\/users\/4"}],"replies":[{"embeddable":true,"href":"https:\/\/die-webzeitung.de\/stuttgart\/wp-json\/wp\/v2\/comments?post=143828"}],"version-history":[{"count":1,"href":"https:\/\/die-webzeitung.de\/stuttgart\/wp-json\/wp\/v2\/posts\/143828\/revisions"}],"predecessor-version":[{"id":143829,"href":"https:\/\/die-webzeitung.de\/stuttgart\/wp-json\/wp\/v2\/posts\/143828\/revisions\/143829"}],"wp:attachment":[{"href":"https:\/\/die-webzeitung.de\/stuttgart\/wp-json\/wp\/v2\/media?parent=143828"}],"wp:term":[{"taxonomy":"category","embeddable":true,"href":"https:\/\/die-webzeitung.de\/stuttgart\/wp-json\/wp\/v2\/categories?post=143828"},{"taxonomy":"post_tag","embeddable":true,"href":"https:\/\/die-webzeitung.de\/stuttgart\/wp-json\/wp\/v2\/tags?post=143828"}],"curies":[{"name":"wp","href":"https:\/\/api.w.org\/{rel}","templated":true}]}}