{"id":143788,"date":"2021-10-23T16:09:32","date_gmt":"2021-10-23T15:09:32","guid":{"rendered":"https:\/\/die-webzeitung.de\/stuttgart\/?p=143788"},"modified":"2021-10-23T16:09:32","modified_gmt":"2021-10-23T15:09:32","slug":"haus-grund-mitgliederversammlung-2021","status":"publish","type":"post","link":"https:\/\/die-webzeitung.de\/stuttgart\/2021\/10\/23\/haus-grund-mitgliederversammlung-2021\/","title":{"rendered":"Haus &#038; Grund Mitgliederversammlung 2021"},"content":{"rendered":"<h5 style=\"text-align: justify;\"><strong>Die kleine Schwester der Enteignung<\/strong><\/h5>\n<p style=\"text-align: justify;\">Stuttgart.| Von scharfer Kritik an der Wohnungspolitik der \u00f6ko-linken Mehrheit des Gemeinderates war die Mitgliederversammlung von Haus &amp; Grund Stuttgart gepr\u00e4gt, die am Samstag im Hegelsaal der Liederhalle stattgefunden hat. Das von dieser Ratsmehrheit als strategisches Instrument eingesetzte Vorkaufsrecht der Stadt nannte Gesch\u00e4ftsf\u00fchrer Ulrich Wecker \u201edie kleine Schwester der Enteignung\u201c. Auch der Vereinsvorsitzende Dr. Klaus Lang beklagte die bedrohten Rahmenbedingungen f\u00fcr das private Immobilieneigentum, wobei nicht zuletzt linke SPD-Funktion\u00e4re im Bund \u201edas hohe Lied der Sozialisten\u201c anstimmten.<\/p>\n<p style=\"text-align: justify;\">Zur strategischen Ausrichtung der Wohnungsbaupolitik der Landeshauptstadt erinnerte Gesch\u00e4ftsf\u00fchrer Ulrich Wecker daran, dass die aktuell sinkenden Einwohnerzahlen sich bereits 2019, also noch vor der Corona-Pandemie, angedeutet hatten. Der negative Wanderungssaldo sei schon damals \u201eein Vorbote des Wandels in der Automobilindustrie\u201c gewesen. Eine Tendenz, die nun angesichts von Stellenstreichungen in der Branche noch deutlicher werde. Dementsprechend sei nun auch die von den Statistikern der Stadt erstellte Wohnungsbedarfsprognose zur\u00fcckhaltender ausgefallen. F\u00fcr den geforderten Wohnungsneubau bedeute dies: \u201eRunter vom Gaspedal, aber nicht gleichzeitig auf die Bremse treten.\u201c Erfreut zeigte sich die Vereinsf\u00fchrung, dass der neue Oberb\u00fcrgermeister das B\u00fcndnis f\u00fcr Wohnen wieder habe aufleben lassen.<\/p>\n<p style=\"text-align: justify;\"><strong>Schleichende Umverteilung wird immer deutlicher sichtbar<\/strong><\/p>\n<p style=\"text-align: justify;\">Befremdlich nannte Wecker den in Stuttgart \u201eimmer lauter werdenden Ruf nach der starken, aktiven Stadt auf dem Immobilienmarkt\u201c mit dem Ziel, \u00fcber die Stuttgarter Wohnungs- und St\u00e4dtebaugesellschaft (SWSG) umf\u00e4nglich Wohnungen zu kaufen, zu bauen und zu vermieten. Ziel seien 30.000 Wohnungen in kommunaler Hand und damit 10 % des Wohnungsmarktes. Die \u201eneueste Masche\u201c sei hier das Aus\u00fcben von Vorkaufsrechten, wodurch aber keine einzige zus\u00e4tzliche Wohnung geschaffen werde. Dabei seien SWSG-Wohnung sch\u00e4tzungsweise schon jetzt zu einem Drittel g\u00fcnstig an Personen vergeben, \u201ebei denen keine nachgewiesene Bed\u00fcrftigkeit besteht\u201c. Insgesamt beschrieb der Gesch\u00e4ftsf\u00fchrer von Haus &amp; Grund Stuttgart \u201eeine verdeckte Umverteilung, die noch schleichend, aber immer deutlicher zutage tritt\u201c. Deshalb werde es Zeit, \u201edass sich die b\u00fcrgerlichen Fraktionen im Gemeinderat dem lautstark entgegenstellen\u201c. Dies gelte auch f\u00fcr die sogenannten Milieuschutzsatzungen, die Investitionen in den Werterhalt des Wohnungsbestandes untergraben w\u00fcrden. Wecker brachte die Lage auf den Punkt: \u201eDie Eigentumsfreiheit stirbt still und scheibchenweise.\u201c<\/p>\n<p style=\"text-align: justify;\">In seinem Gesch\u00e4ftsbericht wies der Vereinsvorsitzende Dr. Klaus Lang darauf hin, dass die \u00f6ko-linke Mehrheit des Gemeinderates die f\u00fcr 2019 erreichte Senkung der Grundsteuer im Folgejahr r\u00fcckg\u00e4ngig gemacht und so Mieter und Vermieter mit zus\u00e4tzlich 28 Mio. Euro im Jahr belastet habe. F\u00fcr die anstehenden Haushaltsberatungen mahnte Dr. Lang an, dass nun \u201ezumindest eine Erh\u00f6hung au\u00dferhalb jeglicher Diskussion\u201c stehen m\u00fcsse. Im \u00dcbrigen gelte: \u201eNicht alles, was w\u00fcnschenswert ist, ist auch finanzierbar.\u201c<\/p>\n<p style=\"text-align: justify;\">F\u00fcr den Verein erfreulich sei das weiterhin dynamische Wachstum der Mitgliederzahlen. Im vergangenen Jahr traten trotz Corona \u00fcber 1.200 Eigent\u00fcmer bei, im Saldo wuchs der Verein um 419 Mitglieder auf mittlerweile \u00fcber 22.000. Daf\u00fcr war Haus &amp; Grund Stuttgart zum achten Mal in Folge vom Zentralverband ausgezeichnet worden. Erfreulich sei ebenfalls, dass sich Immobilieneigentum \u201eauch in Zeiten der Pandemie als wertstabil\u201c erweise.<\/p>\n<p style=\"text-align: justify;\">Bei den turnusgem\u00e4\u00df anstehenden Erg\u00e4nzungswahlen f\u00fcr den Vereinsausschuss wurden Dr. Christine Bechtle-Kobarg, Roland Schmid und Stephan Schorn einstimmig gew\u00e4hlt. Der Modernisierung der alten, noch aus dem Jahr 1946 stammenden Vereinssatzung wurde von den 59 stimmberechtigten Mitgliedern bei einer Gegenstimme und zwei Enthaltungen zugestimmt.<\/p>\n<hr \/>\n<p style=\"text-align: justify;\">\n","protected":false},"excerpt":{"rendered":"<p>Die kleine Schwester der Enteignung Stuttgart.| Von scharfer Kritik an der Wohnungspolitik der \u00f6ko-linken Mehrheit des Gemeinderates war die Mitgliederversammlung von Haus &amp; Grund Stuttgart gepr\u00e4gt, die am Samstag im Hegelsaal der Liederhalle stattgefunden hat. Das von dieser Ratsmehrheit als strategisches Instrument eingesetzte Vorkaufsrecht der Stadt nannte Gesch\u00e4ftsf\u00fchrer Ulrich Wecker \u201edie kleine Schwester der Enteignung\u201c. [&hellip;]<\/p>\n","protected":false},"author":4,"featured_media":0,"comment_status":"closed","ping_status":"open","sticky":false,"template":"","format":"standard","meta":{"inline_featured_image":false,"_exactmetrics_skip_tracking":false,"_exactmetrics_sitenote_active":false,"_exactmetrics_sitenote_note":"","_exactmetrics_sitenote_category":0,"footnotes":""},"categories":[59,2239],"tags":[14857,11944,38,5,68,9,275],"class_list":{"0":"post-143788","1":"post","2":"type-post","3":"status-publish","4":"format-standard","6":"category-aktuell","7":"category-stuttgart-lokal","8":"tag-die-webzeitung","9":"tag-grund","10":"tag-haus","11":"tag-internetzeitung","12":"tag-online-zeitung","13":"tag-schaumedia","14":"tag-stuttgart"},"image_feature":null,"author_name":"Redaktion","pure_taxonomies":{"categories":[{"term_id":59,"name":"Aktuell","slug":"aktuell","term_group":0,"term_taxonomy_id":60,"taxonomy":"category","description":"","parent":0,"count":1018,"filter":"raw","image":""},{"term_id":2239,"name":"Stuttgart","slug":"stuttgart-lokal","term_group":0,"term_taxonomy_id":2252,"taxonomy":"category","description":"Berichte und Informationen aus Stuttgart","parent":1433,"count":943,"filter":"raw","image":""}],"tags":[{"term_id":14857,"name":"Die-Webzeitung","slug":"die-webzeitung","term_group":0,"term_taxonomy_id":14876,"taxonomy":"post_tag","description":"","parent":0,"count":3628,"filter":"raw","image":""},{"term_id":11944,"name":"Grund","slug":"grund","term_group":0,"term_taxonomy_id":11982,"taxonomy":"post_tag","description":"","parent":0,"count":4,"filter":"raw","image":""},{"term_id":38,"name":"Haus","slug":"haus","term_group":0,"term_taxonomy_id":38,"taxonomy":"post_tag","description":"","parent":0,"count":11,"filter":"raw","image":""},{"term_id":5,"name":"Internetzeitung","slug":"internetzeitung","term_group":0,"term_taxonomy_id":5,"taxonomy":"post_tag","description":"","parent":0,"count":1461,"filter":"raw","image":""},{"term_id":68,"name":"Online-Zeitung","slug":"online-zeitung","term_group":0,"term_taxonomy_id":69,"taxonomy":"post_tag","description":"","parent":0,"count":3598,"filter":"raw","image":""},{"term_id":9,"name":"SchauMedia","slug":"schaumedia","term_group":0,"term_taxonomy_id":9,"taxonomy":"post_tag","description":"","parent":0,"count":1607,"filter":"raw","image":""},{"term_id":275,"name":"Stuttgart","slug":"stuttgart","term_group":0,"term_taxonomy_id":281,"taxonomy":"post_tag","description":"","parent":0,"count":1196,"filter":"raw","image":""}]},"_links":{"self":[{"href":"https:\/\/die-webzeitung.de\/stuttgart\/wp-json\/wp\/v2\/posts\/143788","targetHints":{"allow":["GET"]}}],"collection":[{"href":"https:\/\/die-webzeitung.de\/stuttgart\/wp-json\/wp\/v2\/posts"}],"about":[{"href":"https:\/\/die-webzeitung.de\/stuttgart\/wp-json\/wp\/v2\/types\/post"}],"author":[{"embeddable":true,"href":"https:\/\/die-webzeitung.de\/stuttgart\/wp-json\/wp\/v2\/users\/4"}],"replies":[{"embeddable":true,"href":"https:\/\/die-webzeitung.de\/stuttgart\/wp-json\/wp\/v2\/comments?post=143788"}],"version-history":[{"count":1,"href":"https:\/\/die-webzeitung.de\/stuttgart\/wp-json\/wp\/v2\/posts\/143788\/revisions"}],"predecessor-version":[{"id":143789,"href":"https:\/\/die-webzeitung.de\/stuttgart\/wp-json\/wp\/v2\/posts\/143788\/revisions\/143789"}],"wp:attachment":[{"href":"https:\/\/die-webzeitung.de\/stuttgart\/wp-json\/wp\/v2\/media?parent=143788"}],"wp:term":[{"taxonomy":"category","embeddable":true,"href":"https:\/\/die-webzeitung.de\/stuttgart\/wp-json\/wp\/v2\/categories?post=143788"},{"taxonomy":"post_tag","embeddable":true,"href":"https:\/\/die-webzeitung.de\/stuttgart\/wp-json\/wp\/v2\/tags?post=143788"}],"curies":[{"name":"wp","href":"https:\/\/api.w.org\/{rel}","templated":true}]}}