{"id":143748,"date":"2021-10-19T13:40:09","date_gmt":"2021-10-19T12:40:09","guid":{"rendered":"https:\/\/die-webzeitung.de\/stuttgart\/?p=143748"},"modified":"2021-10-19T13:40:09","modified_gmt":"2021-10-19T12:40:09","slug":"richtfest-fuer-whs-projekt-neckar-flair-wenige-wohnungen-verfuegbar","status":"publish","type":"post","link":"https:\/\/die-webzeitung.de\/stuttgart\/2021\/10\/19\/richtfest-fuer-whs-projekt-neckar-flair-wenige-wohnungen-verfuegbar\/","title":{"rendered":"Richtfest f\u00fcr WHS-Projekt \u201eneckar flair\u201c: Wenige Wohnungen verf\u00fcgbar"},"content":{"rendered":"<p style=\"text-align: justify;\"><strong>21 hochwertige Eigentumswohnungen mit zwei bis f\u00fcnf Zimmern, teilweise Maisonettes, alle mit Terrasse, Balkon oder Loggia baut die W\u00fcstenrot Haus- und St\u00e4dtebau GmbH (WHS) derzeit in Bad Cannstatt. Das Neubauprojekt \u201eneckar flair\u201c soll Singles, Paare und Familien ansprechen und ihnen ein behagliches, zeitgem\u00e4\u00dfes Zuhause bieten \u2013 ganz nah zur Stadt und zur Natur. Nur noch wenige Wohnungen sind verf\u00fcgbar, die meisten sind bereits verkauft.<\/p>\n<p><\/strong>\u201eUnsere k\u00fcnftigen Eigent\u00fcmerinnen und Eigent\u00fcmer finden hier, im Herzen von Bad Cannstatt, in der N\u00e4he zum idyllischen Kurpark und mit dem Neckar direkt vor der Haust\u00fcr, das Beste aus allen Welten: Die Infrastruktur und alle Vorz\u00fcge einer lebendigen Stadt, aber auch viel Gr\u00fcn und die erholsame N\u00e4he zum Wasser\u201c, sagte Alrik von Kolzenberg, Prokurist der WHS und Leiter Wohn- und Gewerbebau, k\u00fcrzlich anl\u00e4sslich des Richtfestes. Dass dies nach nur neun Monaten Bauzeit bereits m\u00f6glich war, verdanke man der professionellen Arbeit von Planerinnen und Planern, vor allem aber den beteiligten Handwerksbetrieben. \u201eEs gilt immer neue Bauvorschriften, Verarbeitungsrichtlinien, Umweltauflagen und auch den ein oder anderen Sonderwunsch zu beachten. Das funktioniert nur, wenn man mit Geschick und Teamgeist zusammenarbeitet\u201c, hob von Kolzenberg hervor. Die Arbeiten erstrecken sich insgesamt \u00fcber zwei Jahre.<\/p>\n<p style=\"text-align: justify;\">Voraussichtlich im Herbst 2022 sollen die k\u00fcnftigen Bewohnerinnen und Bewohner ihr neues Heim beziehen k\u00f6nnen. \u201eNoch sind einige wenige Wohnungen im neuen Stadtensemble verf\u00fcgbar\u201c, sagt WHS-Gesch\u00e4ftsf\u00fchrer Marcus Ziemer. Wer Interesse an einer der hochwertigen neuen Wohnungen mit einer Gr\u00f6\u00dfe zwischen 57 und 117 Quadratmetern habe, m\u00fcsse sich beeilen: \u201eDie Wohnungen sind sehr beliebt!\u201c<\/p>\n<p style=\"text-align: justify;\">Weitere Informationen zum Neubauprojekt gibt es unter <a href=\"http:\/\/neckar-flair.de\" target=\"_blank\" rel=\"noopener\" data-saferedirecturl=\"https:\/\/www.google.com\/url?q=http:\/\/neckar-flair.de&amp;source=gmail&amp;ust=1634732089557000&amp;usg=AFQjCNEwuzLTITWPyZySAuMccnSWgoO0og\">neckar-flair.de<\/a>.<\/p>\n<hr \/>\n<p style=\"text-align: justify;\">\n","protected":false},"excerpt":{"rendered":"<p>21 hochwertige Eigentumswohnungen mit zwei bis f\u00fcnf Zimmern, teilweise Maisonettes, alle mit Terrasse, Balkon oder Loggia baut die W\u00fcstenrot Haus- und St\u00e4dtebau GmbH (WHS) derzeit in Bad Cannstatt. Das Neubauprojekt \u201eneckar flair\u201c soll Singles, Paare und Familien ansprechen und ihnen ein behagliches, zeitgem\u00e4\u00dfes Zuhause bieten \u2013 ganz nah zur Stadt und zur Natur. Nur noch [&hellip;]<\/p>\n","protected":false},"author":4,"featured_media":0,"comment_status":"closed","ping_status":"open","sticky":false,"template":"","format":"standard","meta":{"inline_featured_image":false,"_exactmetrics_skip_tracking":false,"_exactmetrics_sitenote_active":false,"_exactmetrics_sitenote_note":"","_exactmetrics_sitenote_category":0,"footnotes":""},"categories":[2239],"tags":[14857,10561,17156,5,248,68,9,275,2018],"class_list":{"0":"post-143748","1":"post","2":"type-post","3":"status-publish","4":"format-standard","6":"category-stuttgart-lokal","7":"tag-die-webzeitung","8":"tag-eigentumswohnung","9":"tag-flair","10":"tag-internetzeitung","11":"tag-neckar","12":"tag-online-zeitung","13":"tag-schaumedia","14":"tag-stuttgart","15":"tag-whs"},"image_feature":null,"author_name":"Redaktion","pure_taxonomies":{"categories":[{"term_id":2239,"name":"Stuttgart","slug":"stuttgart-lokal","term_group":0,"term_taxonomy_id":2252,"taxonomy":"category","description":"Berichte und Informationen aus Stuttgart","parent":1433,"count":943,"filter":"raw","image":""}],"tags":[{"term_id":14857,"name":"Die-Webzeitung","slug":"die-webzeitung","term_group":0,"term_taxonomy_id":14876,"taxonomy":"post_tag","description":"","parent":0,"count":3628,"filter":"raw","image":""},{"term_id":10561,"name":"Eigentumswohnung","slug":"eigentumswohnung","term_group":0,"term_taxonomy_id":10596,"taxonomy":"post_tag","description":"","parent":0,"count":2,"filter":"raw","image":""},{"term_id":17156,"name":"flair","slug":"flair","term_group":0,"term_taxonomy_id":17175,"taxonomy":"post_tag","description":"","parent":0,"count":1,"filter":"raw","image":""},{"term_id":5,"name":"Internetzeitung","slug":"internetzeitung","term_group":0,"term_taxonomy_id":5,"taxonomy":"post_tag","description":"","parent":0,"count":1461,"filter":"raw","image":""},{"term_id":248,"name":"Neckar","slug":"neckar","term_group":0,"term_taxonomy_id":253,"taxonomy":"post_tag","description":"","parent":0,"count":3,"filter":"raw","image":""},{"term_id":68,"name":"Online-Zeitung","slug":"online-zeitung","term_group":0,"term_taxonomy_id":69,"taxonomy":"post_tag","description":"","parent":0,"count":3598,"filter":"raw","image":""},{"term_id":9,"name":"SchauMedia","slug":"schaumedia","term_group":0,"term_taxonomy_id":9,"taxonomy":"post_tag","description":"","parent":0,"count":1607,"filter":"raw","image":""},{"term_id":275,"name":"Stuttgart","slug":"stuttgart","term_group":0,"term_taxonomy_id":281,"taxonomy":"post_tag","description":"","parent":0,"count":1196,"filter":"raw","image":""},{"term_id":2018,"name":"WHS","slug":"whs","term_group":0,"term_taxonomy_id":2030,"taxonomy":"post_tag","description":"","parent":0,"count":24,"filter":"raw","image":""}]},"_links":{"self":[{"href":"https:\/\/die-webzeitung.de\/stuttgart\/wp-json\/wp\/v2\/posts\/143748","targetHints":{"allow":["GET"]}}],"collection":[{"href":"https:\/\/die-webzeitung.de\/stuttgart\/wp-json\/wp\/v2\/posts"}],"about":[{"href":"https:\/\/die-webzeitung.de\/stuttgart\/wp-json\/wp\/v2\/types\/post"}],"author":[{"embeddable":true,"href":"https:\/\/die-webzeitung.de\/stuttgart\/wp-json\/wp\/v2\/users\/4"}],"replies":[{"embeddable":true,"href":"https:\/\/die-webzeitung.de\/stuttgart\/wp-json\/wp\/v2\/comments?post=143748"}],"version-history":[{"count":2,"href":"https:\/\/die-webzeitung.de\/stuttgart\/wp-json\/wp\/v2\/posts\/143748\/revisions"}],"predecessor-version":[{"id":143750,"href":"https:\/\/die-webzeitung.de\/stuttgart\/wp-json\/wp\/v2\/posts\/143748\/revisions\/143750"}],"wp:attachment":[{"href":"https:\/\/die-webzeitung.de\/stuttgart\/wp-json\/wp\/v2\/media?parent=143748"}],"wp:term":[{"taxonomy":"category","embeddable":true,"href":"https:\/\/die-webzeitung.de\/stuttgart\/wp-json\/wp\/v2\/categories?post=143748"},{"taxonomy":"post_tag","embeddable":true,"href":"https:\/\/die-webzeitung.de\/stuttgart\/wp-json\/wp\/v2\/tags?post=143748"}],"curies":[{"name":"wp","href":"https:\/\/api.w.org\/{rel}","templated":true}]}}