{"id":143685,"date":"2021-10-13T13:46:01","date_gmt":"2021-10-13T12:46:01","guid":{"rendered":"https:\/\/die-webzeitung.de\/stuttgart\/2021\/10\/13\/malteser-eroeffnen-rettungsdienstschule-baden-wuerttemberg\/"},"modified":"2021-10-13T13:49:51","modified_gmt":"2021-10-13T12:49:51","slug":"malteser-eroeffnen-rettungsdienstschule-baden-wuerttemberg","status":"publish","type":"post","link":"https:\/\/die-webzeitung.de\/stuttgart\/2021\/10\/13\/malteser-eroeffnen-rettungsdienstschule-baden-wuerttemberg\/","title":{"rendered":"Malteser er\u00f6ffnen Rettungsdienstschule Baden-W\u00fcrttemberg\u00a0"},"content":{"rendered":"<h5 style=\"text-align: justify;\"><strong>22 Sch\u00fclerinnen und Sch\u00fcler starten Ausbildung zum Notfallsanit\u00e4ter<\/strong><\/h5>\n<p style=\"text-align: justify;\">Stuttgart\/Korntal-M\u00fcnchingen.| Mit 46 Rettungswachen und Notarztstandorten sowie rund 133.000 Eins\u00e4tzen im vergangenen Jahr bilden die Malteser eine der festen S\u00e4ulen der pr\u00e4klinischen Notfallversorgung in Baden-W\u00fcrttemberg. Um auch die theoretisch-praktische Ausbildung ihrer Mitarbeitenden im Rettungsdienst aktiv mitzugestalten, haben die Malteser in Korntal-M\u00fcnchingen ihre erste Rettungsdienstschule in Baden-W\u00fcrttemberg er\u00f6ffnet. Am 11. Oktober startete hier der erste Notfallsanit\u00e4ter-Lehrgang mit 22 Sch\u00fclerinnen und Sch\u00fclern. Das Einzugsgebiet der Schule beginnt in Bad Wimpfen und umfasst den Gro\u00dfraum Stuttgart sowie die Kreise Esslingen, G\u00f6ppingen, Ludwigsburg\/Enzkreis, N\u00fcrtingen, Reutlingen, T\u00fcbingen und Zollern-Alb.<\/p>\n<p style=\"text-align: justify;\">\u201eEs ist uns Maltesern ein gro\u00dfes Anliegen, die Versorgung der Bev\u00f6lkerung in Notf\u00e4llen immer weiter zu verbessern\u201c, betont Malteser Regionalgesch\u00e4ftsf\u00fchrer Klaus Weber, der die zuk\u00fcnftigen Notfallsanit\u00e4terinnen und Notfallsanit\u00e4ter an ihrem ersten Schultag in der neuen Landesschule begr\u00fc\u00dfte. \u201eUmso mehr freuen wir uns, dass wir nun an unserer eigenen Rettungsdienstschule selbst f\u00fcr den dringend ben\u00f6tigten beruflichen Nachwuchs sorgen k\u00f6nnen.\u201c<\/p>\n<p style=\"text-align: justify;\">\u201eMit unserer neuen Rettungsdienstschule leisten wir Malteser einen wichtigen Beitrag, um dem Fachkr\u00e4ftemangel im Rettungsdienst entgegenzuwirken\u201c, erkl\u00e4rt auch Schulleiter Johannes Pranghofer, der bisher an der Malteser Rettungsdienstschule in Wetzlar als Projektleiter t\u00e4tig war. \u201eDie Ausbildung findet an drei Lernorten statt: Der Unterricht hier an der Schule reicht von Inhalten zur Staatsb\u00fcrgerkunde \u00fcber Berufskunde und wissenschaftlichem Arbeiten \u00fcber notfallmedizinische Grundlagen inklusive Anatomie bis hin zur Gesundheitsf\u00f6rderung. Die praktischen Teile ihrer dreij\u00e4hrigen Ausbildung absolvieren die angehenden Notfallsanit\u00e4terinnen und Notfallsanit\u00e4ter an einer unserer Lehrrettungswachen in Baden-W\u00fcrttemberg sowie in unterschiedlichen Kliniken\u201c, erl\u00e4utert Pranghofer.<\/p>\n<p style=\"text-align: justify;\">Alle Lehrs\u00e4le der Malteser Rettungsdienstschule Baden-W\u00fcrttemberg sind mit digitalen Tafeln, so genannten Interactive Boards, ausgestattet. Die Sch\u00fclerinnen und Sch\u00fcler erhalten zum Start ihrer Ausbildung alle ein Tablet-PC, um die Unterrichtsinhalte auch interaktiv begleiten zu k\u00f6nnen. Au\u00dferdem finden sich auf den Tablet-PCs die Lehrb\u00fccher als eBook-Variante. Weiterhin stehen den Sch\u00fclerinnen und Sch\u00fclern eine Vielzahl an Wiederbelebungspuppen, typisches Notfall-Equipment wie EKG- und Beatmungsger\u00e4te, Rucks\u00e4cke und Fahrtragen, eine Planspielplatte f\u00fcr das Einsatztaktiktraining sowie eine Simulationseinrichtung mit Aufzeichnungs- und Wiedergabesystemen zur Verf\u00fcgung.<\/p>\n<p style=\"text-align: justify;\">Landesweit beginnen \u00fcber 40 zuk\u00fcnftige Notfallsanit\u00e4terinnen und -sanit\u00e4ter ihre Ausbildung bei den Maltesern in Baden-W\u00fcrttemberg, wobei einige von ihnen auch die Rettungsdienstschule der Malteser im benachbarten Rheinland-Pfalz oder Schulen anderer Hilfsorganisationen besuchen \u2013 je nach geographischer Anbindung. Die Malteser Rettungsdienstschule Baden-W\u00fcrttemberg ist Teil des Malteser Bildungszentrum Hessen\/Rheinland-Pfalz\/Saarland (HRS), das unter Leitung des Malteser Bezirksgesch\u00e4ftsf\u00fchrers Claus Kemp drei weitere staatlich anerkannte Rettungsdienstschulen in Hessen (Wetzlar) und Rheinland-Pfalz (Frankenthal und Trier) betreibt und in diesem Jahr erstmals \u00fcber einhundert angehende Notfallsanit\u00e4terinnen und Notfallsanit\u00e4ter begr\u00fc\u00dfen durfte. \u201e\u00dcber Regionsgrenzen hinaus haben die Malteser hier eine Kooperation geschlossen, die langfristig die Ausbildung von Rettungsdienstpersonal in Baden-W\u00fcrttemberg sicherstellen soll\u201c, so Christoph G\u00f6tz, Malteser Regionalgesch\u00e4ftsf\u00fchrer HRS. Klaus Weber, Malteser Regionalgesch\u00e4ftsf\u00fchrer Baden-W\u00fcrttemberg, erg\u00e4nzt: \u201eIch freue mich mit den Kollegen aus HRS, die bereits seit vielen Jahren Notfallsanit\u00e4terinnen und Notfallsanit\u00e4ter ausbilden, auch hier in Baden-W\u00fcrttemberg f\u00fcr professionell ausgebildeten Rettungsdienstnachwuchs sorgen zu k\u00f6nnen\u201c.<\/p>\n<hr \/>\n<p style=\"text-align: justify;\">\n","protected":false},"excerpt":{"rendered":"<p>22 Sch\u00fclerinnen und Sch\u00fcler starten Ausbildung zum Notfallsanit\u00e4ter Stuttgart\/Korntal-M\u00fcnchingen.| Mit 46 Rettungswachen und Notarztstandorten sowie rund 133.000 Eins\u00e4tzen im vergangenen Jahr bilden die Malteser eine der festen S\u00e4ulen der pr\u00e4klinischen Notfallversorgung in Baden-W\u00fcrttemberg. Um auch die theoretisch-praktische Ausbildung ihrer Mitarbeitenden im Rettungsdienst aktiv mitzugestalten, haben die Malteser in Korntal-M\u00fcnchingen ihre erste Rettungsdienstschule in Baden-W\u00fcrttemberg er\u00f6ffnet. [&hellip;]<\/p>\n","protected":false},"author":4,"featured_media":143687,"comment_status":"closed","ping_status":"open","sticky":false,"template":"","format":"standard","meta":{"inline_featured_image":false,"_exactmetrics_skip_tracking":false,"_exactmetrics_sitenote_active":false,"_exactmetrics_sitenote_note":"","_exactmetrics_sitenote_category":0,"footnotes":""},"categories":[59],"tags":[14857,5,14942,68,15341,9,485],"class_list":{"0":"post-143685","1":"post","2":"type-post","3":"status-publish","4":"format-standard","5":"has-post-thumbnail","7":"category-aktuell","8":"tag-die-webzeitung","9":"tag-internetzeitung","10":"tag-malteser","11":"tag-online-zeitung","12":"tag-rettungsdienst","13":"tag-schaumedia","14":"tag-schule"},"image_feature":"https:\/\/die-webzeitung.de\/stuttgart\/wp-content\/uploads\/sites\/4\/2021\/10\/maschu.jpg","author_name":"Redaktion","pure_taxonomies":{"categories":[{"term_id":59,"name":"Aktuell","slug":"aktuell","term_group":0,"term_taxonomy_id":60,"taxonomy":"category","description":"","parent":0,"count":1018,"filter":"raw","image":""}],"tags":[{"term_id":14857,"name":"Die-Webzeitung","slug":"die-webzeitung","term_group":0,"term_taxonomy_id":14876,"taxonomy":"post_tag","description":"","parent":0,"count":3628,"filter":"raw","image":""},{"term_id":5,"name":"Internetzeitung","slug":"internetzeitung","term_group":0,"term_taxonomy_id":5,"taxonomy":"post_tag","description":"","parent":0,"count":1461,"filter":"raw","image":""},{"term_id":14942,"name":"Malteser","slug":"malteser","term_group":0,"term_taxonomy_id":14961,"taxonomy":"post_tag","description":"","parent":0,"count":2,"filter":"raw","image":""},{"term_id":68,"name":"Online-Zeitung","slug":"online-zeitung","term_group":0,"term_taxonomy_id":69,"taxonomy":"post_tag","description":"","parent":0,"count":3598,"filter":"raw","image":""},{"term_id":15341,"name":"Rettungsdienst","slug":"rettungsdienst","term_group":0,"term_taxonomy_id":15360,"taxonomy":"post_tag","description":"","parent":0,"count":1,"filter":"raw","image":""},{"term_id":9,"name":"SchauMedia","slug":"schaumedia","term_group":0,"term_taxonomy_id":9,"taxonomy":"post_tag","description":"","parent":0,"count":1607,"filter":"raw","image":""},{"term_id":485,"name":"Schule","slug":"schule","term_group":0,"term_taxonomy_id":492,"taxonomy":"post_tag","description":"","parent":0,"count":11,"filter":"raw","image":""}]},"_links":{"self":[{"href":"https:\/\/die-webzeitung.de\/stuttgart\/wp-json\/wp\/v2\/posts\/143685","targetHints":{"allow":["GET"]}}],"collection":[{"href":"https:\/\/die-webzeitung.de\/stuttgart\/wp-json\/wp\/v2\/posts"}],"about":[{"href":"https:\/\/die-webzeitung.de\/stuttgart\/wp-json\/wp\/v2\/types\/post"}],"author":[{"embeddable":true,"href":"https:\/\/die-webzeitung.de\/stuttgart\/wp-json\/wp\/v2\/users\/4"}],"replies":[{"embeddable":true,"href":"https:\/\/die-webzeitung.de\/stuttgart\/wp-json\/wp\/v2\/comments?post=143685"}],"version-history":[{"count":1,"href":"https:\/\/die-webzeitung.de\/stuttgart\/wp-json\/wp\/v2\/posts\/143685\/revisions"}],"predecessor-version":[{"id":143686,"href":"https:\/\/die-webzeitung.de\/stuttgart\/wp-json\/wp\/v2\/posts\/143685\/revisions\/143686"}],"wp:featuredmedia":[{"embeddable":true,"href":"https:\/\/die-webzeitung.de\/stuttgart\/wp-json\/wp\/v2\/media\/143687"}],"wp:attachment":[{"href":"https:\/\/die-webzeitung.de\/stuttgart\/wp-json\/wp\/v2\/media?parent=143685"}],"wp:term":[{"taxonomy":"category","embeddable":true,"href":"https:\/\/die-webzeitung.de\/stuttgart\/wp-json\/wp\/v2\/categories?post=143685"},{"taxonomy":"post_tag","embeddable":true,"href":"https:\/\/die-webzeitung.de\/stuttgart\/wp-json\/wp\/v2\/tags?post=143685"}],"curies":[{"name":"wp","href":"https:\/\/api.w.org\/{rel}","templated":true}]}}