{"id":143574,"date":"2021-10-01T16:22:29","date_gmt":"2021-10-01T15:22:29","guid":{"rendered":"https:\/\/die-webzeitung.de\/stuttgart\/2021\/10\/01\/161503\/"},"modified":"2021-10-01T16:22:29","modified_gmt":"2021-10-01T15:22:29","slug":"161503","status":"publish","type":"post","link":"https:\/\/die-webzeitung.de\/stuttgart\/2021\/10\/01\/161503\/","title":{"rendered":"Daimler Truck und Mercedes-Benz Pkw als eigenst\u00e4ndige Unternehmen"},"content":{"rendered":"<h5 style=\"text-align: justify;\"><strong>\u00dcberragende Mehrheit auf Hauptversammlung f\u00fcr Abspaltung von Daimler Truck und Umfirmierung der Daimler AG<\/strong><\/h5>\n<ul>\n<li style=\"text-align: justify;\"><strong>Au\u00dferordentliche Hauptversammlung stimmt f\u00fcr historische Neuausrichtung<\/strong><\/li>\n<li style=\"text-align: justify;\"><strong>Erstnotiz der Daimler Truck Holding AG an der B\u00f6rse bis Jahresende 2021 geplant<\/strong><\/li>\n<li style=\"text-align: justify;\"><strong>Umfirmierung der Daimler AG in Mercedes-Benz Group AG zum 1. Februar 2022<\/strong><\/li>\n<li style=\"text-align: justify;\"><strong>Pr\u00e4senz: 56,45% des Grundkapitals vertreten<\/strong><\/li>\n<\/ul>\n<p style=\"text-align: justify;\">Stuttgart \u2013 Die Aktion\u00e4rinnen und Aktion\u00e4re der Daimler AG (B\u00f6rsenk\u00fcrzel DAI) haben auf der virtuellen au\u00dferordentlichen Hauptversammlung am 1. Oktober 2021 mit \u00fcberragender Mehrheit eine historische Neuausrichtung des Unternehmens beschlossen. F\u00fcr die Abspaltung des Lkw- und Bus-Gesch\u00e4fts mit anschlie\u00dfendem Listing der Daimler Truck Holding AG als eigenst\u00e4ndiges Unternehmen an der Frankfurter Wertpapierb\u00f6rse sprachen sich 99,90% des bei der Beschlussfassung vertretenen Grundkapitals aus.<\/p>\n<p style=\"text-align: justify;\">Mit einer ebenfalls \u00fcberragenden Mehrheit von 99,89% hat die Aktion\u00e4rsversammlung au\u00dferdem der Umfirmierung der Daimler AG in Mercedes-Benz Group AG zum 1. Februar 2022 zugestimmt. Der neue Name unterstreicht die k\u00fcnftige Fokussierung auf Pkw und Vans der Marken Mercedes-Benz, Mercedes-AMG, Mercedes-Maybach und Mercedes-EQ.<\/p>\n<p style=\"text-align: justify;\">Beide Ma\u00dfnahmen m\u00fcssen noch in das Handelsregister eingetragen werden. Anschlie\u00dfend k\u00f6nnen beide Unternehmen f\u00fcr alle Seiten entscheidenden Mehrwert schaffen.<\/p>\n<p style=\"text-align: justify;\">Die bisherigen Daimler-Aufsichtsratsmitglieder Marie Wieck und Joe Kaeser geben im Zuge der Neuausrichtung ihre Mandate auf und konzentrieren sich k\u00fcnftig auf den Aufsichtsrat der Daimler Truck Holding AG. Als Nachfolger im Aufsichtsrat der Daimler AG hat die Hauptversammlung Helene Svahn mit einer Mehrheit von 99,34% und Olaf Koch mit einer Mehrheit von 98,60% gew\u00e4hlt.<\/p>\n<p style=\"text-align: justify;\">Die virtuelle au\u00dferordentliche Hauptversammlung verfolgten rund 3.000 Zuschauer im Internet. Insgesamt waren 56,45% des Grundkapitals vertreten.<\/p>\n<hr \/>\n<p style=\"text-align: justify;\">\n","protected":false},"excerpt":{"rendered":"<p>\u00dcberragende Mehrheit auf Hauptversammlung f\u00fcr Abspaltung von Daimler Truck und Umfirmierung der Daimler AG Au\u00dferordentliche Hauptversammlung stimmt f\u00fcr historische Neuausrichtung Erstnotiz der Daimler Truck Holding AG an der B\u00f6rse bis Jahresende 2021 geplant Umfirmierung der Daimler AG in Mercedes-Benz Group AG zum 1. Februar 2022 Pr\u00e4senz: 56,45% des Grundkapitals vertreten Stuttgart \u2013 Die Aktion\u00e4rinnen und [&hellip;]<\/p>\n","protected":false},"author":4,"featured_media":143575,"comment_status":"closed","ping_status":"open","sticky":false,"template":"","format":"standard","meta":{"inline_featured_image":false,"_exactmetrics_skip_tracking":false,"_exactmetrics_sitenote_active":false,"_exactmetrics_sitenote_note":"","_exactmetrics_sitenote_category":0,"footnotes":""},"categories":[59,479],"tags":[709,14857,10469,5,518,68,9],"class_list":{"0":"post-143574","1":"post","2":"type-post","3":"status-publish","4":"format-standard","5":"has-post-thumbnail","7":"category-aktuell","8":"category-wirtschaft","9":"tag-daimler","10":"tag-die-webzeitung","11":"tag-hauptversammlung","12":"tag-internetzeitung","13":"tag-mercedes-benz","14":"tag-online-zeitung","15":"tag-schaumedia"},"image_feature":"https:\/\/die-webzeitung.de\/stuttgart\/wp-content\/uploads\/sites\/4\/2021\/10\/daimler.jpg","author_name":"Redaktion","pure_taxonomies":{"categories":[{"term_id":59,"name":"Aktuell","slug":"aktuell","term_group":0,"term_taxonomy_id":60,"taxonomy":"category","description":"","parent":0,"count":1018,"filter":"raw","image":""},{"term_id":479,"name":"Wirtschaft","slug":"wirtschaft","term_group":0,"term_taxonomy_id":1941,"taxonomy":"category","description":"","parent":0,"count":282,"filter":"raw","image":""}],"tags":[{"term_id":709,"name":"Daimler","slug":"daimler","term_group":0,"term_taxonomy_id":717,"taxonomy":"post_tag","description":"","parent":0,"count":10,"filter":"raw","image":""},{"term_id":14857,"name":"Die-Webzeitung","slug":"die-webzeitung","term_group":0,"term_taxonomy_id":14876,"taxonomy":"post_tag","description":"","parent":0,"count":3628,"filter":"raw","image":""},{"term_id":10469,"name":"Hauptversammlung","slug":"hauptversammlung","term_group":0,"term_taxonomy_id":10504,"taxonomy":"post_tag","description":"","parent":0,"count":3,"filter":"raw","image":""},{"term_id":5,"name":"Internetzeitung","slug":"internetzeitung","term_group":0,"term_taxonomy_id":5,"taxonomy":"post_tag","description":"","parent":0,"count":1461,"filter":"raw","image":""},{"term_id":518,"name":"Mercedes-Benz","slug":"mercedes-benz","term_group":0,"term_taxonomy_id":525,"taxonomy":"post_tag","description":"","parent":0,"count":8,"filter":"raw","image":""},{"term_id":68,"name":"Online-Zeitung","slug":"online-zeitung","term_group":0,"term_taxonomy_id":69,"taxonomy":"post_tag","description":"","parent":0,"count":3598,"filter":"raw","image":""},{"term_id":9,"name":"SchauMedia","slug":"schaumedia","term_group":0,"term_taxonomy_id":9,"taxonomy":"post_tag","description":"","parent":0,"count":1607,"filter":"raw","image":""}]},"_links":{"self":[{"href":"https:\/\/die-webzeitung.de\/stuttgart\/wp-json\/wp\/v2\/posts\/143574","targetHints":{"allow":["GET"]}}],"collection":[{"href":"https:\/\/die-webzeitung.de\/stuttgart\/wp-json\/wp\/v2\/posts"}],"about":[{"href":"https:\/\/die-webzeitung.de\/stuttgart\/wp-json\/wp\/v2\/types\/post"}],"author":[{"embeddable":true,"href":"https:\/\/die-webzeitung.de\/stuttgart\/wp-json\/wp\/v2\/users\/4"}],"replies":[{"embeddable":true,"href":"https:\/\/die-webzeitung.de\/stuttgart\/wp-json\/wp\/v2\/comments?post=143574"}],"version-history":[{"count":0,"href":"https:\/\/die-webzeitung.de\/stuttgart\/wp-json\/wp\/v2\/posts\/143574\/revisions"}],"wp:featuredmedia":[{"embeddable":true,"href":"https:\/\/die-webzeitung.de\/stuttgart\/wp-json\/wp\/v2\/media\/143575"}],"wp:attachment":[{"href":"https:\/\/die-webzeitung.de\/stuttgart\/wp-json\/wp\/v2\/media?parent=143574"}],"wp:term":[{"taxonomy":"category","embeddable":true,"href":"https:\/\/die-webzeitung.de\/stuttgart\/wp-json\/wp\/v2\/categories?post=143574"},{"taxonomy":"post_tag","embeddable":true,"href":"https:\/\/die-webzeitung.de\/stuttgart\/wp-json\/wp\/v2\/tags?post=143574"}],"curies":[{"name":"wp","href":"https:\/\/api.w.org\/{rel}","templated":true}]}}