{"id":143539,"date":"2021-09-29T14:03:58","date_gmt":"2021-09-29T13:03:58","guid":{"rendered":"https:\/\/die-webzeitung.de\/stuttgart\/2021\/09\/29\/peter-leibinger-erhaelt-den-verdienstorden-der-bundesrepublik\/"},"modified":"2021-09-29T14:03:58","modified_gmt":"2021-09-29T13:03:58","slug":"peter-leibinger-erhaelt-den-verdienstorden-der-bundesrepublik","status":"publish","type":"post","link":"https:\/\/die-webzeitung.de\/stuttgart\/2021\/09\/29\/peter-leibinger-erhaelt-den-verdienstorden-der-bundesrepublik\/","title":{"rendered":"Peter Leibinger erh\u00e4lt den Verdienstorden der Bundesrepublik"},"content":{"rendered":"<ul>\n<li style=\"text-align: justify;\"><strong>Engagement f\u00fcr die Zusammenarbeit von Wissenschaft und Wirtschaft gew\u00fcrdigt<\/strong><\/li>\n<li style=\"text-align: justify;\"><strong>Bundesforschungsministerin Karliczek hebt Leibingers Rolle bei der F\u00f6rderung von Innovationen hervor<\/strong><\/li>\n<\/ul>\n<p style=\"text-align: justify;\">Ditzingen\/Berlin, 29. September 2021.| Peter Leibinger, Chief Technology Officer und stellvertretender Vorsitzender der Gruppengesch\u00e4ftsf\u00fchrung des Hochtechnologieunternehmens TRUMPF, hat das Verdienstkreuz am Bande des Verdienstordens der Bundesrepublik Deutschland erhalten. Die Auszeichnung des Bundespr\u00e4sidenten w\u00fcrdigt das berufliche und gesellschaftliche Wirken von Menschen, die sich im besonderen Ma\u00dfe um die Bundesrepublik Deutschland verdient gemacht haben. Peter Leibinger erhielt das Verdienstkreuz am 29.09.2021 von Bundesforschungsministerin Anja Karliczek \u00fcberreicht.<\/p>\n<p style=\"text-align: justify;\">Die Ministerin hob dabei das au\u00dferordentlich gro\u00dfe Engagement hervor, mit dem Peter Leibinger dem Bundesministerium f\u00fcr Bildung und Forschung in der Forschungspolitik und bei der F\u00f6rderung von Innovationen in Wirtschaft und Gesellschaft in Deutschland langj\u00e4hrig beratend zur Seite stand und steht. \u201eSowohl die Quantentechnologien als auch die Photonik sind Schl\u00fcsseltechnologien f\u00fcr die deutsche Wirtschaft. Peter Leibinger tr\u00e4gt durch originelle Ideen, strategische Weitsicht und unternehmerisches Geschick ma\u00dfgeblich dazu bei, dass das Innovationsland Deutschland in diesen Feldern im internationalen Wettbewerb besteht\u201c, so Bundesforschungsministerin Anja Karliczek. \u201eDies geschieht nicht nur \u00fcber seine engagierte Arbeit im Familienunternehmen, sondern auch in verschiedenen Gremien der Bundesregierung. Dabei gelingt es Peter Leibinger \u00e4u\u00dferst erfolgreich, wichtige Akteure aus Wissenschaft und Wirtschaft zusammenzubringen und hinter gemeinsamen Zielen zu vereinen. So entstehen wichtige, neue Impulse f\u00fcr Politik, Industrie und Forschung. Ich freue mich sehr, dass ihm f\u00fcr diese Leistungen das Bundesverdienstkreuz verliehen wird.\u201c<\/p>\n<p style=\"text-align: justify;\">Peter Leibinger leitete zuletzt als einer von zwei Vorsitzenden den \u201eExpertenrat Quantencomputing\u201c der Bundesregierung. Gemeinsam mit hochrangigen Wissenschaftlern und Wirtschaftsvertretern erarbeitete er eine gemeinsame nationale Strategie f\u00fcr das Quantencomputing.<\/p>\n<hr \/>\n<p style=\"text-align: justify;\">\n","protected":false},"excerpt":{"rendered":"<p>Engagement f\u00fcr die Zusammenarbeit von Wissenschaft und Wirtschaft gew\u00fcrdigt Bundesforschungsministerin Karliczek hebt Leibingers Rolle bei der F\u00f6rderung von Innovationen hervor Ditzingen\/Berlin, 29. September 2021.| Peter Leibinger, Chief Technology Officer und stellvertretender Vorsitzender der Gruppengesch\u00e4ftsf\u00fchrung des Hochtechnologieunternehmens TRUMPF, hat das Verdienstkreuz am Bande des Verdienstordens der Bundesrepublik Deutschland erhalten. Die Auszeichnung des Bundespr\u00e4sidenten w\u00fcrdigt das berufliche [&hellip;]<\/p>\n","protected":false},"author":4,"featured_media":143540,"comment_status":"closed","ping_status":"open","sticky":false,"template":"","format":"standard","meta":{"inline_featured_image":false,"_exactmetrics_skip_tracking":false,"_exactmetrics_sitenote_active":false,"_exactmetrics_sitenote_note":"","_exactmetrics_sitenote_category":0,"footnotes":""},"categories":[59,479],"tags":[14857,5,17141,68,9,15388],"class_list":{"0":"post-143539","1":"post","2":"type-post","3":"status-publish","4":"format-standard","5":"has-post-thumbnail","7":"category-aktuell","8":"category-wirtschaft","9":"tag-die-webzeitung","10":"tag-internetzeitung","11":"tag-leibinger","12":"tag-online-zeitung","13":"tag-schaumedia","14":"tag-trumpf"},"image_feature":"https:\/\/die-webzeitung.de\/stuttgart\/wp-content\/uploads\/sites\/4\/2021\/09\/pltrumpf.jpg","author_name":"Redaktion","pure_taxonomies":{"categories":[{"term_id":59,"name":"Aktuell","slug":"aktuell","term_group":0,"term_taxonomy_id":60,"taxonomy":"category","description":"","parent":0,"count":1018,"filter":"raw","image":""},{"term_id":479,"name":"Wirtschaft","slug":"wirtschaft","term_group":0,"term_taxonomy_id":1941,"taxonomy":"category","description":"","parent":0,"count":282,"filter":"raw","image":""}],"tags":[{"term_id":14857,"name":"Die-Webzeitung","slug":"die-webzeitung","term_group":0,"term_taxonomy_id":14876,"taxonomy":"post_tag","description":"","parent":0,"count":3628,"filter":"raw","image":""},{"term_id":5,"name":"Internetzeitung","slug":"internetzeitung","term_group":0,"term_taxonomy_id":5,"taxonomy":"post_tag","description":"","parent":0,"count":1461,"filter":"raw","image":""},{"term_id":17141,"name":"Leibinger","slug":"leibinger","term_group":0,"term_taxonomy_id":17160,"taxonomy":"post_tag","description":"","parent":0,"count":1,"filter":"raw","image":""},{"term_id":68,"name":"Online-Zeitung","slug":"online-zeitung","term_group":0,"term_taxonomy_id":69,"taxonomy":"post_tag","description":"","parent":0,"count":3598,"filter":"raw","image":""},{"term_id":9,"name":"SchauMedia","slug":"schaumedia","term_group":0,"term_taxonomy_id":9,"taxonomy":"post_tag","description":"","parent":0,"count":1607,"filter":"raw","image":""},{"term_id":15388,"name":"Trumpf","slug":"trumpf","term_group":0,"term_taxonomy_id":15407,"taxonomy":"post_tag","description":"","parent":0,"count":14,"filter":"raw","image":""}]},"_links":{"self":[{"href":"https:\/\/die-webzeitung.de\/stuttgart\/wp-json\/wp\/v2\/posts\/143539","targetHints":{"allow":["GET"]}}],"collection":[{"href":"https:\/\/die-webzeitung.de\/stuttgart\/wp-json\/wp\/v2\/posts"}],"about":[{"href":"https:\/\/die-webzeitung.de\/stuttgart\/wp-json\/wp\/v2\/types\/post"}],"author":[{"embeddable":true,"href":"https:\/\/die-webzeitung.de\/stuttgart\/wp-json\/wp\/v2\/users\/4"}],"replies":[{"embeddable":true,"href":"https:\/\/die-webzeitung.de\/stuttgart\/wp-json\/wp\/v2\/comments?post=143539"}],"version-history":[{"count":0,"href":"https:\/\/die-webzeitung.de\/stuttgart\/wp-json\/wp\/v2\/posts\/143539\/revisions"}],"wp:featuredmedia":[{"embeddable":true,"href":"https:\/\/die-webzeitung.de\/stuttgart\/wp-json\/wp\/v2\/media\/143540"}],"wp:attachment":[{"href":"https:\/\/die-webzeitung.de\/stuttgart\/wp-json\/wp\/v2\/media?parent=143539"}],"wp:term":[{"taxonomy":"category","embeddable":true,"href":"https:\/\/die-webzeitung.de\/stuttgart\/wp-json\/wp\/v2\/categories?post=143539"},{"taxonomy":"post_tag","embeddable":true,"href":"https:\/\/die-webzeitung.de\/stuttgart\/wp-json\/wp\/v2\/tags?post=143539"}],"curies":[{"name":"wp","href":"https:\/\/api.w.org\/{rel}","templated":true}]}}