{"id":143534,"date":"2021-09-28T18:14:21","date_gmt":"2021-09-28T17:14:21","guid":{"rendered":"https:\/\/die-webzeitung.de\/stuttgart\/2021\/09\/28\/eurocup-svl-spielt-anfang-oktober-in-sueditalien\/"},"modified":"2021-09-28T18:14:21","modified_gmt":"2021-09-28T17:14:21","slug":"eurocup-svl-spielt-anfang-oktober-in-sueditalien","status":"publish","type":"post","link":"https:\/\/die-webzeitung.de\/stuttgart\/2021\/09\/28\/eurocup-svl-spielt-anfang-oktober-in-sueditalien\/","title":{"rendered":"Eurocup: SVL spielt Anfang Oktober in S\u00fcditalien"},"content":{"rendered":"<h5 style=\"text-align: justify;\"><strong>Wasserballer im Europokal<\/strong><\/h5>\n<p style=\"text-align: justify;\"><img loading=\"lazy\" decoding=\"async\" class=\"alignleft size-thumbnail wp-image-158196\" src=\"https:\/\/die-webzeitung.de\/ludwigsburg\/wp-content\/uploads\/sites\/5\/2020\/12\/svl-small.png\" alt=\"\" width=\"150\" height=\"150\" \/>Ludwigsburg.| Die Top-Platzierung der SVL-Bundesligawasserballer in der alten Saison garantiert dem Club nun die erneute Teilnahme am Eurocup. Ludwigsburg hat eine schwere Gruppe erwischt. Die M\u00e4nner um den Nationalspieler Timo van der Bosch treten am ersten Oktoberwochenende bei CC Ortigia Siracusa an.<\/p>\n<p style=\"text-align: justify;\">Alle drei Gegner in der ersten Runde des Eurocups seien \u201esehr stark\u201c, sagt der SVL-Vizepr\u00e4sident Matthias Nagel. \u201eWohl noch einen Tick st\u00e4rker als beim Cup 2020 in Aix.\u201c Die SVL-Wasserballer spielen von 1. bis zum 3. Oktober in S\u00fcditalien gegen die Gastgeber, den CC Ortigia Siracusa, gegen G.S. Peristeriou aus Griechenland und gegen das Team Strasbourg (Frankreich).\u00a0\u201eStra\u00dfburg kenne wir aus gemeinsamen Testspielen etwas besser\u201c, erz\u00e4hlt Nagel.<\/p>\n<p style=\"text-align: justify;\">Gegen die andere beiden Mannschaften hat der SVL noch bei gespielt.\u00a0Der Euro-Cup sei immer eine Herausforderung. Das Reglement ist klar: Die zwei besten Teams qualifizieren sich f\u00fcr die zweite Runde. Ludwigsburg m\u00fcsste also wohl zwei der drei Gegner schlagen, was sehr schwer werden d\u00fcrfte. Ausgeschlossen ist ein Weiterkommen freilich nicht.<\/p>\n<p style=\"text-align: justify;\">\u201eSicher, wir h\u00e4tte in einer leichteren Gruppe landen k\u00f6nnen\u201c, sagt Nagel. Der SV Ludwigsburg sei wieder als Au\u00dfenseiter am Start, das Team werde jedoch \u201edas Bestm\u00f6glich tun und weiter Erfahrungen sammeln\u201c. Die Mannschaft wird bereits am Mittwoch\u00a0nach\u00a0S\u00fcditalien reisen. Die Anreise sollte keine gr\u00f6\u00dfere Strapaze werden: Die Spieler und Betreuer werden recht spannend ankommen, mit einem Direktflug von Stuttgart nach Catania. Nagel: \u201eWir freuen uns, das Turnier wird eine tolle Erfahrung f\u00fcr Mannschaft\u201c.<\/p>\n<p style=\"text-align: justify;\">Gespielt wird in einem Freibad. Sollte sich der SVL durchsetzten, dann st\u00fcnde sofort die n\u00e4chste Runde an: gespielt w\u00fcrde am 8., 9. und 10. Oktober. Au\u00dfer dem SV Ludwigsburg spielt als zweites deutsches Team der ASC Duisburg im Euro-Cup. Duisburg tritt in Holland an und hat \u00e4hnlich Herausforderungen zu meistern.<\/p>\n<p style=\"text-align: justify;\">Der Ludwigsburger Nationalspieler Timo van der Bosch spricht mit Blick auf das Turnier in Italien von \u201eeiner coolen Auslosung, einem sch\u00f6nen Ort und einer schweren Gruppe\u201c. Die Italiener h\u00e4tten im Vorjahr im in der Champions-League\u00a0sehr gut gespielt. \u201eStra\u00dfburg kenne wir von\u00a0etlichen Trainingsspielen.\u201c Das Team spiele sehr, sehr gut in der franz\u00f6sische Liga, sei immer unter den ersten vier oder f\u00fcnf Mannschaften. Die Griechen seien \u201edie kleinen Unbekannte\u00a0f\u00fcr uns\u201c. Man werde sich noch eine paar Spiele dieses Team aus S\u00fcdeuropa anschauen.<\/p>\n<p style=\"text-align: justify;\">Im Euro-Cup 2021 \u201ek\u00f6nnen wir \u00fcber jeden Punkt, den wir in der Gruppe holen, gl\u00fccklich sein\u201c, sagt van der Bosch. Diesmal sei keine Mannschaft wie 2020 dabei &#8211; jene aus der Schweiz-, bei der klar sei: \u201eWir m\u00fcssen gewinnen. Diesmal\u00a0m\u00fcssen wir gar kein Spiel gewinnen.\u201c \u00dcber jeden Punkt, der geholt werde, so van der Bosch, k\u00f6nne der SVL stolz sein. \u201eIch freue mich auf den Euro-Cup, es ist immer ein besonderes Erlebnis, gerade auch f\u00fcr die jungen Spieler, die erstmals international dabei sind.\u201c<\/p>\n<hr \/>\n<p style=\"text-align: justify;\">\n","protected":false},"excerpt":{"rendered":"<p>Wasserballer im Europokal Ludwigsburg.| Die Top-Platzierung der SVL-Bundesligawasserballer in der alten Saison garantiert dem Club nun die erneute Teilnahme am Eurocup. Ludwigsburg hat eine schwere Gruppe erwischt. Die M\u00e4nner um den Nationalspieler Timo van der Bosch treten am ersten Oktoberwochenende bei CC Ortigia Siracusa an. Alle drei Gegner in der ersten Runde des Eurocups seien [&hellip;]<\/p>\n","protected":false},"author":4,"featured_media":0,"comment_status":"closed","ping_status":"open","sticky":false,"template":"","format":"standard","meta":{"inline_featured_image":false,"_exactmetrics_skip_tracking":false,"_exactmetrics_sitenote_active":false,"_exactmetrics_sitenote_note":"","_exactmetrics_sitenote_category":0,"footnotes":""},"categories":[59,110],"tags":[131,14857,5,6,68,9,15012,14387,14027],"class_list":{"0":"post-143534","1":"post","2":"type-post","3":"status-publish","4":"format-standard","6":"category-aktuell","7":"category-sport","8":"tag-bundesliga","9":"tag-die-webzeitung","10":"tag-internetzeitung","11":"tag-ludwigsburg","12":"tag-online-zeitung","13":"tag-schaumedia","14":"tag-schwimmen","15":"tag-schwimmverein","16":"tag-wasserball"},"image_feature":null,"author_name":"Redaktion","pure_taxonomies":{"categories":[{"term_id":59,"name":"Aktuell","slug":"aktuell","term_group":0,"term_taxonomy_id":60,"taxonomy":"category","description":"","parent":0,"count":1018,"filter":"raw","image":""},{"term_id":110,"name":"Sport","slug":"sport","term_group":0,"term_taxonomy_id":112,"taxonomy":"category","description":"Sportberichte","parent":0,"count":1043,"filter":"raw","image":""}],"tags":[{"term_id":131,"name":"Bundesliga","slug":"bundesliga","term_group":0,"term_taxonomy_id":133,"taxonomy":"post_tag","description":"","parent":0,"count":699,"filter":"raw","image":""},{"term_id":14857,"name":"Die-Webzeitung","slug":"die-webzeitung","term_group":0,"term_taxonomy_id":14876,"taxonomy":"post_tag","description":"","parent":0,"count":3628,"filter":"raw","image":""},{"term_id":5,"name":"Internetzeitung","slug":"internetzeitung","term_group":0,"term_taxonomy_id":5,"taxonomy":"post_tag","description":"","parent":0,"count":1461,"filter":"raw","image":""},{"term_id":6,"name":"Ludwigsburg","slug":"ludwigsburg","term_group":0,"term_taxonomy_id":6,"taxonomy":"post_tag","description":"","parent":0,"count":180,"filter":"raw","image":""},{"term_id":68,"name":"Online-Zeitung","slug":"online-zeitung","term_group":0,"term_taxonomy_id":69,"taxonomy":"post_tag","description":"","parent":0,"count":3598,"filter":"raw","image":""},{"term_id":9,"name":"SchauMedia","slug":"schaumedia","term_group":0,"term_taxonomy_id":9,"taxonomy":"post_tag","description":"","parent":0,"count":1607,"filter":"raw","image":""},{"term_id":15012,"name":"schwimmen","slug":"schwimmen","term_group":0,"term_taxonomy_id":15031,"taxonomy":"post_tag","description":"","parent":0,"count":149,"filter":"raw","image":""},{"term_id":14387,"name":"Schwimmverein","slug":"schwimmverein","term_group":0,"term_taxonomy_id":14421,"taxonomy":"post_tag","description":"","parent":0,"count":152,"filter":"raw","image":""},{"term_id":14027,"name":"Wasserball","slug":"wasserball","term_group":0,"term_taxonomy_id":14069,"taxonomy":"post_tag","description":"","parent":0,"count":132,"filter":"raw","image":""}]},"_links":{"self":[{"href":"https:\/\/die-webzeitung.de\/stuttgart\/wp-json\/wp\/v2\/posts\/143534","targetHints":{"allow":["GET"]}}],"collection":[{"href":"https:\/\/die-webzeitung.de\/stuttgart\/wp-json\/wp\/v2\/posts"}],"about":[{"href":"https:\/\/die-webzeitung.de\/stuttgart\/wp-json\/wp\/v2\/types\/post"}],"author":[{"embeddable":true,"href":"https:\/\/die-webzeitung.de\/stuttgart\/wp-json\/wp\/v2\/users\/4"}],"replies":[{"embeddable":true,"href":"https:\/\/die-webzeitung.de\/stuttgart\/wp-json\/wp\/v2\/comments?post=143534"}],"version-history":[{"count":0,"href":"https:\/\/die-webzeitung.de\/stuttgart\/wp-json\/wp\/v2\/posts\/143534\/revisions"}],"wp:attachment":[{"href":"https:\/\/die-webzeitung.de\/stuttgart\/wp-json\/wp\/v2\/media?parent=143534"}],"wp:term":[{"taxonomy":"category","embeddable":true,"href":"https:\/\/die-webzeitung.de\/stuttgart\/wp-json\/wp\/v2\/categories?post=143534"},{"taxonomy":"post_tag","embeddable":true,"href":"https:\/\/die-webzeitung.de\/stuttgart\/wp-json\/wp\/v2\/tags?post=143534"}],"curies":[{"name":"wp","href":"https:\/\/api.w.org\/{rel}","templated":true}]}}