{"id":143470,"date":"2021-09-23T17:01:25","date_gmt":"2021-09-23T16:01:25","guid":{"rendered":"https:\/\/die-webzeitung.de\/stuttgart\/2021\/09\/23\/svl-winkt-der-aufstieg-in-die-zweite-bundesliga-sued\/"},"modified":"2021-09-23T17:01:25","modified_gmt":"2021-09-23T16:01:25","slug":"svl-winkt-der-aufstieg-in-die-zweite-bundesliga-sued","status":"publish","type":"post","link":"https:\/\/die-webzeitung.de\/stuttgart\/2021\/09\/23\/svl-winkt-der-aufstieg-in-die-zweite-bundesliga-sued\/","title":{"rendered":"SVL winkt der Aufstieg in die Zweite Bundesliga S\u00fcd"},"content":{"rendered":"<h5 style=\"text-align: justify;\"><strong>Triathlon Saisonfinale<\/strong><\/h5>\n<p style=\"text-align: justify;\"><img loading=\"lazy\" decoding=\"async\" class=\"alignleft size-thumbnail wp-image-158196\" src=\"https:\/\/die-webzeitung.de\/ludwigsburg\/wp-content\/uploads\/sites\/5\/2020\/12\/svl-small.png\" alt=\"\" width=\"150\" height=\"150\" \/>Ludwigsburg.| Die SVL-Triathleten sind top in Form. Fabian Knobelspies ist jetzt in Heilbronn auf der Mitteldistanz Deutscher Meister in seiner Altersklasse &#8211; bei den sogenannten Agegroupern &#8211; geworden. Der ersten SVL-M\u00e4nner-Mannschaft winkt zudem der Aufstieg in die Zweite Bundesliga S\u00fcd.<\/p>\n<p style=\"text-align: justify;\">Dem\u00a0SVL liegt eine Anfrage des Triathlonverbands vor, ob er den Aufstieg in die Zweite Bundesliga S\u00fcd annehmen w\u00fcrde. \u201eKlar, der Verein zieht da mit, wenn wir die Aufstiegschance erhalten\u201c, sagt der SVL-Vizepr\u00e4sident Matthias Nagel. In der Zweiten Bundesliga S\u00fcd werden mehrere Pl\u00e4tze frei, und die Chancen stehen ganz gut, dass die SVL-Triathleten zum Zuge kommen werden.<\/p>\n<p style=\"text-align: justify;\">Sie haben die Saison in der Baden-W\u00fcrttemberg-Liga jetzt mit einem hervorragenden zweiten Platz abgeschossen, knapp hinter S\u00fc\u00dfen und vor Mengen. Es bleibt aber abzuwarten, welche der potenziellen Aufstiegskandidaten \u00fcberhaupt Interesse haben. Ein Team w\u00e4re vor dem SVL dran.<\/p>\n<p style=\"text-align: justify;\">Beim letzten Liga-Wettbewerb, dem Team Triathlon in Erbach, ist die erste SVL-Mannschaft auf Platz 3 gelandet &#8211; was schlussendlich f\u00fcr Platz zwei im Gesamtklassement gereicht hat. Nils Friedrichs, Lasse Friedrichs, Fabian Knobelspies, Cornelius Theus und Maximilian Schober sind jetzt ganz hei\u00df auf die kommende Saison, dann hoffentlich in der Zweiten Liga.<\/p>\n<p style=\"text-align: justify;\">Beim Abschlusswettkampf in Erbach musste Lasse Friedrichs beim Laufen zwar abrei\u00dfen lassen, war also das sogenannte Streichergebnis der ersten Mannschaft. Er hat aber beim Radfahren durch seine engagiere F\u00fchrungsarbeit entscheidend zur sehr guten Teamleistung beitragen.<\/p>\n<p style=\"text-align: justify;\">Ludwigsburg startete in Erbach als erste von allen 14 Mannschaften der BaW\u00fc Liga Wasser und musste die 30 Sekunden danach gestartete Mannschaft von Mengen unerwartet schon beim Schwimmen passieren lassen. Der Wechsel aufs Rad verlief nicht optimal aber die Mengener konnten auf dem Rad wieder eingeholt werden. Durch eine besonders starke Laufleistung von Cornelius Theus, der zwei Teammitglieder schiebend unterst\u00fctzen konnte, ist letztendlich ein starker dritter Platz in Erbach erreicht worden.<\/p>\n<p style=\"text-align: justify;\">Mit nur zwei Sekunden R\u00fcckstand auf das Team Mengen, bei einer guten Stunde Maximalleistung, zeige das Ergebnis wie eng umk\u00e4mpft es in der BaW\u00fc Liga zu geht, sagt der Co-Abteilungsleiter Jan Cartsburg, der selbst in der zweiten SVL-Mannschaft gestartet ist.<\/p>\n<p style=\"text-align: justify;\">Diese zweite Mannschaft hat sich solide geschlagen: Platz 10 in der Liga. M\u00f6glich wurde dies durch einen hervorragenden f\u00fcnften Platz im Teamwettkampf in Erbach. \u201eUnser st\u00e4rkste L\u00e4ufer Sven Heinle konnte schiebend richtig gut unterst\u00fctzen und Ulrich Bauer und mich in den Bereich pers\u00f6nlicher Bestzeiten pushen\u201c, erz\u00e4hlt Jan Cartsburg.<\/p>\n<p style=\"text-align: justify;\">Die SVL-Triathleten haben in dieser Saison super Leistungen abgeliefert. Fabian Knobelspies ist jetzt in Heilbronn auf der Mitteldistanz in seiner Altersklasse AK30 &#8211; bei den sogenannten Agegroupern &#8211; Deutscher Meister geworden. Cornelius Theus ist in seiner AK 25 mit Platz drei bei den Deutschen ebenfalls auf dem Treppchen gelandet. Ebenfalls Dritte wurde Sophia Salzwedel in ihrer AK30.<\/p>\n<p style=\"text-align: justify;\">Auch beim Breisgau Triathlon wurden in dieser Saison top Ergebnisse erzielt. Der Verein stellt zwei Baden-W\u00fcrttembergische AK-Meister: Sophia Salzwedel, Overall Platz 6, BaW\u00fc-Gesamt Platz 3, Ba-W\u00fc-AK W30 Platz 1 und Fabian Knobelspies: Overall Platz 4, Baw\u00fc-Gesamt Platz 4, AK M30, Platz 1.<\/p>\n<p style=\"text-align: justify;\">F\u00fcr die meisten Athleten ist die Saison nun beendet. Fabian Knobelspies indes startet voraussichtlich noch bei der Challenge Mallorca Mitte Oktober. Wegen der erneuten, Corona-bedingten Absage beziehungsweise Verschiebung des Ironman-WM auf Hawaii ist er ziemlich sauer, das alles sei \u201emaximal zerm\u00fcrbend\u201c, viel mehr will er zu diesem Thema zurzeit nicht sagen. Trotzdem ist der Fabian offenkundig in einer Topform.<\/p>\n<hr \/>\n<p style=\"text-align: justify;\">\n","protected":false},"excerpt":{"rendered":"<p>Triathlon Saisonfinale Ludwigsburg.| Die SVL-Triathleten sind top in Form. Fabian Knobelspies ist jetzt in Heilbronn auf der Mitteldistanz Deutscher Meister in seiner Altersklasse &#8211; bei den sogenannten Agegroupern &#8211; geworden. Der ersten SVL-M\u00e4nner-Mannschaft winkt zudem der Aufstieg in die Zweite Bundesliga S\u00fcd. Dem\u00a0SVL liegt eine Anfrage des Triathlonverbands vor, ob er den Aufstieg in die [&hellip;]<\/p>\n","protected":false},"author":4,"featured_media":0,"comment_status":"closed","ping_status":"open","sticky":false,"template":"","format":"standard","meta":{"inline_featured_image":false,"_exactmetrics_skip_tracking":false,"_exactmetrics_sitenote_active":false,"_exactmetrics_sitenote_note":"","_exactmetrics_sitenote_category":0,"footnotes":""},"categories":[110],"tags":[14857,5,6,15012,14387,14388,17079],"class_list":{"0":"post-143470","1":"post","2":"type-post","3":"status-publish","4":"format-standard","6":"category-sport","7":"tag-die-webzeitung","8":"tag-internetzeitung","9":"tag-ludwigsburg","10":"tag-schwimmen","11":"tag-schwimmverein","12":"tag-svl","13":"tag-triathlon"},"image_feature":null,"author_name":"Redaktion","pure_taxonomies":{"categories":[{"term_id":110,"name":"Sport","slug":"sport","term_group":0,"term_taxonomy_id":112,"taxonomy":"category","description":"Sportberichte","parent":0,"count":1043,"filter":"raw","image":""}],"tags":[{"term_id":14857,"name":"Die-Webzeitung","slug":"die-webzeitung","term_group":0,"term_taxonomy_id":14876,"taxonomy":"post_tag","description":"","parent":0,"count":3628,"filter":"raw","image":""},{"term_id":5,"name":"Internetzeitung","slug":"internetzeitung","term_group":0,"term_taxonomy_id":5,"taxonomy":"post_tag","description":"","parent":0,"count":1461,"filter":"raw","image":""},{"term_id":6,"name":"Ludwigsburg","slug":"ludwigsburg","term_group":0,"term_taxonomy_id":6,"taxonomy":"post_tag","description":"","parent":0,"count":180,"filter":"raw","image":""},{"term_id":15012,"name":"schwimmen","slug":"schwimmen","term_group":0,"term_taxonomy_id":15031,"taxonomy":"post_tag","description":"","parent":0,"count":149,"filter":"raw","image":""},{"term_id":14387,"name":"Schwimmverein","slug":"schwimmverein","term_group":0,"term_taxonomy_id":14421,"taxonomy":"post_tag","description":"","parent":0,"count":152,"filter":"raw","image":""},{"term_id":14388,"name":"SVL","slug":"svl","term_group":0,"term_taxonomy_id":14422,"taxonomy":"post_tag","description":"","parent":0,"count":151,"filter":"raw","image":""},{"term_id":17079,"name":"Triathlon","slug":"triathlon","term_group":0,"term_taxonomy_id":17098,"taxonomy":"post_tag","description":"","parent":0,"count":15,"filter":"raw","image":""}]},"_links":{"self":[{"href":"https:\/\/die-webzeitung.de\/stuttgart\/wp-json\/wp\/v2\/posts\/143470","targetHints":{"allow":["GET"]}}],"collection":[{"href":"https:\/\/die-webzeitung.de\/stuttgart\/wp-json\/wp\/v2\/posts"}],"about":[{"href":"https:\/\/die-webzeitung.de\/stuttgart\/wp-json\/wp\/v2\/types\/post"}],"author":[{"embeddable":true,"href":"https:\/\/die-webzeitung.de\/stuttgart\/wp-json\/wp\/v2\/users\/4"}],"replies":[{"embeddable":true,"href":"https:\/\/die-webzeitung.de\/stuttgart\/wp-json\/wp\/v2\/comments?post=143470"}],"version-history":[{"count":0,"href":"https:\/\/die-webzeitung.de\/stuttgart\/wp-json\/wp\/v2\/posts\/143470\/revisions"}],"wp:attachment":[{"href":"https:\/\/die-webzeitung.de\/stuttgart\/wp-json\/wp\/v2\/media?parent=143470"}],"wp:term":[{"taxonomy":"category","embeddable":true,"href":"https:\/\/die-webzeitung.de\/stuttgart\/wp-json\/wp\/v2\/categories?post=143470"},{"taxonomy":"post_tag","embeddable":true,"href":"https:\/\/die-webzeitung.de\/stuttgart\/wp-json\/wp\/v2\/tags?post=143470"}],"curies":[{"name":"wp","href":"https:\/\/api.w.org\/{rel}","templated":true}]}}