{"id":143436,"date":"2021-09-20T14:36:20","date_gmt":"2021-09-20T13:36:20","guid":{"rendered":"https:\/\/die-webzeitung.de\/stuttgart\/2021\/09\/20\/stefan-kuntz-verlaesst-den-dfb\/"},"modified":"2021-09-20T14:37:05","modified_gmt":"2021-09-20T13:37:05","slug":"stefan-kuntz-verlaesst-den-dfb","status":"publish","type":"post","link":"https:\/\/die-webzeitung.de\/stuttgart\/2021\/09\/20\/stefan-kuntz-verlaesst-den-dfb\/","title":{"rendered":"Stefan Kuntz verl\u00e4sst den DFB"},"content":{"rendered":"<p style=\"text-align: justify;\">Stefan Kuntz verl\u00e4sst den Deutschen Fu\u00dfball-Bund (DFB). Der bisherige Trainer der deutschen U 21-Nationalmannschaft \u00fcbernimmt mit sofortiger Wirkung das Cheftrainer-Amt der t\u00fcrkischen Nationalmannschaft. Das DFB-Pr\u00e4sidium hatte bereits am vergangenen Freitag einstimmig beschlossen, Kuntz aus seinem laufenden Vertrag zu entlassen, sollte er sich mit dem T\u00fcrkischen Fu\u00dfball-Verband auf eine Zusammenarbeit einigen. Diese Einigung ist nun erfolgt.<\/p>\n<p style=\"text-align: justify;\">Stefan Kuntz sagt: \u201cIch gehe mit einem weinenden und einem lachenden Auge, denn ich hatte eine \u00fcberragende Zeit beim DFB, der mich 2016 nach zw\u00f6lf Jahren Abstinenz in den Trainerjob zur\u00fcckgeholt hat. Das war eine Win-Win-Situation f\u00fcr beide Seiten, denn wir k\u00f6nnen auf eine erfolgreiche Zeit mit der U 21-Nationalmannschaft zur\u00fcckblicken. Gleichzeitig freue ich mich sehr \u00fcber die neue Herausforderung in der T\u00fcrkei. Seit meiner Station als Spieler bei Be\u015fikta\u015f Istanbul sind meine Beziehungen dorthin nie abgerissen. Ich bin dem DFB-Pr\u00e4sidium sehr dankbar, dass es mich vorzeitig aus meinem Vertrag entlassen hat, um meinen neuen Trainerjob beim t\u00fcrkischen Verband zu beginnen. Dem DFB, seinen Mitarbeiterinnen, Mitarbeitern und vor allem dem U 21-Team und dem \u00fcberragendem Staff hinter dem Team w\u00fcnsche ich alles Gute und hoffe, dass sie unsere erfolgreiche Zeit fortsetzen k\u00f6nnen. Danken m\u00f6chte ich auch der sportlichen Leitung um Oliver Bierhoff, Joti Chatzialexiou und Meikel Sch\u00f6nweitz f\u00fcr die vertrauensvolle Arbeit in den vergangenen Jahren.\u201d<\/p>\n<p style=\"text-align: justify;\">Oliver Bierhoff, Direktor Nationalmannschaften und Akademie, sagt: \u201cF\u00fcr mich steht au\u00dfer Frage, dass Stefan die F\u00e4higkeit besitzt, Trainer einer A-Nationalmannschaft zu sein. Und das kann er nun in der T\u00fcrkei auf einer gro\u00dfen B\u00fchne beweisen. Wir kennen uns schon lange, bei der EM 1996 haben wir gemeinsam einen gro\u00dfartigen Erfolg errungen. Damals waren wir Teamkollegen, aber auch Konkurrenten. Und was ich in dieser Zeit erlebt habe, gilt bis heute: Stefan ist ein K\u00e4mpfer, Teamplayer und macht alles mit gro\u00dfer Leidenschaft. Er kann seine Spieler und Teams auf eine ganz besondere Art begeistern. Alle Spieler, die unter ihm gespielt haben, schw\u00e4rmen von ihm und der Atmosph\u00e4re, die er in seinen Mannschafen geschaffen hat. Dem t\u00fcrkischen Verband kann man zu dieser Verpflichtung nur gratulieren, er bekommt einen absoluten Toptrainer. Und wir sind stolz darauf, dass wir mit dem DFB Stefans Weg begleitet und ihn gef\u00f6rdert haben. Alles Gute und viel Erfolg, Stefan!\u201d<\/p>\n<p style=\"text-align: justify;\">Kuntz \u00fcbernahm im September 2016 das Amt des U 21-Nationaltrainers von Horst Hrubesch. Unter Kuntz\u2019 Leitung feierte der DFB-Nachwuchs gro\u00dfe Erfolge: Dreimal in Folge (2017, 2019 und 2021) zog er mit seiner Mannschaft in das Finale der U 21-Europameisterschaft ein, 2017 und 2021 gewann er das Endspiel und wurde U 21-Europameister. Zudem war Kuntz Trainer des \u201cTeamD Fu\u00dfball\u201d, das in diesem Sommer an den Olympischen Spielen in Tokio teilnahm.<\/p>\n<hr \/>\n<p style=\"text-align: justify;\">\n","protected":false},"excerpt":{"rendered":"<p>Stefan Kuntz verl\u00e4sst den Deutschen Fu\u00dfball-Bund (DFB). Der bisherige Trainer der deutschen U 21-Nationalmannschaft \u00fcbernimmt mit sofortiger Wirkung das Cheftrainer-Amt der t\u00fcrkischen Nationalmannschaft. Das DFB-Pr\u00e4sidium hatte bereits am vergangenen Freitag einstimmig beschlossen, Kuntz aus seinem laufenden Vertrag zu entlassen, sollte er sich mit dem T\u00fcrkischen Fu\u00dfball-Verband auf eine Zusammenarbeit einigen. Diese Einigung ist nun erfolgt. [&hellip;]<\/p>\n","protected":false},"author":4,"featured_media":0,"comment_status":"closed","ping_status":"open","sticky":false,"template":"","format":"standard","meta":{"inline_featured_image":false,"_exactmetrics_skip_tracking":false,"_exactmetrics_sitenote_active":false,"_exactmetrics_sitenote_note":"","_exactmetrics_sitenote_category":0,"footnotes":""},"categories":[110],"tags":[11983,14857,129,5,15267,17132,68,9,17133],"class_list":{"0":"post-143436","1":"post","2":"type-post","3":"status-publish","4":"format-standard","6":"category-sport","7":"tag-dfb","8":"tag-die-webzeitung","9":"tag-fusball","10":"tag-internetzeitung","11":"tag-kuntz","12":"tag-nationaltrainer","13":"tag-online-zeitung","14":"tag-schaumedia","15":"tag-stefan"},"image_feature":null,"author_name":"Redaktion","pure_taxonomies":{"categories":[{"term_id":110,"name":"Sport","slug":"sport","term_group":0,"term_taxonomy_id":112,"taxonomy":"category","description":"Sportberichte","parent":0,"count":1043,"filter":"raw","image":""}],"tags":[{"term_id":11983,"name":"DFB","slug":"dfb","term_group":0,"term_taxonomy_id":12021,"taxonomy":"post_tag","description":"","parent":0,"count":46,"filter":"raw","image":""},{"term_id":14857,"name":"Die-Webzeitung","slug":"die-webzeitung","term_group":0,"term_taxonomy_id":14876,"taxonomy":"post_tag","description":"","parent":0,"count":3628,"filter":"raw","image":""},{"term_id":129,"name":"Fu\u00dfball","slug":"fusball","term_group":0,"term_taxonomy_id":131,"taxonomy":"post_tag","description":"","parent":0,"count":171,"filter":"raw","image":""},{"term_id":5,"name":"Internetzeitung","slug":"internetzeitung","term_group":0,"term_taxonomy_id":5,"taxonomy":"post_tag","description":"","parent":0,"count":1461,"filter":"raw","image":""},{"term_id":15267,"name":"Kuntz","slug":"kuntz","term_group":0,"term_taxonomy_id":15286,"taxonomy":"post_tag","description":"","parent":0,"count":1,"filter":"raw","image":""},{"term_id":17132,"name":"Nationaltrainer","slug":"nationaltrainer","term_group":0,"term_taxonomy_id":17151,"taxonomy":"post_tag","description":"","parent":0,"count":2,"filter":"raw","image":""},{"term_id":68,"name":"Online-Zeitung","slug":"online-zeitung","term_group":0,"term_taxonomy_id":69,"taxonomy":"post_tag","description":"","parent":0,"count":3598,"filter":"raw","image":""},{"term_id":9,"name":"SchauMedia","slug":"schaumedia","term_group":0,"term_taxonomy_id":9,"taxonomy":"post_tag","description":"","parent":0,"count":1607,"filter":"raw","image":""},{"term_id":17133,"name":"Stefan","slug":"stefan","term_group":0,"term_taxonomy_id":17152,"taxonomy":"post_tag","description":"","parent":0,"count":1,"filter":"raw","image":""}]},"_links":{"self":[{"href":"https:\/\/die-webzeitung.de\/stuttgart\/wp-json\/wp\/v2\/posts\/143436","targetHints":{"allow":["GET"]}}],"collection":[{"href":"https:\/\/die-webzeitung.de\/stuttgart\/wp-json\/wp\/v2\/posts"}],"about":[{"href":"https:\/\/die-webzeitung.de\/stuttgart\/wp-json\/wp\/v2\/types\/post"}],"author":[{"embeddable":true,"href":"https:\/\/die-webzeitung.de\/stuttgart\/wp-json\/wp\/v2\/users\/4"}],"replies":[{"embeddable":true,"href":"https:\/\/die-webzeitung.de\/stuttgart\/wp-json\/wp\/v2\/comments?post=143436"}],"version-history":[{"count":1,"href":"https:\/\/die-webzeitung.de\/stuttgart\/wp-json\/wp\/v2\/posts\/143436\/revisions"}],"predecessor-version":[{"id":143437,"href":"https:\/\/die-webzeitung.de\/stuttgart\/wp-json\/wp\/v2\/posts\/143436\/revisions\/143437"}],"wp:attachment":[{"href":"https:\/\/die-webzeitung.de\/stuttgart\/wp-json\/wp\/v2\/media?parent=143436"}],"wp:term":[{"taxonomy":"category","embeddable":true,"href":"https:\/\/die-webzeitung.de\/stuttgart\/wp-json\/wp\/v2\/categories?post=143436"},{"taxonomy":"post_tag","embeddable":true,"href":"https:\/\/die-webzeitung.de\/stuttgart\/wp-json\/wp\/v2\/tags?post=143436"}],"curies":[{"name":"wp","href":"https:\/\/api.w.org\/{rel}","templated":true}]}}