{"id":143422,"date":"2021-09-19T16:08:29","date_gmt":"2021-09-19T15:08:29","guid":{"rendered":"https:\/\/die-webzeitung.de\/stuttgart\/2021\/09\/19\/svl-schiesst-sich-souveraen-ins-viertelfinale\/"},"modified":"2021-09-19T16:08:46","modified_gmt":"2021-09-19T15:08:46","slug":"svl-schiesst-sich-souveraen-ins-viertelfinale","status":"publish","type":"post","link":"https:\/\/die-webzeitung.de\/stuttgart\/2021\/09\/19\/svl-schiesst-sich-souveraen-ins-viertelfinale\/","title":{"rendered":"SVL schie\u00dft sich souver\u00e4n ins Viertelfinale"},"content":{"rendered":"<h5 style=\"text-align: justify;\"><strong>Wasserballer im DSV-Pokal erfolgreich<br \/>\n<\/strong><\/h5>\n<p style=\"text-align: justify;\"><img loading=\"lazy\" decoding=\"async\" class=\"alignleft size-thumbnail wp-image-158196\" src=\"https:\/\/die-webzeitung.de\/ludwigsburg\/wp-content\/uploads\/sites\/5\/2020\/12\/svl-small.png\" alt=\"\" width=\"150\" height=\"150\" \/>Die Bundesliga-Wasserballer haben das Achtelfinale im DSV-Pokal am Freitagabend gegen den SV Cannstatt mit 30:10 (7:4, 8:2, 7:3, 8:1) souver\u00e4n gewonnen. Der Lokalrivale aus Stuttgart konnte nur im ersten Viertel mithalten mit Ludwigsburg, sp\u00e4ter hatte der SVC keine Chance mehr.<\/p>\n<p style=\"text-align: justify;\">Er w\u00fcnsche sich f\u00fcr sein Team \u201ekeine Packung\u201c, sagt Volker W\u00f6rn, die\u00a0Torwartlegende des SV Cannstatt unmittelbar vor dem Anpfiff des Spiels gegen den SVL im\u00a0Cannstatter Mombachbad. Nach dem Schlusspfiff wird es 30:10 f\u00fcr Ludwigsburg hei\u00dfen. Und auch die Zweitligisten des Lokalr ivalen mussten eingestehen: Das war dann doch zumindest ein\u00a0P\u00e4ckchen. Die Hoffnung mancher Cannstatter hie\u00df: Der Pokal hat seine eigenen Gesetze. Doch die Ludwigsburger Erstligisten lassen dem SV Cannstatt nur im ersten Viertel eine Chance auf eine offene Partie.<\/p>\n<p style=\"text-align: justify;\">Der SVC geht sogar zun\u00e4chst mit 1:0 in F\u00fchrung. Marko Martinic gleicht f\u00fcr den SVL bald aus und Aleksa Manic schie\u00dft das 2:1 f\u00fcr Ludwigsburg. Wenig sp\u00e4ter steht es schon 3:1. Dabei ist der Ludwigsburger Nationalspieler Timo van der Bosch noch gar nicht im Spiel. Er hatte vor dem Anpfiff erkl\u00e4rt, \u201edie Cannstatter werden k\u00e4mpfen, speziell im eigenen Becken\u201c im Mombach-Bad. Im ersten Viertel werde das Spiele \u201enicht so klar\u201c zugunsten von Ludwigsburg laufen, so die Voraussage von van der Bosch vor der Partie.<\/p>\n<p style=\"text-align: justify;\">Und der Mann, der lange f\u00fcr Cannstatt gespielt hat, beh\u00e4lt Recht. Gegen Ende des ersten Viertels steht es 4:4. Wird das Match doch noch unerwartet spannend? Nein, Kristijan Lipar schie\u00dft noch im ersten Viertel das 5:4 f\u00fcr Ludwigsburg, der mittlerweile eingewechselte Timo van der Bosch das 6:4 und Mattia Ruggeri auch noch das 7:4. Ende des ersten Viertels. Mit ihrer\u00a0individuellen Klasse setzen sich die SVL-Spieler durch.<\/p>\n<p style=\"text-align: justify;\">Im zweiten Viertel geht das muntere Toreschie\u00dfen des SVL weiter. Der Sprecher des SV Cannstatt, der das Spiel im Livestream kommentiert, sagt: \u201eDer SVL ist\u00a0einfach klasse.\u201c Der Torh\u00fcter des SVC zeigt\u00a0viele tolle Paraden, dennoch steht es nach der H\u00e4lfte der Spielzeit 15:6 f\u00fcr Ludwigsburg. Die international erfahrenen SVL-Spieler sind eine Klasse f\u00fcr sich, sie spielen schnelle, kurze P\u00e4sse. Die Ballbeherrschung ist beeindruckend &#8211; das muss auch der Sprecher eingestehen.<\/p>\n<p style=\"text-align: justify;\">Im dritten und im vierten Viertel erzielen die SVL-Spieler weiter Tor um Tor, der SVC versucht mitzuhalten &#8211; so gut es eben geht. Nach dem dritten Viertel seht es 22:9 f\u00fcr den Bundesligisten &#8211; und allen Zuschauern in der Halle und daheim an den Bildschirmen ist wohl klar: dieses Spiel ist gelaufen. Am Ende hei\u00dft es: 30:10 f\u00fcr Ludwigsburg.<\/p>\n<p style=\"text-align: justify;\">Der SVL-Vizepr\u00e4sident Matthias Nagel sagt unmittelbar nach dem Abpfiff sinngem\u00e4\u00df: Achtelfinale gewonnen, Pflicht erf\u00fcllt. Die Mannschaft habe bis dato leider wenig Spielm\u00f6glichkeiten gehabt, l\u00e4ngst laufe noch nicht alles rund. Aber \u201ewir sind sehr zufrieden\u201c. Zufrieden, dass der SVL souver\u00e4n ins Viertelfinale einzieht. Was gibt es noch zu tun? \u201eDie Abstimmung und die Abwehr verbessern.\u201c<\/p>\n<p style=\"text-align: justify;\">Der SVC-Spieler Volker W\u00f6rn, der vor einer Packung f\u00fcr sein Team gewarnt hatten, sagt; aus seiner Sicht habe der SVL drei bis vier Tore zu viel geschossen. Er sei aber dennoch einigerma\u00dfen zufrieden, denn Ludwigsburg geh\u00f6re \u201ezu den drei, vier besten Mannschaften in Deutschland\u201c. Cannstatt habe gek\u00e4mpft, aber ganz offenkundig \u201ekeine Chance\u201c gehabt.<\/p>\n<p style=\"text-align: justify;\">Nagel erkl\u00e4rt noch, dass er sich auf eine hoffentlich normale Saison freue &#8211; eine Saison ohne gr\u00f6\u00dfere Corona-Einschr\u00e4nkungen. \u201eWir wollen in unseren Rhythmus kommen.\u201c Timo van der Bosch, der \u00fcber weite Strecken des Spiels geschont wurde, sagt: die jungen, neuen Spieler des SVL h\u00e4tten in dem Match schon ganz gut zusammengefunden. Dass Ludwigsburg gewinnen w\u00fcrde, das sei ihm klar gewesen &#8211; ein so deutliches Ergebnis habe er aber nicht erwartet.<\/p>\n<p style=\"text-align: justify;\">Nun freuten er und die ganze Mannschaft sich auf die Eurocup-Spiele Anfang Oktober in S\u00fcditalien. Dort k\u00f6nne sich Ludwigsburg mit top Mannschaften aus Italien, Griechenland und Frankreich messen. Im DSV-Pokal sei das erkl\u00e4rte Ziel die Teilnahme am Final-Four-Turnier. Um das zu erreichen, muss der SVL zun\u00e4chst das Viertelfinale gewinnen, der Gegner f\u00fcr diese Partie steht noch nicht fest.<\/p>\n<p style=\"text-align: justify;\">F\u00fcr den SVL spielten:<br \/>\nJosip Katusa, Mikael Metodiev (4), Timo van der Bosch (2), Tobias Bauer (1), Marko Martinic (5), Veljko Stanimirovic (3), Kristijan Lipar, Mattia Ruggeri (4), Mateja Bosic (3), Nino Blazevic (2), Eric Fernandez Rivas (4), Aleksa Manic (2)<\/p>\n<hr \/>\n<p style=\"text-align: justify;\">\n","protected":false},"excerpt":{"rendered":"<p>Wasserballer im DSV-Pokal erfolgreich Die Bundesliga-Wasserballer haben das Achtelfinale im DSV-Pokal am Freitagabend gegen den SV Cannstatt mit 30:10 (7:4, 8:2, 7:3, 8:1) souver\u00e4n gewonnen. Der Lokalrivale aus Stuttgart konnte nur im ersten Viertel mithalten mit Ludwigsburg, sp\u00e4ter hatte der SVC keine Chance mehr. Er w\u00fcnsche sich f\u00fcr sein Team \u201ekeine Packung\u201c, sagt Volker W\u00f6rn, [&hellip;]<\/p>\n","protected":false},"author":4,"featured_media":0,"comment_status":"closed","ping_status":"open","sticky":false,"template":"","format":"standard","meta":{"inline_featured_image":false,"_exactmetrics_skip_tracking":false,"_exactmetrics_sitenote_active":false,"_exactmetrics_sitenote_note":"","_exactmetrics_sitenote_category":0,"footnotes":""},"categories":[110],"tags":[131,14857,5,68,9,15012,14387,14388,14027],"class_list":{"0":"post-143422","1":"post","2":"type-post","3":"status-publish","4":"format-standard","6":"category-sport","7":"tag-bundesliga","8":"tag-die-webzeitung","9":"tag-internetzeitung","10":"tag-online-zeitung","11":"tag-schaumedia","12":"tag-schwimmen","13":"tag-schwimmverein","14":"tag-svl","15":"tag-wasserball"},"image_feature":null,"author_name":"Redaktion","pure_taxonomies":{"categories":[{"term_id":110,"name":"Sport","slug":"sport","term_group":0,"term_taxonomy_id":112,"taxonomy":"category","description":"Sportberichte","parent":0,"count":1043,"filter":"raw","image":""}],"tags":[{"term_id":131,"name":"Bundesliga","slug":"bundesliga","term_group":0,"term_taxonomy_id":133,"taxonomy":"post_tag","description":"","parent":0,"count":699,"filter":"raw","image":""},{"term_id":14857,"name":"Die-Webzeitung","slug":"die-webzeitung","term_group":0,"term_taxonomy_id":14876,"taxonomy":"post_tag","description":"","parent":0,"count":3628,"filter":"raw","image":""},{"term_id":5,"name":"Internetzeitung","slug":"internetzeitung","term_group":0,"term_taxonomy_id":5,"taxonomy":"post_tag","description":"","parent":0,"count":1461,"filter":"raw","image":""},{"term_id":68,"name":"Online-Zeitung","slug":"online-zeitung","term_group":0,"term_taxonomy_id":69,"taxonomy":"post_tag","description":"","parent":0,"count":3598,"filter":"raw","image":""},{"term_id":9,"name":"SchauMedia","slug":"schaumedia","term_group":0,"term_taxonomy_id":9,"taxonomy":"post_tag","description":"","parent":0,"count":1607,"filter":"raw","image":""},{"term_id":15012,"name":"schwimmen","slug":"schwimmen","term_group":0,"term_taxonomy_id":15031,"taxonomy":"post_tag","description":"","parent":0,"count":149,"filter":"raw","image":""},{"term_id":14387,"name":"Schwimmverein","slug":"schwimmverein","term_group":0,"term_taxonomy_id":14421,"taxonomy":"post_tag","description":"","parent":0,"count":152,"filter":"raw","image":""},{"term_id":14388,"name":"SVL","slug":"svl","term_group":0,"term_taxonomy_id":14422,"taxonomy":"post_tag","description":"","parent":0,"count":151,"filter":"raw","image":""},{"term_id":14027,"name":"Wasserball","slug":"wasserball","term_group":0,"term_taxonomy_id":14069,"taxonomy":"post_tag","description":"","parent":0,"count":132,"filter":"raw","image":""}]},"_links":{"self":[{"href":"https:\/\/die-webzeitung.de\/stuttgart\/wp-json\/wp\/v2\/posts\/143422","targetHints":{"allow":["GET"]}}],"collection":[{"href":"https:\/\/die-webzeitung.de\/stuttgart\/wp-json\/wp\/v2\/posts"}],"about":[{"href":"https:\/\/die-webzeitung.de\/stuttgart\/wp-json\/wp\/v2\/types\/post"}],"author":[{"embeddable":true,"href":"https:\/\/die-webzeitung.de\/stuttgart\/wp-json\/wp\/v2\/users\/4"}],"replies":[{"embeddable":true,"href":"https:\/\/die-webzeitung.de\/stuttgart\/wp-json\/wp\/v2\/comments?post=143422"}],"version-history":[{"count":1,"href":"https:\/\/die-webzeitung.de\/stuttgart\/wp-json\/wp\/v2\/posts\/143422\/revisions"}],"predecessor-version":[{"id":143423,"href":"https:\/\/die-webzeitung.de\/stuttgart\/wp-json\/wp\/v2\/posts\/143422\/revisions\/143423"}],"wp:attachment":[{"href":"https:\/\/die-webzeitung.de\/stuttgart\/wp-json\/wp\/v2\/media?parent=143422"}],"wp:term":[{"taxonomy":"category","embeddable":true,"href":"https:\/\/die-webzeitung.de\/stuttgart\/wp-json\/wp\/v2\/categories?post=143422"},{"taxonomy":"post_tag","embeddable":true,"href":"https:\/\/die-webzeitung.de\/stuttgart\/wp-json\/wp\/v2\/tags?post=143422"}],"curies":[{"name":"wp","href":"https:\/\/api.w.org\/{rel}","templated":true}]}}