{"id":143405,"date":"2021-09-18T10:42:38","date_gmt":"2021-09-18T09:42:38","guid":{"rendered":"https:\/\/die-webzeitung.de\/stuttgart\/?p=143405"},"modified":"2021-09-18T10:42:38","modified_gmt":"2021-09-18T09:42:38","slug":"fahrplan-des-impfbusses-ab-19-september","status":"publish","type":"post","link":"https:\/\/die-webzeitung.de\/stuttgart\/2021\/09\/18\/fahrplan-des-impfbusses-ab-19-september\/","title":{"rendered":"Fahrplan des Impfbusses im Kreis Esslingen"},"content":{"rendered":"<p style=\"text-align: justify;\">In der kommenden Woche ist der Impfbus im Landkreis Esslingen wie folgt im Kreisgebiet unterwegs:<\/p>\n<p style=\"text-align: justify;\"><strong>Sonntag, 19. September:<\/strong> N\u00fcrtingen, Tiefenbachstra\u00dfe, Veranstaltung \u201eMobil ohne Auto\u201c, 11 bis 15 Uhr<\/p>\n<p style=\"text-align: justify;\"><strong>Montag, 20. September:<\/strong> Lenningen, Parkplatz Sporthalle\/Feuerwehr, Pouilly-Platz 1, 12 bis 14 Uhr; Dettingen, Parkplatz Schlossberghalle, Teckstra\u00dfe 35, 15.30 bis 18 Uhr<\/p>\n<p style=\"text-align: justify;\"><strong>Dienstag, 21. September:<\/strong> Deizisau, Am Marktplatz 1, 12 bis 14 Uhr; Denkendorf, Parkpl\u00e4tze Albert-Schweitzer-Schule, 15.30 bis 18 Uhr<\/p>\n<p style=\"text-align: justify;\"><strong>Mittwoch, 22. September:<\/strong> Oberboihingen, Skaterplatz, May-Eyth-Stra\u00dfe\/Neckarstra\u00dfe, 12 bis 13.15 Uhr; Kirchheim, Parkplatz Ziegelwasen, Obere\/Untere Steinstra\u00dfe, 15 bis 18 Uhr<\/p>\n<p style=\"text-align: justify;\"><strong>Donnerstag, 23. September<\/strong>: N\u00fcrtingen, Ausl\u00e4nderamt, Europastra\u00dfe 40, 13.30 bis 18 Uhr<\/p>\n<p style=\"text-align: justify;\"><strong>Freitag, 24. September:<\/strong> Leinfelden-Echterdingen, Kirchplatz vor dem Rathaus Echterdingen, Bernh\u00e4user Stra\u00dfe\/Burgstra\u00dfe, 12 bis 13:30 Uhr; Filderstadt, Parkplatz Real-Markt Bernhausen, Plieninger Stra\u00dfe 63D, 15 bis 18 Uhr<\/p>\n<p style=\"text-align: justify;\"><strong>Samstag, 25. September:<\/strong> Wernau, Maultaschenfest, Hauptstra\u00dfe\/Kirchheimer Stra\u00dfe, 17 bis 21 Uhr<\/p>\n<hr \/>\n<p style=\"text-align: justify;\">\n","protected":false},"excerpt":{"rendered":"<p>In der kommenden Woche ist der Impfbus im Landkreis Esslingen wie folgt im Kreisgebiet unterwegs: Sonntag, 19. September: N\u00fcrtingen, Tiefenbachstra\u00dfe, Veranstaltung \u201eMobil ohne Auto\u201c, 11 bis 15 Uhr Montag, 20. September: Lenningen, Parkplatz Sporthalle\/Feuerwehr, Pouilly-Platz 1, 12 bis 14 Uhr; Dettingen, Parkplatz Schlossberghalle, Teckstra\u00dfe 35, 15.30 bis 18 Uhr Dienstag, 21. September: Deizisau, Am Marktplatz [&hellip;]<\/p>\n","protected":false},"author":4,"featured_media":0,"comment_status":"closed","ping_status":"open","sticky":false,"template":"","format":"standard","meta":{"inline_featured_image":false,"_exactmetrics_skip_tracking":false,"_exactmetrics_sitenote_active":false,"_exactmetrics_sitenote_note":"","_exactmetrics_sitenote_category":0,"footnotes":""},"categories":[59],"tags":[14857,14440,17103,5,68,9],"class_list":{"0":"post-143405","1":"post","2":"type-post","3":"status-publish","4":"format-standard","6":"category-aktuell","7":"tag-die-webzeitung","8":"tag-esslingen","9":"tag-impfbus","10":"tag-internetzeitung","11":"tag-online-zeitung","12":"tag-schaumedia"},"image_feature":null,"author_name":"Redaktion","pure_taxonomies":{"categories":[{"term_id":59,"name":"Aktuell","slug":"aktuell","term_group":0,"term_taxonomy_id":60,"taxonomy":"category","description":"","parent":0,"count":1018,"filter":"raw","image":""}],"tags":[{"term_id":14857,"name":"Die-Webzeitung","slug":"die-webzeitung","term_group":0,"term_taxonomy_id":14876,"taxonomy":"post_tag","description":"","parent":0,"count":3628,"filter":"raw","image":""},{"term_id":14440,"name":"Esslingen","slug":"esslingen","term_group":0,"term_taxonomy_id":3885,"taxonomy":"post_tag","description":"","parent":0,"count":202,"filter":"raw","image":""},{"term_id":17103,"name":"Impfbus","slug":"impfbus","term_group":0,"term_taxonomy_id":17122,"taxonomy":"post_tag","description":"","parent":0,"count":4,"filter":"raw","image":""},{"term_id":5,"name":"Internetzeitung","slug":"internetzeitung","term_group":0,"term_taxonomy_id":5,"taxonomy":"post_tag","description":"","parent":0,"count":1461,"filter":"raw","image":""},{"term_id":68,"name":"Online-Zeitung","slug":"online-zeitung","term_group":0,"term_taxonomy_id":69,"taxonomy":"post_tag","description":"","parent":0,"count":3598,"filter":"raw","image":""},{"term_id":9,"name":"SchauMedia","slug":"schaumedia","term_group":0,"term_taxonomy_id":9,"taxonomy":"post_tag","description":"","parent":0,"count":1607,"filter":"raw","image":""}]},"_links":{"self":[{"href":"https:\/\/die-webzeitung.de\/stuttgart\/wp-json\/wp\/v2\/posts\/143405","targetHints":{"allow":["GET"]}}],"collection":[{"href":"https:\/\/die-webzeitung.de\/stuttgart\/wp-json\/wp\/v2\/posts"}],"about":[{"href":"https:\/\/die-webzeitung.de\/stuttgart\/wp-json\/wp\/v2\/types\/post"}],"author":[{"embeddable":true,"href":"https:\/\/die-webzeitung.de\/stuttgart\/wp-json\/wp\/v2\/users\/4"}],"replies":[{"embeddable":true,"href":"https:\/\/die-webzeitung.de\/stuttgart\/wp-json\/wp\/v2\/comments?post=143405"}],"version-history":[{"count":2,"href":"https:\/\/die-webzeitung.de\/stuttgart\/wp-json\/wp\/v2\/posts\/143405\/revisions"}],"predecessor-version":[{"id":143407,"href":"https:\/\/die-webzeitung.de\/stuttgart\/wp-json\/wp\/v2\/posts\/143405\/revisions\/143407"}],"wp:attachment":[{"href":"https:\/\/die-webzeitung.de\/stuttgart\/wp-json\/wp\/v2\/media?parent=143405"}],"wp:term":[{"taxonomy":"category","embeddable":true,"href":"https:\/\/die-webzeitung.de\/stuttgart\/wp-json\/wp\/v2\/categories?post=143405"},{"taxonomy":"post_tag","embeddable":true,"href":"https:\/\/die-webzeitung.de\/stuttgart\/wp-json\/wp\/v2\/tags?post=143405"}],"curies":[{"name":"wp","href":"https:\/\/api.w.org\/{rel}","templated":true}]}}