{"id":143373,"date":"2021-09-14T14:08:07","date_gmt":"2021-09-14T13:08:07","guid":{"rendered":"https:\/\/die-webzeitung.de\/stuttgart\/2021\/09\/14\/olymp-bleibt-hundertprozentig-klimaneutral-am-firmensitz\/"},"modified":"2021-09-14T14:08:45","modified_gmt":"2021-09-14T13:08:45","slug":"olymp-bleibt-hundertprozentig-klimaneutral-am-firmensitz","status":"publish","type":"post","link":"https:\/\/die-webzeitung.de\/stuttgart\/2021\/09\/14\/olymp-bleibt-hundertprozentig-klimaneutral-am-firmensitz\/","title":{"rendered":"OLYMP bleibt hundertprozentig klimaneutral am Firmensitz"},"content":{"rendered":"<h5 style=\"text-align: justify;\"><strong>Bietigheimer Fashion Brand ist auch 2020\/2021 klimaneutrales Unternehmen<\/strong><\/h5>\n<p style=\"text-align: justify;\">Bietigheim-Bissingen.| Die OLYMP Bezner KG ist im Rahmen ihres weitreichenden Nachhaltigkeitsengagements bestrebt, ihre Treibhausgasemissionen am Firmensitz in Bietigheim-Bissingen (Landkreis Ludwigsburg, Baden-W\u00fcrttemberg, Deutschland) m\u00f6glichst gering zu halten und vollst\u00e4ndig zu kompensieren. Auf diese Weise ist es dem Modehersteller auch in 2020\/2021 gelungen, Klimaneutralit\u00e4t am Standort mit Verwaltung und Logistikzentrum zu erreichen.<\/p>\n<p style=\"text-align: justify;\">Die renommierte Klimaschutzberatung ClimatePartner GmbH aus M\u00fcnchen hat im Auftrag der OLYMP Bezner KG einen Corporate Carbon Footprint (CCF) f\u00fcr die Jahre 2016 bis 2020 erstellt. Dies geschah in Anlehnung an die Richtlinien der privaten transnationalen Initiative Greenhouse Gas Protocol (GHG), welche die Treibhausgasemissionen bilanziert und protokolliert.<\/p>\n<p style=\"text-align: justify;\">Mathias Eggle, Gesch\u00e4ftsf\u00fchrer der OLYMP Bezner KG, sagt: \u201eWir sind uns unserer Unternehmensverantwortung voll und ganz bewusst. Deshalb tun wir alles, um unsere Handlungen und Prozesse so zu gestalten, dass der \u00f6kologische Fu\u00dfabdruck so klein wie m\u00f6glich ausf\u00e4llt. Allein durch den Bezug von \u00d6kostrom und Fotovoltaik konnten in den letzten Jahren ann\u00e4hernd 7.000 Tonnen an Kohlendioxid eingespart werden. Innerhalb des Bewertungsprozesses legen wir gro\u00dfen Wert darauf, dass s\u00e4mtliche Aspekte ber\u00fccksichtigt werden. Hierzu geh\u00f6rt f\u00fcr uns auch unweigerlich die Mitarbeitermobilit\u00e4t, die oftmals vernachl\u00e4ssigt wird. Immerhin wird bei mehreren hundert Besch\u00e4ftigten am Standort auch in Zeiten von Homeoffice und Kurzarbeit ein nicht unerheblicher Teil des Kohlenstoffdioxidaussto\u00dfes durch Fahrtwege vom und zum Arbeitsplatz verursacht.\u201c<\/p>\n<p style=\"text-align: justify;\">Zu den weltweit von OLYMP unterst\u00fctzten Klimaschutzprojekten z\u00e4hlen die Ma\u00dfnahme Sumpfwald, durch welche Regenwald in Rimba Raya, Indonesien, vor der Abholzung gesch\u00fctzt wird, genauso wie die Initiative Sauberes Trinkwasser, welche die Trinkwasserversorgung Tausender Menschen im indischen Odisha sicherstellt. Au\u00dferdem das Projekt Freundliche \u00d6fen, das Menschen in Bangladesch m\u00f6glichst umweltfreundliche Kochm\u00f6glichkeiten bereitstellt, um sowohl entsprechende Aufkl\u00e4rungsarbeit zu leisten als auch die Gesundheitsgef\u00e4hrdung der Bev\u00f6lkerung einzud\u00e4mmen. Durch diese Ma\u00dfnahmen konnten 2020\/2021 fast 2.000 Tonnen an Kohlendioxid durch OLYMP ausgeglichen werden.<\/p>\n<p style=\"text-align: justify;\">Der Beitrag zu mehr Klimaschutz am Standort gestaltet sich bei OLYMP vielf\u00e4ltig. Auf Grundlage einer \u00f6kologischen und nachhaltigen Bauk\u00f6rperstruktur der Firmengeb\u00e4ude wird ein W\u00e4rmed\u00e4mmsystem, ein Energiekonzept mit Abw\u00e4rmenutzung bzw. W\u00e4rmer\u00fcckgewinnung, ein innovatives K\u00fchlkonzept (Absorber-Prinzip) sowie Geothermie genutzt. Der Einsatz energieeffizienter\u00a0Lager- und F\u00f6rdersysteme erm\u00f6glicht es, durch ein Blockheizkraftwerk (200 kW) und Fotovoltaik (300 kW) bei Sonnenschein nahezu den gesamten Strombedarf der Logistik selbst zu erzeugen. Um Emissionen und CO2-Aussto\u00df weiter zu minimieren, erfolgen Warentransporte so umweltfreundlich wie m\u00f6glich. Durch die Mehrfachverwendung von Versandkartonagen wird j\u00e4hrlich tonnenweise Abfall vermieden \u2013 2020 waren es rund 33 Tonnen, die gegen\u00fcber 2019 eingespart werden konnten. Zudem werden naturnahe Lebensr\u00e4ume f\u00fcr Tiere und Pflanzen am Firmensitz erhalten.<\/p>\n<hr \/>\n<p style=\"text-align: justify;\">\n","protected":false},"excerpt":{"rendered":"<p>Bietigheimer Fashion Brand ist auch 2020\/2021 klimaneutrales Unternehmen Bietigheim-Bissingen.| Die OLYMP Bezner KG ist im Rahmen ihres weitreichenden Nachhaltigkeitsengagements bestrebt, ihre Treibhausgasemissionen am Firmensitz in Bietigheim-Bissingen (Landkreis Ludwigsburg, Baden-W\u00fcrttemberg, Deutschland) m\u00f6glichst gering zu halten und vollst\u00e4ndig zu kompensieren. Auf diese Weise ist es dem Modehersteller auch in 2020\/2021 gelungen, Klimaneutralit\u00e4t am Standort mit Verwaltung und [&hellip;]<\/p>\n","protected":false},"author":4,"featured_media":0,"comment_status":"closed","ping_status":"open","sticky":false,"template":"","format":"standard","meta":{"inline_featured_image":false,"_exactmetrics_skip_tracking":false,"_exactmetrics_sitenote_active":false,"_exactmetrics_sitenote_note":"","_exactmetrics_sitenote_category":0,"footnotes":""},"categories":[479],"tags":[9121,14857,9586,17126,5,16694,9566,147,68,9],"class_list":{"0":"post-143373","1":"post","2":"type-post","3":"status-publish","4":"format-standard","6":"category-wirtschaft","7":"tag-bietigheim-bissingen","8":"tag-die-webzeitung","9":"tag-hemden","10":"tag-hosen","11":"tag-internetzeitung","12":"tag-klimaneutral","13":"tag-mode","14":"tag-olymp","15":"tag-online-zeitung","16":"tag-schaumedia"},"image_feature":null,"author_name":"Redaktion","pure_taxonomies":{"categories":[{"term_id":479,"name":"Wirtschaft","slug":"wirtschaft","term_group":0,"term_taxonomy_id":1941,"taxonomy":"category","description":"","parent":0,"count":282,"filter":"raw","image":""}],"tags":[{"term_id":9121,"name":"Bietigheim-Bissingen","slug":"bietigheim-bissingen","term_group":0,"term_taxonomy_id":9147,"taxonomy":"post_tag","description":"","parent":0,"count":291,"filter":"raw","image":""},{"term_id":14857,"name":"Die-Webzeitung","slug":"die-webzeitung","term_group":0,"term_taxonomy_id":14876,"taxonomy":"post_tag","description":"","parent":0,"count":3628,"filter":"raw","image":""},{"term_id":9586,"name":"Hemden","slug":"hemden","term_group":0,"term_taxonomy_id":9616,"taxonomy":"post_tag","description":"","parent":0,"count":7,"filter":"raw","image":""},{"term_id":17126,"name":"Hosen","slug":"hosen","term_group":0,"term_taxonomy_id":17145,"taxonomy":"post_tag","description":"","parent":0,"count":1,"filter":"raw","image":""},{"term_id":5,"name":"Internetzeitung","slug":"internetzeitung","term_group":0,"term_taxonomy_id":5,"taxonomy":"post_tag","description":"","parent":0,"count":1461,"filter":"raw","image":""},{"term_id":16694,"name":"klimaneutral","slug":"klimaneutral","term_group":0,"term_taxonomy_id":16713,"taxonomy":"post_tag","description":"","parent":0,"count":5,"filter":"raw","image":""},{"term_id":9566,"name":"Mode","slug":"mode","term_group":0,"term_taxonomy_id":9596,"taxonomy":"post_tag","description":"","parent":0,"count":2,"filter":"raw","image":""},{"term_id":147,"name":"Olymp","slug":"olymp","term_group":0,"term_taxonomy_id":149,"taxonomy":"post_tag","description":"","parent":0,"count":8,"filter":"raw","image":""},{"term_id":68,"name":"Online-Zeitung","slug":"online-zeitung","term_group":0,"term_taxonomy_id":69,"taxonomy":"post_tag","description":"","parent":0,"count":3598,"filter":"raw","image":""},{"term_id":9,"name":"SchauMedia","slug":"schaumedia","term_group":0,"term_taxonomy_id":9,"taxonomy":"post_tag","description":"","parent":0,"count":1607,"filter":"raw","image":""}]},"_links":{"self":[{"href":"https:\/\/die-webzeitung.de\/stuttgart\/wp-json\/wp\/v2\/posts\/143373","targetHints":{"allow":["GET"]}}],"collection":[{"href":"https:\/\/die-webzeitung.de\/stuttgart\/wp-json\/wp\/v2\/posts"}],"about":[{"href":"https:\/\/die-webzeitung.de\/stuttgart\/wp-json\/wp\/v2\/types\/post"}],"author":[{"embeddable":true,"href":"https:\/\/die-webzeitung.de\/stuttgart\/wp-json\/wp\/v2\/users\/4"}],"replies":[{"embeddable":true,"href":"https:\/\/die-webzeitung.de\/stuttgart\/wp-json\/wp\/v2\/comments?post=143373"}],"version-history":[{"count":1,"href":"https:\/\/die-webzeitung.de\/stuttgart\/wp-json\/wp\/v2\/posts\/143373\/revisions"}],"predecessor-version":[{"id":143374,"href":"https:\/\/die-webzeitung.de\/stuttgart\/wp-json\/wp\/v2\/posts\/143373\/revisions\/143374"}],"wp:attachment":[{"href":"https:\/\/die-webzeitung.de\/stuttgart\/wp-json\/wp\/v2\/media?parent=143373"}],"wp:term":[{"taxonomy":"category","embeddable":true,"href":"https:\/\/die-webzeitung.de\/stuttgart\/wp-json\/wp\/v2\/categories?post=143373"},{"taxonomy":"post_tag","embeddable":true,"href":"https:\/\/die-webzeitung.de\/stuttgart\/wp-json\/wp\/v2\/tags?post=143373"}],"curies":[{"name":"wp","href":"https:\/\/api.w.org\/{rel}","templated":true}]}}