{"id":143357,"date":"2021-09-13T15:39:59","date_gmt":"2021-09-13T14:39:59","guid":{"rendered":"https:\/\/die-webzeitung.de\/stuttgart\/?p=143357"},"modified":"2021-09-13T15:39:59","modified_gmt":"2021-09-13T14:39:59","slug":"stadtwerke-fuehren-energieprojekt-an-stuttgarter-grundschulen-weiter","status":"publish","type":"post","link":"https:\/\/die-webzeitung.de\/stuttgart\/2021\/09\/13\/stadtwerke-fuehren-energieprojekt-an-stuttgarter-grundschulen-weiter\/","title":{"rendered":"Stadtwerke f\u00fchren Energieprojekt an Stuttgarter Grundschulen weiter"},"content":{"rendered":"<p style=\"text-align: justify;\">Stuttgart.| Spielerisch das Thema Nachhaltigkeit und Energiewende entdecken? Das Energieprojekt f\u00fcr Grundschulen der Stadtwerke Stuttgart macht vor, wie das geht. Das Projekt bietet Stuttgarter Grund-, F\u00f6rder- und Sonderschulen die M\u00f6glichkeit, Sch\u00fclerinnen und Sch\u00fcler die Energiewende n\u00e4her zu bringen. Nach Corona-bedingter Pause wird das Projekt nun unter strengen Hygienema\u00dfnahmen im Schuljahr 2021\/2022 zum achten Mal umgesetzt.<\/p>\n<p style=\"text-align: justify;\">Spannende Einblicke rund um das Thema &#8220;Strom und W\u00e4rme aus der Kraft der Sonne&#8221; erwarten die Sch\u00fclerinnen und Sch\u00fcler: So bauen sie beim Energieprojekt sogar eigene kleine Solarkollektoren. &#8220;Die Kinder lernen spielerisch, wie umweltfreundlicher Strom erzeugt wird und wie man ganz einfach selbst Energie sparen kann&#8221;, sagt Stadtwerke-Gesch\u00e4ftsf\u00fchrer Peter Drausnigg. &#8220;Es ist wichtig, die Generation von morgen fr\u00fchzeitig und mit Spa\u00df an das Thema Nachhaltigkeit heranzuf\u00fchren. Nur so kann umweltbewusstes Handeln f\u00fcr sie zur Selbstverst\u00e4ndlichkeit werden.&#8221;<\/p>\n<p style=\"text-align: justify;\">Den Unterricht an den teilnehmenden Grund-, F\u00f6rder- und Sonderschulen \u00fcbernehmen geschulte Umweltp\u00e4dagogen der Deutschen Umwelt-Aktion e.V. F\u00fcr die Schulen ist die Teilnahme kostenlos, da die Stadtwerke Stuttgart die Aktion finanzieren. Interessierte Stuttgarter Schulen k\u00f6nnen sich ab sofort bei den Stadtwerken anmelden. Am Energieprojekt der Stadtwerke haben seit dem Schuljahr 2013\/2014 rund 700 Stuttgarter Schulklassen teilgenommen.<\/p>\n<hr \/>\n<p style=\"text-align: justify;\">\n","protected":false},"excerpt":{"rendered":"<p>Stuttgart.| Spielerisch das Thema Nachhaltigkeit und Energiewende entdecken? Das Energieprojekt f\u00fcr Grundschulen der Stadtwerke Stuttgart macht vor, wie das geht. Das Projekt bietet Stuttgarter Grund-, F\u00f6rder- und Sonderschulen die M\u00f6glichkeit, Sch\u00fclerinnen und Sch\u00fcler die Energiewende n\u00e4her zu bringen. Nach Corona-bedingter Pause wird das Projekt nun unter strengen Hygienema\u00dfnahmen im Schuljahr 2021\/2022 zum achten Mal umgesetzt. [&hellip;]<\/p>\n","protected":false},"author":4,"featured_media":0,"comment_status":"closed","ping_status":"open","sticky":false,"template":"","format":"standard","meta":{"inline_featured_image":false,"_exactmetrics_skip_tracking":false,"_exactmetrics_sitenote_active":false,"_exactmetrics_sitenote_note":"","_exactmetrics_sitenote_category":0,"footnotes":""},"categories":[2239],"tags":[14857,5,68,9,180,275],"class_list":{"0":"post-143357","1":"post","2":"type-post","3":"status-publish","4":"format-standard","6":"category-stuttgart-lokal","7":"tag-die-webzeitung","8":"tag-internetzeitung","9":"tag-online-zeitung","10":"tag-schaumedia","11":"tag-stadtwerke","12":"tag-stuttgart"},"image_feature":null,"author_name":"Redaktion","pure_taxonomies":{"categories":[{"term_id":2239,"name":"Stuttgart","slug":"stuttgart-lokal","term_group":0,"term_taxonomy_id":2252,"taxonomy":"category","description":"Berichte und Informationen aus Stuttgart","parent":1433,"count":943,"filter":"raw","image":""}],"tags":[{"term_id":14857,"name":"Die-Webzeitung","slug":"die-webzeitung","term_group":0,"term_taxonomy_id":14876,"taxonomy":"post_tag","description":"","parent":0,"count":3628,"filter":"raw","image":""},{"term_id":5,"name":"Internetzeitung","slug":"internetzeitung","term_group":0,"term_taxonomy_id":5,"taxonomy":"post_tag","description":"","parent":0,"count":1461,"filter":"raw","image":""},{"term_id":68,"name":"Online-Zeitung","slug":"online-zeitung","term_group":0,"term_taxonomy_id":69,"taxonomy":"post_tag","description":"","parent":0,"count":3598,"filter":"raw","image":""},{"term_id":9,"name":"SchauMedia","slug":"schaumedia","term_group":0,"term_taxonomy_id":9,"taxonomy":"post_tag","description":"","parent":0,"count":1607,"filter":"raw","image":""},{"term_id":180,"name":"Stadtwerke","slug":"stadtwerke","term_group":0,"term_taxonomy_id":182,"taxonomy":"post_tag","description":"","parent":0,"count":15,"filter":"raw","image":""},{"term_id":275,"name":"Stuttgart","slug":"stuttgart","term_group":0,"term_taxonomy_id":281,"taxonomy":"post_tag","description":"","parent":0,"count":1196,"filter":"raw","image":""}]},"_links":{"self":[{"href":"https:\/\/die-webzeitung.de\/stuttgart\/wp-json\/wp\/v2\/posts\/143357","targetHints":{"allow":["GET"]}}],"collection":[{"href":"https:\/\/die-webzeitung.de\/stuttgart\/wp-json\/wp\/v2\/posts"}],"about":[{"href":"https:\/\/die-webzeitung.de\/stuttgart\/wp-json\/wp\/v2\/types\/post"}],"author":[{"embeddable":true,"href":"https:\/\/die-webzeitung.de\/stuttgart\/wp-json\/wp\/v2\/users\/4"}],"replies":[{"embeddable":true,"href":"https:\/\/die-webzeitung.de\/stuttgart\/wp-json\/wp\/v2\/comments?post=143357"}],"version-history":[{"count":2,"href":"https:\/\/die-webzeitung.de\/stuttgart\/wp-json\/wp\/v2\/posts\/143357\/revisions"}],"predecessor-version":[{"id":143359,"href":"https:\/\/die-webzeitung.de\/stuttgart\/wp-json\/wp\/v2\/posts\/143357\/revisions\/143359"}],"wp:attachment":[{"href":"https:\/\/die-webzeitung.de\/stuttgart\/wp-json\/wp\/v2\/media?parent=143357"}],"wp:term":[{"taxonomy":"category","embeddable":true,"href":"https:\/\/die-webzeitung.de\/stuttgart\/wp-json\/wp\/v2\/categories?post=143357"},{"taxonomy":"post_tag","embeddable":true,"href":"https:\/\/die-webzeitung.de\/stuttgart\/wp-json\/wp\/v2\/tags?post=143357"}],"curies":[{"name":"wp","href":"https:\/\/api.w.org\/{rel}","templated":true}]}}