{"id":143353,"date":"2021-09-13T15:16:00","date_gmt":"2021-09-13T14:16:00","guid":{"rendered":"https:\/\/die-webzeitung.de\/stuttgart\/2021\/09\/13\/whs-verkauft-quartiersentwicklung-victoria-gaerten-vollstaendig\/"},"modified":"2021-09-13T15:16:00","modified_gmt":"2021-09-13T14:16:00","slug":"whs-verkauft-quartiersentwicklung-victoria-gaerten-vollstaendig","status":"publish","type":"post","link":"https:\/\/die-webzeitung.de\/stuttgart\/2021\/09\/13\/whs-verkauft-quartiersentwicklung-victoria-gaerten-vollstaendig\/","title":{"rendered":"WHS verkauft Quartiersentwicklung \u201eVictoria G\u00e4rten\u201c vollst\u00e4ndig"},"content":{"rendered":"<p style=\"text-align: justify;\">Bad Homburg.| Die W\u00fcstenrot Haus- und St\u00e4dtebau GmbH (WHS) hat alle Baufelder des Gro\u00dfprojekts \u201eVictoria G\u00e4rten\u201c in Bad Homburg an drei Investoren verkauft. Insgesamt errichtet die WHS auf dem ehemaligen Du-Pont-Gel\u00e4nde mehr als 500 Wohnungen in 27 H\u00e4usern mit etwa 41.000 Quadratmetern Wohnfl\u00e4che sowie eine Kindertagesst\u00e4tte. Die ersten Bewohner ziehen voraussichtlich Ende 2022 ein. Die Fertigstellung des gesamten Quartiers ist bis Anfang 2024 vorgesehen. Neben den \u201eVictoria G\u00e4rten\u201c vermarktet die WHS selbst noch 40 Eigentumswohnungen im Einzelvertrieb.<\/p>\n<p style=\"text-align: justify;\">Insgesamt werden auf dem an der Stadtgrenze zu Frankfurt gelegenen Areal sieben Einzelquartiere errichtet, in denen sich jeweils circa 40 bis 110 Wohneinheiten befinden. Die Geb\u00e4ude im Effizienzhaus-55-Standard erhalten unterschiedliche Fassadenentw\u00fcrfe, in denen sich die st\u00e4dtebauliche Leitidee \u201eEinheit in Vielfalt\u201c konkretisiert \u2013 denn die Geb\u00e4udefamilien unterscheiden sich charmant voneinander und befinden sich gleicherma\u00dfen im Einklang. So entsteht ein harmonisches Ensemble ohne drastische visuelle Br\u00fcche.<\/p>\n<p style=\"text-align: justify;\">F\u00fcr eine besondere Aufenthaltsqualit\u00e4t in Verbindung mit einer naturnahen Atmosph\u00e4re sorgen neben der abgestimmten Anordnung der Bauk\u00f6rper besonders die gro\u00dfz\u00fcgigen Gr\u00fcnfl\u00e4chen mit ihrer vielf\u00e4ltigen Pflanzenauswahl. Generell wurde darauf geachtet, m\u00f6glichst wenig Fl\u00e4che zu versiegeln. So entsteht ein Freiraum mit viel Gr\u00fcn, Pocket parks, Quartierspl\u00e4tzen, Spielfl\u00e4chen und G\u00e4rten, der die zuk\u00fcnftigen Bewohnerinnen und Bewohner zum Verweilen einl\u00e4dt.<\/p>\n<p style=\"text-align: justify;\">Mittlerweile wurden die \u201eVictoria G\u00e4rten\u201c komplett an institutionelle Anleger ver\u00e4u\u00dfert. Bei der Abwicklung und Strukturierung der Transaktionen wurde WHS vom Beratungsunternehmen JLL exklusiv beraten, die rechtliche Beratung f\u00fcr WHS erfolgte durch Arnecke Sibeth Dabelstein.<\/p>\n<p style=\"text-align: justify;\">Das Gesamtprojekt wurde in drei Tranchen ver\u00e4u\u00dfert. Der britische Verm\u00f6gensverwalter M&amp;G kaufte ein Paket mit 230 Wohnungen. Die Wertgrund aus M\u00fcnchen kaufte f\u00fcr zwei von ihr gemanagte Fonds 154 Wohnungen. Schroder Real Estate hat f\u00fcr das Family Office East Guardian das dritte Paket erworben. Es umfasst 113 Wohnungen. Schroder Real Estate fungierte als Investment Manager f\u00fcr die K\u00e4uferseite und wird auch k\u00fcnftig das Asset Management \u00fcbernehmen. Die \u00dcbergaben finden voraussichtlich von Ende 2022 bis Ende 2023 statt.<\/p>\n<p style=\"text-align: justify;\">Im Nordosten des Quartiers werden dar\u00fcber hinaus 40 Eigentumswohnungen unter dem Projektnamen\u00a0 \u201eTaunus Terrassen\u201c direkt von der WHS vermarktet. Der Vertriebsstart erfolgt in K\u00fcrze.<\/p>\n<hr \/>\n<p style=\"text-align: justify;\">\n","protected":false},"excerpt":{"rendered":"<p>Bad Homburg.| Die W\u00fcstenrot Haus- und St\u00e4dtebau GmbH (WHS) hat alle Baufelder des Gro\u00dfprojekts \u201eVictoria G\u00e4rten\u201c in Bad Homburg an drei Investoren verkauft. Insgesamt errichtet die WHS auf dem ehemaligen Du-Pont-Gel\u00e4nde mehr als 500 Wohnungen in 27 H\u00e4usern mit etwa 41.000 Quadratmetern Wohnfl\u00e4che sowie eine Kindertagesst\u00e4tte. Die ersten Bewohner ziehen voraussichtlich Ende 2022 ein. Die [&hellip;]<\/p>\n","protected":false},"author":4,"featured_media":0,"comment_status":"closed","ping_status":"open","sticky":false,"template":"","format":"standard","meta":{"inline_featured_image":false,"_exactmetrics_skip_tracking":false,"_exactmetrics_sitenote_active":false,"_exactmetrics_sitenote_note":"","_exactmetrics_sitenote_category":0,"footnotes":""},"categories":[479],"tags":[14857,5,6,68,9,2018,19],"class_list":{"0":"post-143353","1":"post","2":"type-post","3":"status-publish","4":"format-standard","6":"category-wirtschaft","7":"tag-die-webzeitung","8":"tag-internetzeitung","9":"tag-ludwigsburg","10":"tag-online-zeitung","11":"tag-schaumedia","12":"tag-whs","13":"tag-wustenrot"},"image_feature":null,"author_name":"Redaktion","pure_taxonomies":{"categories":[{"term_id":479,"name":"Wirtschaft","slug":"wirtschaft","term_group":0,"term_taxonomy_id":1941,"taxonomy":"category","description":"","parent":0,"count":282,"filter":"raw","image":""}],"tags":[{"term_id":14857,"name":"Die-Webzeitung","slug":"die-webzeitung","term_group":0,"term_taxonomy_id":14876,"taxonomy":"post_tag","description":"","parent":0,"count":3628,"filter":"raw","image":""},{"term_id":5,"name":"Internetzeitung","slug":"internetzeitung","term_group":0,"term_taxonomy_id":5,"taxonomy":"post_tag","description":"","parent":0,"count":1461,"filter":"raw","image":""},{"term_id":6,"name":"Ludwigsburg","slug":"ludwigsburg","term_group":0,"term_taxonomy_id":6,"taxonomy":"post_tag","description":"","parent":0,"count":180,"filter":"raw","image":""},{"term_id":68,"name":"Online-Zeitung","slug":"online-zeitung","term_group":0,"term_taxonomy_id":69,"taxonomy":"post_tag","description":"","parent":0,"count":3598,"filter":"raw","image":""},{"term_id":9,"name":"SchauMedia","slug":"schaumedia","term_group":0,"term_taxonomy_id":9,"taxonomy":"post_tag","description":"","parent":0,"count":1607,"filter":"raw","image":""},{"term_id":2018,"name":"WHS","slug":"whs","term_group":0,"term_taxonomy_id":2030,"taxonomy":"post_tag","description":"","parent":0,"count":24,"filter":"raw","image":""},{"term_id":19,"name":"W\u00fcstenrot","slug":"wustenrot","term_group":0,"term_taxonomy_id":19,"taxonomy":"post_tag","description":"","parent":0,"count":171,"filter":"raw","image":""}]},"_links":{"self":[{"href":"https:\/\/die-webzeitung.de\/stuttgart\/wp-json\/wp\/v2\/posts\/143353","targetHints":{"allow":["GET"]}}],"collection":[{"href":"https:\/\/die-webzeitung.de\/stuttgart\/wp-json\/wp\/v2\/posts"}],"about":[{"href":"https:\/\/die-webzeitung.de\/stuttgart\/wp-json\/wp\/v2\/types\/post"}],"author":[{"embeddable":true,"href":"https:\/\/die-webzeitung.de\/stuttgart\/wp-json\/wp\/v2\/users\/4"}],"replies":[{"embeddable":true,"href":"https:\/\/die-webzeitung.de\/stuttgart\/wp-json\/wp\/v2\/comments?post=143353"}],"version-history":[{"count":0,"href":"https:\/\/die-webzeitung.de\/stuttgart\/wp-json\/wp\/v2\/posts\/143353\/revisions"}],"wp:attachment":[{"href":"https:\/\/die-webzeitung.de\/stuttgart\/wp-json\/wp\/v2\/media?parent=143353"}],"wp:term":[{"taxonomy":"category","embeddable":true,"href":"https:\/\/die-webzeitung.de\/stuttgart\/wp-json\/wp\/v2\/categories?post=143353"},{"taxonomy":"post_tag","embeddable":true,"href":"https:\/\/die-webzeitung.de\/stuttgart\/wp-json\/wp\/v2\/tags?post=143353"}],"curies":[{"name":"wp","href":"https:\/\/api.w.org\/{rel}","templated":true}]}}